{"id":20867,"date":"2022-03-28T18:40:59","date_gmt":"2022-03-28T18:40:59","guid":{"rendered":"http:\/\/www.iceagetv.com\/radiosite\/?p=20867"},"modified":"2022-03-28T18:40:59","modified_gmt":"2022-03-28T18:40:59","slug":"lex-secretaire-detat-jean-vincent-place-soupconne-de-harcelement-sexuel-et-agression-sexuelle-a-ete-place-en-garde-en-vue-dans-le-cadre-dune-enquete-ouverte-apres-la-plain","status":"publish","type":"post","link":"https:\/\/www.iceagetv.com\/radiosite\/lex-secretaire-detat-jean-vincent-place-soupconne-de-harcelement-sexuel-et-agression-sexuelle-a-ete-place-en-garde-en-vue-dans-le-cadre-dune-enquete-ouverte-apres-la-plain\/","title":{"rendered":"L\u2019ex-secr\u00e9taire d\u2019Etat Jean-Vincent Plac\u00e9, soup\u00e7onn\u00e9 de harc\u00e8lement sexuel et agression sexuelle, a \u00e9t\u00e9 plac\u00e9 en garde en vue dans le cadre d\u2019une enqu\u00eate ouverte apr\u00e8s la plainte d\u2019une ex-collaboratrice"},"content":{"rendered":"\n<p>L\u2019ex-secr\u00e9taire d\u2019Etat \u00e9cologiste Jean-Vincent Plac\u00e9 \u00e9tait en garde en vue lundi, soup\u00e7onn\u00e9 de harc\u00e8lement sexuel et agression sexuelle, a-t-on appris de sources judiciaire et proche de l\u2019enqu\u00eate, confirmant une information du&nbsp;<a href=\"https:\/\/www.leparisien.fr\/faits-divers\/plaintes-pour-agressions-sexuelles-jean-vincent-place-en-garde-a-vue-28-03-2022-EXW4YMLJZZERDKPEMTDCWIR3OQ.php\" target=\"_blank\" rel=\"noreferrer noopener\">Parisien<\/a>. L\u2019ex-\u00e9lu \u00e9cologiste a \u00e9t\u00e9 plac\u00e9 en garde \u00e0 vue dans les locaux de Brigade de r\u00e9pression de la d\u00e9linquance contre la personne (BRDP), dans le cadre d\u2019une enqu\u00eate ouverte par le parquet de Paris, apr\u00e8s la plainte d\u2019une ex-collaboratrice.<\/p>\n\n\n\n<p>Cette derni\u00e8re avait d\u00e9pos\u00e9 plainte en novembre 2021, accusant Jean-Vincent Plac\u00e9 de faits de harc\u00e8lement sexuel entre 2012 et 2016. La plaignante, ainsi que d\u2019anciens collaborateurs d\u2019\u00e9lus \u00e9cologistes, ont depuis \u00e9t\u00e9 entendus par les enqu\u00eateurs, selon des sources proches du dossier. La collaboratrice l\u2019accusait notamment de lui avoir \u00ab touch\u00e9 les fesses \u00bb, en ao\u00fbt 2015 \u00e0 Lille, en marge du rassemblement estival d\u2019Europe Ecologie les Verts (EELV).<em>close<\/em><em>volume_off<\/em><\/p>\n\n\n\n<p>La seconde agression se serait produite mi-mai 2016 \u00e0 S\u00e9oul, lors d\u2019un d\u00e9placement officiel de Jean-Vincent Plac\u00e9 : dans une voiture, l\u2019ex-secr\u00e9taire d\u2019Etat de Fran\u00e7ois Hollande aurait \u00ab touch\u00e9 d\u00e9lib\u00e9r\u00e9ment la poitrine \u00bb de l&rsquo;ex-collaboratrice. Contact\u00e9 \u00e0 l\u2019\u00e9poque de l\u2019ouverture de l\u2019enqu\u00eate, Jean-Vincent Plac\u00e9 avait dit ne pas souhaiter \u00ab \u00e0 ce stade faire un quelconque commentaire \u00bb. \u00ab Je r\u00e9pondrai, bien entendu, \u00e0 toutes les questions qui viendraient \u00e0 m\u2019\u00eatre pos\u00e9es par les enqu\u00eateurs \u00bb, avait-il ajout\u00e9.<\/p>\n\n\n\n<p>En mars 2021, Jean-Vincent Plac\u00e9 a \u00e9t\u00e9 condamn\u00e9 \u00e0 une amende pour harc\u00e8lement sexuel sur une gendarme charg\u00e9e de sa s\u00e9curit\u00e9. En septembre 2018, il avait \u00e9t\u00e9 condamn\u00e9 \u00e0 trois mois de prison avec sursis et 1.000 euros d\u2019amende pour violences et outrages lors d\u2019une soir\u00e9e o\u00f9 il avait reconnu avoir \u00e9t\u00e9 \u00ab extr\u00eamement insistant \u00bb et \u00ab d\u00e9plac\u00e9 \u00bb avec une cliente.<\/p>\n","protected":false},"excerpt":{"rendered":"<p>L\u2019ex-secr\u00e9taire d\u2019Etat \u00e9cologiste Jean-Vincent Plac\u00e9 \u00e9tait en garde en vue lundi, soup\u00e7onn\u00e9 de harc\u00e8lement sexuel et agression sexuelle, a-t-on appris de sources judiciaire et proche de l\u2019enqu\u00eate, confirmant une information du&nbsp;Parisien. L\u2019ex-\u00e9lu \u00e9cologiste a \u00e9t\u00e9 plac\u00e9 en garde \u00e0 vue dans les locaux de Brigade de r\u00e9pression de la d\u00e9linquance contre la personne (BRDP), dans [&hellip;]<\/p>\n","protected":false},"author":2,"featured_media":20868,"comment_status":"open","ping_status":"open","sticky":false,"template":"","format":"standard","meta":{"_jetpack_memberships_contains_paid_content":false,"footnotes":"","jetpack_publicize_message":"","jetpack_publicize_feature_enabled":true,"jetpack_social_post_already_shared":true,"jetpack_social_options":{"image_generator_settings":{"template":"highway","default_image_id":0,"font":"","enabled":false},"version":2},"_wpas_customize_per_network":false},"categories":[405],"tags":[],"class_list":["post-20867","post","type-post","status-publish","format-standard","has-post-thumbnail","hentry","category-actu-france-monde"],"jetpack_publicize_connections":[],"jetpack_featured_media_url":"https:\/\/i0.wp.com\/www.iceagetv.com\/radiosite\/wp-content\/uploads\/2022\/03\/Lex-secretaire-dEtat-Jean-Vincent-Place.jpg?fit=679%2C293&ssl=1","jetpack_sharing_enabled":true,"_links":{"self":[{"href":"https:\/\/www.iceagetv.com\/radiosite\/wp-json\/wp\/v2\/posts\/20867","targetHints":{"allow":["GET"]}}],"collection":[{"href":"https:\/\/www.iceagetv.com\/radiosite\/wp-json\/wp\/v2\/posts"}],"about":[{"href":"https:\/\/www.iceagetv.com\/radiosite\/wp-json\/wp\/v2\/types\/post"}],"author":[{"embeddable":true,"href":"https:\/\/www.iceagetv.com\/radiosite\/wp-json\/wp\/v2\/users\/2"}],"replies":[{"embeddable":true,"href":"https:\/\/www.iceagetv.com\/radiosite\/wp-json\/wp\/v2\/comments?post=20867"}],"version-history":[{"count":1,"href":"https:\/\/www.iceagetv.com\/radiosite\/wp-json\/wp\/v2\/posts\/20867\/revisions"}],"predecessor-version":[{"id":20869,"href":"https:\/\/www.iceagetv.com\/radiosite\/wp-json\/wp\/v2\/posts\/20867\/revisions\/20869"}],"wp:featuredmedia":[{"embeddable":true,"href":"https:\/\/www.iceagetv.com\/radiosite\/wp-json\/wp\/v2\/media\/20868"}],"wp:attachment":[{"href":"https:\/\/www.iceagetv.com\/radiosite\/wp-json\/wp\/v2\/media?parent=20867"}],"wp:term":[{"taxonomy":"category","embeddable":true,"href":"https:\/\/www.iceagetv.com\/radiosite\/wp-json\/wp\/v2\/categories?post=20867"},{"taxonomy":"post_tag","embeddable":true,"href":"https:\/\/www.iceagetv.com\/radiosite\/wp-json\/wp\/v2\/tags?post=20867"}],"curies":[{"name":"wp","href":"https:\/\/api.w.org\/{rel}","templated":true}]}}