{"id":20936,"date":"2022-04-03T12:06:30","date_gmt":"2022-04-03T12:06:30","guid":{"rendered":"http:\/\/www.iceagetv.com\/radiosite\/?p=20936"},"modified":"2022-04-03T12:06:30","modified_gmt":"2022-04-03T12:06:30","slug":"nouvelle-vague-de-covid-le-pic-de-cas-positifs-atteint-quasiment-partout-en-europe","status":"publish","type":"post","link":"https:\/\/www.iceagetv.com\/radiosite\/nouvelle-vague-de-covid-le-pic-de-cas-positifs-atteint-quasiment-partout-en-europe\/","title":{"rendered":"Nouvelle vague de Covid : le pic de cas positifs atteint quasiment partout en Europe ?"},"content":{"rendered":"\n<p>Le d\u00e9but de la fin&nbsp;? Le rebond \u00e9pid\u00e9mique,&nbsp;<a href=\"https:\/\/www.leparisien.fr\/societe\/sante\/covid-19-france-allemagne-italie-le-rebond-epidemique-est-generalise-en-europe-de-louest-12-03-2022-VLG33A7C6VB4JFJXJ3CZ25POKM.php\" target=\"_blank\" rel=\"noreferrer noopener\">g\u00e9n\u00e9ralis\u00e9 en Europe de l\u2019Ouest depuis le d\u00e9but du mois de mars<\/a>, semble avoir d\u00e9pass\u00e9 ou atteint son plus haut niveau dans quasiment tous les pays. Le nombre de cas quotidiens de Covid diminue en Allemagne, en Suisse, en Autriche, en Italie\u2026 Il semble avoir atteint son pic en France et il continue de grimper en Belgique, mais de moins en moins rapidement.<\/p>\n\n\n\n<p>Cette reprise \u00e9pid\u00e9mique a \u00e9t\u00e9 port\u00e9e par le variant BA.2, qui appartient \u00e0 la famille Omicron. Ce sous-lignage est encore plus transmissible que son \u00ab&nbsp;cousin&nbsp;\u00bb BA.1, pr\u00e9dominant jusqu\u2019\u00e0 la fin f\u00e9vrier, mais&nbsp;<a href=\"https:\/\/www.leparisien.fr\/societe\/sante\/covid-19-ces-donnees-rassurantes-sur-le-risque-de-forme-grave-avec-ba2-le-sous-variant-domicron-27-02-2022-76ATWXI3QNDZVK7XASTLJ3UP5A.php\" target=\"_blank\" rel=\"noreferrer noopener\">il n\u2019entra\u00eene pas un risque plus \u00e9lev\u00e9 de forme grave<\/a>. Sa progression semble donc s\u2019essouffler. \u00ab&nbsp;Je ne suis pas tr\u00e8s inquiet concernant l\u2019impact qu\u2019aura BA.2, car il y a une immunit\u00e9 crois\u00e9e forte entre BA.1 et BA.2. Et quand on regarde la situation en Europe, aucun pays n\u2019a connu une explosion de la mortalit\u00e9&nbsp;\u00bb, observe le Pr Arnaud Fontanet, \u00e9pid\u00e9miologiste et membre du conseil scientifique.<\/p>\n\n\n\n<h2 class=\"wp-block-heading\">Masque toujours obligatoire en Italie<\/h2>\n\n\n\n<p>D\u2019apr\u00e8s les agences sanitaires britannique et danoise,&nbsp;<a href=\"https:\/\/www.leparisien.fr\/societe\/sante\/covid-19-peut-on-se-faire-infecter-deux-fois-par-omicron-en-quelques-semaines-30-03-2022-AGQAFUFLHFFI3LKMG5UKLH7GNU.php\" target=\"_blank\" rel=\"noreferrer noopener\">\u00eatre r\u00e9infect\u00e9 par BA.2 quelques semaines ou quelques mois apr\u00e8s avoir attrap\u00e9 Omicron (version BA.1) une premi\u00e8re fois<\/a>&nbsp;est possible, mais \u00ab&nbsp;rare&nbsp;\u00bb. Comme \u00e9norm\u00e9ment d\u2019habitants ont \u00e9t\u00e9 contamin\u00e9s lors de la premi\u00e8re vague Omicron au tout d\u00e9but de l\u2019ann\u00e9e, le \u00ab&nbsp;vivier&nbsp;\u00bb de personnes susceptibles d\u2019\u00eatre infect\u00e9es \u00e9tait assez r\u00e9duit.<\/p>\n","protected":false},"excerpt":{"rendered":"<p>Le d\u00e9but de la fin&nbsp;? Le rebond \u00e9pid\u00e9mique,&nbsp;g\u00e9n\u00e9ralis\u00e9 en Europe de l\u2019Ouest depuis le d\u00e9but du mois de mars, semble avoir d\u00e9pass\u00e9 ou atteint son plus haut niveau dans quasiment tous les pays. Le nombre de cas quotidiens de Covid diminue en Allemagne, en Suisse, en Autriche, en Italie\u2026 Il semble avoir atteint son pic [&hellip;]<\/p>\n","protected":false},"author":2,"featured_media":20937,"comment_status":"open","ping_status":"open","sticky":false,"template":"","format":"standard","meta":{"_jetpack_memberships_contains_paid_content":false,"footnotes":"","jetpack_publicize_message":"","jetpack_publicize_feature_enabled":true,"jetpack_social_post_already_shared":true,"jetpack_social_options":{"image_generator_settings":{"template":"highway","default_image_id":0,"font":"","enabled":false},"version":2},"_wpas_customize_per_network":false},"categories":[405],"tags":[],"class_list":["post-20936","post","type-post","status-publish","format-standard","has-post-thumbnail","hentry","category-actu-france-monde"],"jetpack_publicize_connections":[],"jetpack_featured_media_url":"https:\/\/i0.wp.com\/www.iceagetv.com\/radiosite\/wp-content\/uploads\/2022\/04\/QPD3FROEP5A5HNMTCAQKL7JGTM.jpg?fit=320%2C380&ssl=1","jetpack_sharing_enabled":true,"_links":{"self":[{"href":"https:\/\/www.iceagetv.com\/radiosite\/wp-json\/wp\/v2\/posts\/20936","targetHints":{"allow":["GET"]}}],"collection":[{"href":"https:\/\/www.iceagetv.com\/radiosite\/wp-json\/wp\/v2\/posts"}],"about":[{"href":"https:\/\/www.iceagetv.com\/radiosite\/wp-json\/wp\/v2\/types\/post"}],"author":[{"embeddable":true,"href":"https:\/\/www.iceagetv.com\/radiosite\/wp-json\/wp\/v2\/users\/2"}],"replies":[{"embeddable":true,"href":"https:\/\/www.iceagetv.com\/radiosite\/wp-json\/wp\/v2\/comments?post=20936"}],"version-history":[{"count":1,"href":"https:\/\/www.iceagetv.com\/radiosite\/wp-json\/wp\/v2\/posts\/20936\/revisions"}],"predecessor-version":[{"id":20938,"href":"https:\/\/www.iceagetv.com\/radiosite\/wp-json\/wp\/v2\/posts\/20936\/revisions\/20938"}],"wp:featuredmedia":[{"embeddable":true,"href":"https:\/\/www.iceagetv.com\/radiosite\/wp-json\/wp\/v2\/media\/20937"}],"wp:attachment":[{"href":"https:\/\/www.iceagetv.com\/radiosite\/wp-json\/wp\/v2\/media?parent=20936"}],"wp:term":[{"taxonomy":"category","embeddable":true,"href":"https:\/\/www.iceagetv.com\/radiosite\/wp-json\/wp\/v2\/categories?post=20936"},{"taxonomy":"post_tag","embeddable":true,"href":"https:\/\/www.iceagetv.com\/radiosite\/wp-json\/wp\/v2\/tags?post=20936"}],"curies":[{"name":"wp","href":"https:\/\/api.w.org\/{rel}","templated":true}]}}