{"id":20977,"date":"2022-04-05T17:09:00","date_gmt":"2022-04-05T17:09:00","guid":{"rendered":"http:\/\/www.iceagetv.com\/radiosite\/?p=20977"},"modified":"2022-04-05T17:09:00","modified_gmt":"2022-04-05T17:09:00","slug":"il-faut-retirer-a-la-russie-son-droit-de-veto-au-conseil-de-securite-de-lonu-reclame-le-president-ukrainien-volodymyr-zelensky","status":"publish","type":"post","link":"https:\/\/www.iceagetv.com\/radiosite\/il-faut-retirer-a-la-russie-son-droit-de-veto-au-conseil-de-securite-de-lonu-reclame-le-president-ukrainien-volodymyr-zelensky\/","title":{"rendered":"Il faut retirer \u00e0 la Russie son droit de veto\u00a0\u00bb au Conseil de s\u00e9curit\u00e9 de l&rsquo;ONU, r\u00e9clame le pr\u00e9sident ukrainien, Volodymyr Zelensky"},"content":{"rendered":"\n<p>Le pr\u00e9sident ukrainien a \u00e9galement r\u00e9clam\u00e9 mardi que la Russie soit \u00ab\u00a0tenue responsable\u00a0\u00bb pour \u00ab\u00a0les pires crimes de guerre\u00a0\u00bb depuis la Seconde Guerre mondiale, selon lui.&nbsp;<\/p>\n\n\n\n<p>Invit\u00e9 \u00e0 s&rsquo;exprim\u00e9 face au Conseil de s\u00e9curit\u00e9 de l&rsquo;ONU, mardi 5&nbsp;avril, Volodymyr Zelensky a d\u00e9nonc\u00e9 l&rsquo;inaction de l&rsquo;institution.&nbsp;<em>O\u00f9 est le Conseil de s\u00e9curit\u00e9&nbsp;? O\u00f9 est la paix au nom de laquelle a \u00e9t\u00e9 cr\u00e9\u00e9e l&rsquo;ONU&nbsp;? Cette organisation est cens\u00e9e assumer sa fonction&nbsp;: arr\u00eater les agresseurs, r\u00e9tablir la paix par la force\u00a0\u00bb<\/em>, a-t-il insist\u00e9.&nbsp;Le pr\u00e9sident ukrainien a notamment demand\u00e9 \u00e0 ce que le droit de veto de la Russie au Conseil de s\u00e9curit\u00e9 de l&rsquo;ONU lui soit retir\u00e9. Il&nbsp;a \u00e9galement r\u00e9clam\u00e9 que la Russie soit&nbsp;<em>\u00ab\u00a0tenue responsable\u00a0\u00bb<\/em>&nbsp;pour<em>&nbsp;\u00ab\u00a0les&nbsp;<a href=\"https:\/\/mobile.francetvinfo.fr\/monde\/europe\/manifestations-en-ukraine\/guerre-en-ukraine-les-habitants-de-boutcha-temoignent-des-scenes-d-atrocite-infligees-par-l-armee-russe_5063314.html\" target=\"_blank\" rel=\"noreferrer noopener\">pires crimes de guerre<\/a>\u00ab\u00a0<\/em>&nbsp;depuis la Seconde Guerre mondiale, selon lui. Suivez notre direct.&nbsp;<\/p>\n\n\n\n<p>&nbsp;<strong>Anthony&nbsp;Blinken d\u00e9nonce une \u00ab\u00a0campagne d\u00e9lib\u00e9r\u00e9e pour tuer, torturer, violer\u00a0\u00bb<\/strong>.&nbsp;<em>\u00ab\u00a0Ce que nous avons vu \u00e0 Boutcha n&rsquo;est pas l&rsquo;acte isol\u00e9 d&rsquo;une unit\u00e9 d\u00e9voy\u00e9e. C&rsquo;est une campagne d\u00e9lib\u00e9r\u00e9e pour tuer, torturer, violer, commettre des atrocit\u00e9s\u00a0\u00bb,<\/em>&nbsp;a d\u00e9clar\u00e9 le&nbsp;chef de la diplomatie am\u00e9ricaine.&nbsp;<\/p>\n\n\n\n<p>&nbsp;<strong>Le Pnat ouvre une enqu\u00eate pour \u00ab\u00a0crimes de guerre\u00a0\u00bb.<\/strong>&nbsp;Le Parquet national antiterroriste fran\u00e7ais (Pnat) annonce dans un communiqu\u00e9 avoir ouvert mardi trois enqu\u00eates contre X des chefs de \u00ab\u00a0crimes de guerre\u00a0\u00bb susceptibles d&rsquo;avoir \u00e9t\u00e9 commis contre des ressortissants fran\u00e7ais au cours des derni\u00e8res semaines en&nbsp;<a href=\"https:\/\/mobile.francetvinfo.fr\/monde\/europe\/manifestations-en-ukraine\/guerre-en-ukraine-leffroi-et-la-stupeur-apres-la-decouverte-de-corps-de-civils-a-boutcha_5063326.html\" target=\"_blank\" rel=\"noreferrer noopener\">Ukraine<\/a>.&nbsp;Ces enqu\u00eates concernent des faits susceptibles d&rsquo;avoir \u00e9t\u00e9 commis \u00e0 Marioupol entre le 25 f\u00e9vrier et le 16 mars, \u00e0 Hostomel entre le 1er et le 12 mars, et \u00e0 Tchernihiv depuis le 24 f\u00e9vrier.<\/p>\n\n\n\n<p>&nbsp;<strong>Moscou nie \u00ab\u00a0cat\u00e9goriquement\u00a0\u00bb ces accusations.&nbsp;<\/strong>La Russie va pr\u00e9senter lundi aux Nations unies des<em>&nbsp;\u00ab\u00a0documents\u00a0\u00bb<\/em>&nbsp;montrant, selon elle, la<em>&nbsp;\u00ab\u00a0vraie nature\u00a0\u00bb<\/em>&nbsp;des \u00e9v\u00e9nements&nbsp;\u00e0 Boutcha, a annonc\u00e9 son ministre des Affaires \u00e9trang\u00e8res,&nbsp;Sergue\u00ef Lavrov. Le Kremlin&nbsp;<a href=\"https:\/\/mobile.francetvinfo.fr\/monde\/europe\/manifestations-en-ukraine\/guerre-en-ukraine-ce-qu-il-faut-retenir-de-la-journee-du-lundi-4-avril_5062597.html\">d\u00e9ment toute implication dans ces massacres<\/a>, assurant que les images des charniers sont<em>&nbsp;\u00ab\u00a0fausses\u00a0\u00bb<\/em>.<\/p>\n\n\n\n<p><strong>Washington veut faire suspendre la Russie du Conseil des droits de l&rsquo;homme de l&rsquo;ONU<\/strong>, en r\u00e9ponse&nbsp;<em>\u00ab\u00a0aux images de Boutcha\u00a0\u00bb<\/em>.&nbsp;Un vote de l&rsquo;Assembl\u00e9e g\u00e9n\u00e9rale des Nations unies sur&nbsp;cette sanction pourrait intervenir d\u00e8s jeudi, selon les Etats-Unis.&nbsp;Moscou a qualifi\u00e9 cette d\u00e9marche d&rsquo;<em>\u00ab\u00a0incroyable\u00a0\u00bb<\/em>&nbsp;et a jug\u00e9 qu&rsquo;elle ne faciliterait pas les&nbsp;<em>\u00ab\u00a0pourparlers de paix\u00a0\u00bb<\/em>&nbsp;entre les Russes et les Ukrainiens.<\/p>\n\n\n\n<p><strong>Des dizaines de diplomates russes expuls\u00e9s.<\/strong>&nbsp;Les membres de l&rsquo;Union europ\u00e9enne et leurs alli\u00e9s veulent d\u00e9cider&nbsp;<em>\u00ab\u00a0cette semaine\u00a0\u00bb<\/em>&nbsp;de nouvelles sanctions \u00e9conomiques contre Moscou.&nbsp;Plusieurs Etats membres ont par ailleurs annonc\u00e9 l&rsquo;expulsion concert\u00e9e de dizaines de diplomates russes, une mesure qui va&nbsp;<em>\u00ab\u00a0d\u00e9t\u00e9riorer\u00a0\u00bb<\/em>&nbsp;les relations avec la Russie,&nbsp;a pr\u00e9venu&nbsp;le Kremlin.<\/p>\n","protected":false},"excerpt":{"rendered":"<p>Le pr\u00e9sident ukrainien a \u00e9galement r\u00e9clam\u00e9 mardi que la Russie soit \u00ab\u00a0tenue responsable\u00a0\u00bb pour \u00ab\u00a0les pires crimes de guerre\u00a0\u00bb depuis la Seconde Guerre mondiale, selon lui.&nbsp; Invit\u00e9 \u00e0 s&rsquo;exprim\u00e9 face au Conseil de s\u00e9curit\u00e9 de l&rsquo;ONU, mardi 5&nbsp;avril, Volodymyr Zelensky a d\u00e9nonc\u00e9 l&rsquo;inaction de l&rsquo;institution.&nbsp;O\u00f9 est le Conseil de s\u00e9curit\u00e9&nbsp;? O\u00f9 est la paix au [&hellip;]<\/p>\n","protected":false},"author":2,"featured_media":20978,"comment_status":"open","ping_status":"open","sticky":false,"template":"","format":"standard","meta":{"_jetpack_memberships_contains_paid_content":false,"footnotes":"","jetpack_publicize_message":"","jetpack_publicize_feature_enabled":true,"jetpack_social_post_already_shared":true,"jetpack_social_options":{"image_generator_settings":{"template":"highway","default_image_id":0,"font":"","enabled":false},"version":2},"_wpas_customize_per_network":false},"categories":[405],"tags":[],"class_list":["post-20977","post","type-post","status-publish","format-standard","has-post-thumbnail","hentry","category-actu-france-monde"],"jetpack_publicize_connections":[],"jetpack_featured_media_url":"https:\/\/i0.wp.com\/www.iceagetv.com\/radiosite\/wp-content\/uploads\/2022\/04\/27020653.jpg?fit=285%2C160&ssl=1","jetpack_sharing_enabled":true,"_links":{"self":[{"href":"https:\/\/www.iceagetv.com\/radiosite\/wp-json\/wp\/v2\/posts\/20977","targetHints":{"allow":["GET"]}}],"collection":[{"href":"https:\/\/www.iceagetv.com\/radiosite\/wp-json\/wp\/v2\/posts"}],"about":[{"href":"https:\/\/www.iceagetv.com\/radiosite\/wp-json\/wp\/v2\/types\/post"}],"author":[{"embeddable":true,"href":"https:\/\/www.iceagetv.com\/radiosite\/wp-json\/wp\/v2\/users\/2"}],"replies":[{"embeddable":true,"href":"https:\/\/www.iceagetv.com\/radiosite\/wp-json\/wp\/v2\/comments?post=20977"}],"version-history":[{"count":1,"href":"https:\/\/www.iceagetv.com\/radiosite\/wp-json\/wp\/v2\/posts\/20977\/revisions"}],"predecessor-version":[{"id":20979,"href":"https:\/\/www.iceagetv.com\/radiosite\/wp-json\/wp\/v2\/posts\/20977\/revisions\/20979"}],"wp:featuredmedia":[{"embeddable":true,"href":"https:\/\/www.iceagetv.com\/radiosite\/wp-json\/wp\/v2\/media\/20978"}],"wp:attachment":[{"href":"https:\/\/www.iceagetv.com\/radiosite\/wp-json\/wp\/v2\/media?parent=20977"}],"wp:term":[{"taxonomy":"category","embeddable":true,"href":"https:\/\/www.iceagetv.com\/radiosite\/wp-json\/wp\/v2\/categories?post=20977"},{"taxonomy":"post_tag","embeddable":true,"href":"https:\/\/www.iceagetv.com\/radiosite\/wp-json\/wp\/v2\/tags?post=20977"}],"curies":[{"name":"wp","href":"https:\/\/api.w.org\/{rel}","templated":true}]}}