{"id":21006,"date":"2022-04-07T07:37:08","date_gmt":"2022-04-07T07:37:08","guid":{"rendered":"http:\/\/www.iceagetv.com\/radiosite\/?p=21006"},"modified":"2022-04-07T07:37:08","modified_gmt":"2022-04-07T07:37:08","slug":"covid-19-la-quatrieme-dose-de-vaccin-desormais-ouverte-a-partir-60-ans-annonce-olivier-veran","status":"publish","type":"post","link":"https:\/\/www.iceagetv.com\/radiosite\/covid-19-la-quatrieme-dose-de-vaccin-desormais-ouverte-a-partir-60-ans-annonce-olivier-veran\/","title":{"rendered":"Covid-19 : la quatri\u00e8me dose de vaccin d\u00e9sormais ouverte \u00e0 partir 60 ans, annonce Olivier V\u00e9ran"},"content":{"rendered":"\n<p>Jusqu\u2019\u00e0 pr\u00e9sent, seuls les plus de 80 ans et les r\u00e9sidents d\u2019Ehpad \u00e9taient \u00e9ligibles \u00e0 la deuxi\u00e8me dose de rappel. Le ministre de la Sant\u00e9 annonce que ce seuil est d\u00e9sormais abaiss\u00e9 \u00e0 60 ans.Plusieurs millions d\u2019habitants invit\u00e9s \u00e0 tendre le bras une fois suppl\u00e9mentaire. D\u00e9j\u00e0\u00a0<a rel=\"noreferrer noopener\" href=\"https:\/\/www.leparisien.fr\/societe\/sante\/covid-19-la-quatrieme-dose-pour-les-plus-de-80-ans-et-les-immunodeprimes-ca-commence-lundi-12-03-2022-YHKGYALAVRHC5MQ7VXGTCFD3RE.php\" target=\"_blank\">ouverte aux plus de 80 ans et aux r\u00e9sidents d\u2019Ehpad<\/a>, la deuxi\u00e8me dose de rappel de vaccin contre le Covid-19 (souvent dite \u00ab quatri\u00e8me dose \u00bb) va d\u00e9sormais \u00eatre propos\u00e9e \u00e0 toute personne \u00e2g\u00e9e d\u2019au moins 60 ans, annonce ce jeudi matin sur RTL Olivier V\u00e9ran. Elle devra \u00eatre administr\u00e9e au moins six mois apr\u00e8s la derni\u00e8re injection re\u00e7ue, uniquement \u00ab si [la personne] le souhaite \u00bb, a-t-il pr\u00e9cis\u00e9. Le but est de faire remonter la protection vaccinale, qui diminue au fil des mois apr\u00e8s une premi\u00e8re dose de rappel chez les habitants les plus \u00e2g\u00e9s.<\/p>\n\n\n\n<p>Avec cette d\u00e9cision, le ministre de la Sant\u00e9 va plus loin que ce que pr\u00e9conisent les instances scientifiques. Dans&nbsp;<a href=\"https:\/\/www.ema.europa.eu\/en\/news\/ecdc-ema-issue-advice-fourth-doses-mrna-covid-19-vaccines\" target=\"_blank\" rel=\"noreferrer noopener\">un communiqu\u00e9 rendu public ce mercredi<\/a>, l\u2019Agence europ\u00e9enne des m\u00e9dicaments pointait l\u2019absence de \u00ab preuve claire que la protection vaccinale contre les formes graves diminuait consid\u00e9rablement chez les adultes ayant un syst\u00e8me immunitaire normal, \u00e2g\u00e9s de 60 \u00e0 79 ans, et donc de preuve claire pour soutenir l\u2019administration imm\u00e9diate d\u2019une quatri\u00e8me dose \u00bb.<\/p>\n\n\n\n<h2 class=\"wp-block-heading\">La HAS propose d\u00e8s 65 ans, sous conditions<\/h2>\n\n\n\n<p>Le 18 mars, la Haute Autorit\u00e9 de sant\u00e9&nbsp;<a href=\"https:\/\/www.leparisien.fr\/societe\/sante\/covid-19-la-has-recommande-une-deuxieme-dose-de-rappel-des-65-ans-pour-les-personnes-tres-a-risque-18-03-2022-ZG7UBYDNBZHTLHSSY5O5EC7QCM.php\" target=\"_blank\" rel=\"noreferrer noopener\">recommandait de son c\u00f4t\u00e9<\/a>&nbsp;une deuxi\u00e8me dose de rappel pour tous les plus de 80 ans, ainsi que pour les 65-79 ans volontaires et qui souffrent de pathologies les plus s\u00e9v\u00e8res (trisomie 21, handicaps graves,transplant\u00e9s ou insuffisants r\u00e9naux, etc.) ou d\u2019au moins trois comorbidit\u00e9s plus \u00ab classiques \u00bb (ob\u00e9sit\u00e9, diab\u00e8te, etc.). Olivier V\u00e9ran va donc plus loin, puisque aucune condition n\u2019est fix\u00e9e.<\/p>\n","protected":false},"excerpt":{"rendered":"<p>Jusqu\u2019\u00e0 pr\u00e9sent, seuls les plus de 80 ans et les r\u00e9sidents d\u2019Ehpad \u00e9taient \u00e9ligibles \u00e0 la deuxi\u00e8me dose de rappel. Le ministre de la Sant\u00e9 annonce que ce seuil est d\u00e9sormais abaiss\u00e9 \u00e0 60 ans.Plusieurs millions d\u2019habitants invit\u00e9s \u00e0 tendre le bras une fois suppl\u00e9mentaire. D\u00e9j\u00e0\u00a0ouverte aux plus de 80 ans et aux r\u00e9sidents d\u2019Ehpad, [&hellip;]<\/p>\n","protected":false},"author":2,"featured_media":21007,"comment_status":"open","ping_status":"open","sticky":false,"template":"","format":"standard","meta":{"_jetpack_memberships_contains_paid_content":false,"footnotes":"","jetpack_publicize_message":"","jetpack_publicize_feature_enabled":true,"jetpack_social_post_already_shared":true,"jetpack_social_options":{"image_generator_settings":{"template":"highway","default_image_id":0,"font":"","enabled":false},"version":2},"_wpas_customize_per_network":false},"categories":[405],"tags":[],"class_list":["post-21006","post","type-post","status-publish","format-standard","has-post-thumbnail","hentry","category-actu-france-monde"],"jetpack_publicize_connections":[],"jetpack_featured_media_url":"https:\/\/i0.wp.com\/www.iceagetv.com\/radiosite\/wp-content\/uploads\/2022\/04\/KOHWJRTMEBERNOROTHFQRIYEXY.jpg?fit=932%2C582&ssl=1","jetpack_sharing_enabled":true,"_links":{"self":[{"href":"https:\/\/www.iceagetv.com\/radiosite\/wp-json\/wp\/v2\/posts\/21006","targetHints":{"allow":["GET"]}}],"collection":[{"href":"https:\/\/www.iceagetv.com\/radiosite\/wp-json\/wp\/v2\/posts"}],"about":[{"href":"https:\/\/www.iceagetv.com\/radiosite\/wp-json\/wp\/v2\/types\/post"}],"author":[{"embeddable":true,"href":"https:\/\/www.iceagetv.com\/radiosite\/wp-json\/wp\/v2\/users\/2"}],"replies":[{"embeddable":true,"href":"https:\/\/www.iceagetv.com\/radiosite\/wp-json\/wp\/v2\/comments?post=21006"}],"version-history":[{"count":1,"href":"https:\/\/www.iceagetv.com\/radiosite\/wp-json\/wp\/v2\/posts\/21006\/revisions"}],"predecessor-version":[{"id":21008,"href":"https:\/\/www.iceagetv.com\/radiosite\/wp-json\/wp\/v2\/posts\/21006\/revisions\/21008"}],"wp:featuredmedia":[{"embeddable":true,"href":"https:\/\/www.iceagetv.com\/radiosite\/wp-json\/wp\/v2\/media\/21007"}],"wp:attachment":[{"href":"https:\/\/www.iceagetv.com\/radiosite\/wp-json\/wp\/v2\/media?parent=21006"}],"wp:term":[{"taxonomy":"category","embeddable":true,"href":"https:\/\/www.iceagetv.com\/radiosite\/wp-json\/wp\/v2\/categories?post=21006"},{"taxonomy":"post_tag","embeddable":true,"href":"https:\/\/www.iceagetv.com\/radiosite\/wp-json\/wp\/v2\/tags?post=21006"}],"curies":[{"name":"wp","href":"https:\/\/api.w.org\/{rel}","templated":true}]}}