{"id":21050,"date":"2022-04-11T16:46:33","date_gmt":"2022-04-11T16:46:33","guid":{"rendered":"http:\/\/www.iceagetv.com\/radiosite\/?p=21050"},"modified":"2022-04-11T16:46:33","modified_gmt":"2022-04-11T16:46:33","slug":"la-permanence-deurope-ecologie-les-verts-eelv-a-nantes-degradee-par-des-jets-de-projectiles-et-taguee-du-mot-traitres-une-plainte-deposee-contre-x","status":"publish","type":"post","link":"https:\/\/www.iceagetv.com\/radiosite\/la-permanence-deurope-ecologie-les-verts-eelv-a-nantes-degradee-par-des-jets-de-projectiles-et-taguee-du-mot-traitres-une-plainte-deposee-contre-x\/","title":{"rendered":"La permanence d&rsquo;Europe Ecologie les Verts (EELV) \u00e0 Nantes d\u00e9grad\u00e9e par des jets de projectiles et tagu\u00e9e du mot \u00ab\u00a0tra\u00eetres\u00a0\u00bb &#8211; Une plainte d\u00e9pos\u00e9e contre X"},"content":{"rendered":"\n<p>La permanence d&rsquo;Europe Ecologie les Verts (EELV) \u00e0 Nantes a \u00e9t\u00e9 d\u00e9grad\u00e9e par des jets de projectiles et tagu\u00e9e du mot \u00ab\u00a0tra\u00eetres\u00a0\u00bb, a constat\u00e9 une journaliste de l&rsquo;AFP.&nbsp;\u00ab\u00a0Ces agissements ont vraisemblablement eu lieu pendant la soir\u00e9e \u00e9lectorale du premier tour de la pr\u00e9sidentielle. Ils sont d&rsquo;autant plus condamnables\u00a0\u00bb, a r\u00e9agi EELV Pays de la Loire dans un communiqu\u00e9.<\/p>\n\n\n\n<p>Le mot \u00ab\u00a0tra\u00eetres\u00a0\u00bb a \u00e9t\u00e9 trac\u00e9 \u00e0 la peinture bleue fonc\u00e9e sur la porte vitr\u00e9e de la permanence. La vitrine a \u00e9t\u00e9 bris\u00e9e \u00e0 l&rsquo;endroit o\u00f9 \u00e9tait accroch\u00e9e une affiche \u00e9lectorale. Les bris de verre masquaient\u00a0le visage du candidat, Yannick Jadot.\u00a0\u00ab\u00a0EELV condamne avec vigueur cette attaque l\u00e2che et stupide, et a d\u00e9pos\u00e9 plainte contre X\u00a0\u00bb, a fait savoir le parti.\u00a0<\/p>\n\n\n\n<p>Dimanche, le candidat \u00e9cologiste est arriv\u00e9 troisi\u00e8me \u00e0 Nantes au premier tour de l&rsquo;\u00e9lection pr\u00e9sidentielle, loin derri\u00e8re Jean-Luc M\u00e9lenchon et Emmanuel Macron.<\/p>\n\n\n\n<p>Au niveau national, Yannick Jadot s&rsquo;est class\u00e9 sixi\u00e8me avec 4,6% des voix. Il a appel\u00e9 dans la soir\u00e9e \u00e0 voter Emmanuel Macron au second tour pour&nbsp;\u00ab\u00a0faire barrage \u00e0 l&rsquo;extr\u00eame droite\u00a0\u00bb.&nbsp;<\/p>\n","protected":false},"excerpt":{"rendered":"<p>La permanence d&rsquo;Europe Ecologie les Verts (EELV) \u00e0 Nantes a \u00e9t\u00e9 d\u00e9grad\u00e9e par des jets de projectiles et tagu\u00e9e du mot \u00ab\u00a0tra\u00eetres\u00a0\u00bb, a constat\u00e9 une journaliste de l&rsquo;AFP.&nbsp;\u00ab\u00a0Ces agissements ont vraisemblablement eu lieu pendant la soir\u00e9e \u00e9lectorale du premier tour de la pr\u00e9sidentielle. Ils sont d&rsquo;autant plus condamnables\u00a0\u00bb, a r\u00e9agi EELV Pays de la Loire [&hellip;]<\/p>\n","protected":false},"author":2,"featured_media":21051,"comment_status":"open","ping_status":"open","sticky":false,"template":"","format":"standard","meta":{"_jetpack_memberships_contains_paid_content":false,"footnotes":"","jetpack_publicize_message":"","jetpack_publicize_feature_enabled":true,"jetpack_social_post_already_shared":true,"jetpack_social_options":{"image_generator_settings":{"template":"highway","default_image_id":0,"font":"","enabled":false},"version":2},"_wpas_customize_per_network":false},"categories":[405],"tags":[],"class_list":["post-21050","post","type-post","status-publish","format-standard","has-post-thumbnail","hentry","category-actu-france-monde"],"jetpack_publicize_connections":[],"jetpack_featured_media_url":"https:\/\/i0.wp.com\/www.iceagetv.com\/radiosite\/wp-content\/uploads\/2022\/04\/La-permanence-dEurope-Ecologie-les-Verts.jpg?fit=679%2C293&ssl=1","jetpack_sharing_enabled":true,"_links":{"self":[{"href":"https:\/\/www.iceagetv.com\/radiosite\/wp-json\/wp\/v2\/posts\/21050","targetHints":{"allow":["GET"]}}],"collection":[{"href":"https:\/\/www.iceagetv.com\/radiosite\/wp-json\/wp\/v2\/posts"}],"about":[{"href":"https:\/\/www.iceagetv.com\/radiosite\/wp-json\/wp\/v2\/types\/post"}],"author":[{"embeddable":true,"href":"https:\/\/www.iceagetv.com\/radiosite\/wp-json\/wp\/v2\/users\/2"}],"replies":[{"embeddable":true,"href":"https:\/\/www.iceagetv.com\/radiosite\/wp-json\/wp\/v2\/comments?post=21050"}],"version-history":[{"count":1,"href":"https:\/\/www.iceagetv.com\/radiosite\/wp-json\/wp\/v2\/posts\/21050\/revisions"}],"predecessor-version":[{"id":21052,"href":"https:\/\/www.iceagetv.com\/radiosite\/wp-json\/wp\/v2\/posts\/21050\/revisions\/21052"}],"wp:featuredmedia":[{"embeddable":true,"href":"https:\/\/www.iceagetv.com\/radiosite\/wp-json\/wp\/v2\/media\/21051"}],"wp:attachment":[{"href":"https:\/\/www.iceagetv.com\/radiosite\/wp-json\/wp\/v2\/media?parent=21050"}],"wp:term":[{"taxonomy":"category","embeddable":true,"href":"https:\/\/www.iceagetv.com\/radiosite\/wp-json\/wp\/v2\/categories?post=21050"},{"taxonomy":"post_tag","embeddable":true,"href":"https:\/\/www.iceagetv.com\/radiosite\/wp-json\/wp\/v2\/tags?post=21050"}],"curies":[{"name":"wp","href":"https:\/\/api.w.org\/{rel}","templated":true}]}}