{"id":21082,"date":"2022-04-14T07:05:05","date_gmt":"2022-04-14T07:05:05","guid":{"rendered":"http:\/\/www.iceagetv.com\/radiosite\/?p=21082"},"modified":"2022-04-14T07:05:05","modified_gmt":"2022-04-14T07:05:05","slug":"les-chaines-ont-finalement-accepte-que-anne-sophie-lapix-soit-ecartee-par-emmanuel-macron-et-marine-le-pen-de-la-presentation-du-debat-entre-les-2-tours-elle-sera-remplacee-par-lea-salame-voici-po","status":"publish","type":"post","link":"https:\/\/www.iceagetv.com\/radiosite\/les-chaines-ont-finalement-accepte-que-anne-sophie-lapix-soit-ecartee-par-emmanuel-macron-et-marine-le-pen-de-la-presentation-du-debat-entre-les-2-tours-elle-sera-remplacee-par-lea-salame-voici-po\/","title":{"rendered":"Les cha\u00eenes ont finalement accept\u00e9 que Anne-Sophie Lapix soit \u00e9cart\u00e9e par Emmanuel Macron et Marine Le Pen de la pr\u00e9sentation du d\u00e9bat entre les 2 tours : Elle sera remplac\u00e9e par L\u00e9a Salam\u00e9 &#8211; Voici pourquoi"},"content":{"rendered":"\n<p>C&rsquo;est donc officiel, la pr\u00e9sentatrice du journal de 20h de France n&rsquo;aura pas le droit d&rsquo;animer le d\u00e9bat de l&rsquo;entre deux tour qui sera confi\u00e9 \u00e0 Gilles Bouleau et \u00e0 L\u00e9a Salam\u00e9. Le nom d&rsquo;Anne-Sophie Lapix a en effet \u00e9t\u00e9 rejet\u00e9 \u00e0 la fois par les \u00e9quipes de Marine Le Pen et par celles d&rsquo;Emmanuel Macron pour animer le d\u00e9bat.<\/p>\n\n\n\n<p>Jordan Bardella, pr\u00e9sident par int\u00e9rim du Rassemblement National, a reconnu que Marine Le Pen avait refus\u00e9 la pr\u00e9sence d&rsquo;Anne-Sophie Lapix lors de ce d\u00e9bat. \u00ab\u00a0Elle n&rsquo;arrive pas \u00e0 dissimuler son hostilit\u00e9 vis-\u00e0-vis de Marine Le Pen \u00e0 chaque fois qu&rsquo;elle la re\u00e7oit\u00a0\u00bb, a-t-il expliqu\u00e9 lundi sur CNews.<\/p>\n\n\n\n<p>Les deux finalistes ont imm\u00e9diatement rejet\u00e9 le nom de la titulaire du 20 heures de France 2&Prime;, a r\u00e9v\u00e9l\u00e9 Quotidien sur TMC. Et l&rsquo;un des proches d&rsquo;Anne-Sophie Lapix de l\u00e2cher : \u00ab\u00a0C\u2019est injuste et excessif. On lui reproche quoi ? D\u2019\u00eatre trop mordante. Elle fait juste son m\u00e9tier !\u00a0\u00bb<\/p>\n\n\n\n<p>De son c\u00f4t\u00e9, le journaliste politique Alain Duhamel a r\u00e9agit dans une interview accord\u00e9e au Buzz TV de TV Magazine ce mercredi : \u00ab\u00a0\u00c7a ne m&rsquo;\u00e9tonne pas, cela a toujours \u00e9t\u00e9 comme \u00e7a. En fait, les candidats ne choisissent pas des partisans mais des gens dont ils pensent que leur neutralit\u00e9 sera solide. Quand il s\u2019agit d\u2019un d\u00e9bat d\u2019entre-deux-tours, qu\u2019ils aient envie de ne pas avoir en face d\u2019eux quelqu\u2019un qu\u2019ils consid\u00e8rent, \u00e0 tort ou \u00e0 raison, comme hostiles, honn\u00eatement \u00e7a se comprend. Dans l\u2019id\u00e9al, ce serait mieux que chaque cha\u00eene choisisse l\u2019animateur. Mais l\u2019id\u00e9al et l\u2019information ne sont pas totalement synonymes.\u00a0\u00bb<\/p>\n\n\n\n<p>Nos confr\u00e8res du&nbsp;<a href=\"https:\/\/www.huffingtonpost.fr\/entry\/avant-anne-sophie-lapix-le-rn-avait-deja-ecarte-du-debat-de-2017-une-journaliste_fr_6256e46ae4b0723f80140ff7\" target=\"_blank\" rel=\"noreferrer noopener\">Huffington Post<\/a>&nbsp;rappelle que, lors de la pr\u00e9c\u00e9dente \u00e9lection pr\u00e9sidentielle, c&rsquo;est Anne-Claire Coudray qui avait \u00e9t\u00e9 \u00e9cart\u00e9e \u00e0 la demande, \u00e0 l&rsquo;\u00e9poque du Rassemblement Nationale. \u00c0 l\u2019origine, TF1 et France 2 avaient en effet d\u00e9sign\u00e9 le duo Gilles Bouleau-David Pujadas pour animer la confrontation d\u2019id\u00e9es entre Emmanuel Macron et Marine Le Pen. Mais dans le souci d\u2019avoir une animation paritaire, le candidat LREM avait r\u00e9clam\u00e9 qu\u2019une femme soit \u00e9galement \u00e0 l\u2019animation du d\u00e9bat.<\/p>\n\n\n\n<p>Anne-Claire Coudray avait alors \u00e9t\u00e9 pressentie pour remplacer Gilles Bouleau. \u201cC\u2019est hors de question! Tout mais pas elle\u201d, s\u2019\u00e9tait alors ainsi indign\u00e9 Florian Philippot, vice-pr\u00e9sident du FN, qui estimait que son parti souffrait d\u2019un traitement in\u00e9gal des m\u00e9dias par rapport aux autres.<\/p>\n\n\n\n<p>Les deux cha\u00eenes et le CSA s\u2019\u00e9taient alors pli\u00e9s \u00e0 cette exigence.<\/p>\n\n\n\n<p>Interrog\u00e9e sur Franceinfo en mars 2017, Marine Le Pen accusait Anne-Claire Coudray de \u201cmanger des yeux\u201d Emmanuel Macron \u201cen lui disant \u2018qu\u2019est ce que vous \u00eates bon en \u00e9conomie\u2019\u201d, en r\u00e9f\u00e9rence au passage de ce dernier sur TF1.<\/p>\n","protected":false},"excerpt":{"rendered":"<p>C&rsquo;est donc officiel, la pr\u00e9sentatrice du journal de 20h de France n&rsquo;aura pas le droit d&rsquo;animer le d\u00e9bat de l&rsquo;entre deux tour qui sera confi\u00e9 \u00e0 Gilles Bouleau et \u00e0 L\u00e9a Salam\u00e9. Le nom d&rsquo;Anne-Sophie Lapix a en effet \u00e9t\u00e9 rejet\u00e9 \u00e0 la fois par les \u00e9quipes de Marine Le Pen et par celles d&rsquo;Emmanuel [&hellip;]<\/p>\n","protected":false},"author":2,"featured_media":21083,"comment_status":"open","ping_status":"open","sticky":false,"template":"","format":"standard","meta":{"_jetpack_memberships_contains_paid_content":false,"footnotes":"","jetpack_publicize_message":"","jetpack_publicize_feature_enabled":true,"jetpack_social_post_already_shared":true,"jetpack_social_options":{"image_generator_settings":{"template":"highway","default_image_id":0,"font":"","enabled":false},"version":2},"_wpas_customize_per_network":false},"categories":[68],"tags":[],"class_list":["post-21082","post","type-post","status-publish","format-standard","has-post-thumbnail","hentry","category-actu-culturelle"],"jetpack_publicize_connections":[],"jetpack_featured_media_url":"https:\/\/i0.wp.com\/www.iceagetv.com\/radiosite\/wp-content\/uploads\/2022\/04\/Les-chaines-ont-finalement-accepte-que-Anne-Sophie-Lapix.jpg?fit=679%2C293&ssl=1","jetpack_sharing_enabled":true,"_links":{"self":[{"href":"https:\/\/www.iceagetv.com\/radiosite\/wp-json\/wp\/v2\/posts\/21082","targetHints":{"allow":["GET"]}}],"collection":[{"href":"https:\/\/www.iceagetv.com\/radiosite\/wp-json\/wp\/v2\/posts"}],"about":[{"href":"https:\/\/www.iceagetv.com\/radiosite\/wp-json\/wp\/v2\/types\/post"}],"author":[{"embeddable":true,"href":"https:\/\/www.iceagetv.com\/radiosite\/wp-json\/wp\/v2\/users\/2"}],"replies":[{"embeddable":true,"href":"https:\/\/www.iceagetv.com\/radiosite\/wp-json\/wp\/v2\/comments?post=21082"}],"version-history":[{"count":1,"href":"https:\/\/www.iceagetv.com\/radiosite\/wp-json\/wp\/v2\/posts\/21082\/revisions"}],"predecessor-version":[{"id":21084,"href":"https:\/\/www.iceagetv.com\/radiosite\/wp-json\/wp\/v2\/posts\/21082\/revisions\/21084"}],"wp:featuredmedia":[{"embeddable":true,"href":"https:\/\/www.iceagetv.com\/radiosite\/wp-json\/wp\/v2\/media\/21083"}],"wp:attachment":[{"href":"https:\/\/www.iceagetv.com\/radiosite\/wp-json\/wp\/v2\/media?parent=21082"}],"wp:term":[{"taxonomy":"category","embeddable":true,"href":"https:\/\/www.iceagetv.com\/radiosite\/wp-json\/wp\/v2\/categories?post=21082"},{"taxonomy":"post_tag","embeddable":true,"href":"https:\/\/www.iceagetv.com\/radiosite\/wp-json\/wp\/v2\/tags?post=21082"}],"curies":[{"name":"wp","href":"https:\/\/api.w.org\/{rel}","templated":true}]}}