{"id":21088,"date":"2022-04-15T09:47:36","date_gmt":"2022-04-15T09:47:36","guid":{"rendered":"http:\/\/www.iceagetv.com\/radiosite\/?p=21088"},"modified":"2022-04-15T09:47:36","modified_gmt":"2022-04-15T09:47:36","slug":"mort-de-jeremie-cohen-deux-hommes-ont-ete-mis-en-examen-et-places-en-detention-provisoire-annonce-le-parquet-de-bobigny","status":"publish","type":"post","link":"https:\/\/www.iceagetv.com\/radiosite\/mort-de-jeremie-cohen-deux-hommes-ont-ete-mis-en-examen-et-places-en-detention-provisoire-annonce-le-parquet-de-bobigny\/","title":{"rendered":"Mort de J\u00e9r\u00e9mie Cohen : Deux hommes ont \u00e9t\u00e9 mis en examen et plac\u00e9s en d\u00e9tention provisoire, annonce le parquet de Bobigny"},"content":{"rendered":"\n<p>Deux jeunes hommes ont \u00e9t\u00e9 mis en examen et \u00e9crou\u00e9s apr\u00e8s la mort de Jeremie Cohen, mortellement percut\u00e9 en f\u00e9vrier par un tramway apr\u00e8s avoir \u00e9t\u00e9 frapp\u00e9, a annonc\u00e9 vendredi le parquet de Bobigny. Les mis en cause, \u00e2g\u00e9s de 27 et 23 ans, ont \u00e9t\u00e9 mis en examen du chef de \u00ab&nbsp;violences volontaires en r\u00e9union&nbsp;\u00bb pour l\u2019un et \u00ab&nbsp;violences volontaires ayant entra\u00een\u00e9 la mort sans intention de la donner&nbsp;\u00bb pour le second, a pr\u00e9cis\u00e9 le procureur de Bobigny Eric Mathais. Les deux hommes s\u2019\u00e9taient pr\u00e9sent\u00e9s spontan\u00e9ment \u00e0 la police mardi et avaient \u00e9t\u00e9 plac\u00e9s en garde \u00e0 vue.<\/p>\n\n\n\n<p>Les d\u00e9clarations des deux suspects devant les enqu\u00eateurs, notamment sur la \u00ab&nbsp;chronologie des \u00e9v\u00e9nements&nbsp;\u00bb, sugg\u00e8rent que \u00ab&nbsp;les violences seraient \u00e0 mettre en lien avec le comportement de la victime, auquel ils auraient r\u00e9agi en lui portant des coups&nbsp;\u00bb, a pr\u00e9cis\u00e9 le parquet, sans donner plus de d\u00e9tails. A ce stade des investigations, \u00ab&nbsp;il n\u2019existe toujours aucun \u00e9l\u00e9ment objectif permettant de caract\u00e9riser un motif discriminatoire, en particulier antis\u00e9mite, \u00e0 l\u2019origine des violences&nbsp;\u00bb, a r\u00e9p\u00e9t\u00e9 M. Mathais. Le mercredi 16 f\u00e9vrier vers 20h00, Jeremie Cohen, 31 ans et porteur d\u2019un handicap l\u00e9ger, traversait les voies ferr\u00e9es quand il a \u00e9t\u00e9 percut\u00e9 par le tramway \u00e0 Bobigny (Seine-Saint-Denis), juste apr\u00e8s avoir \u00e9t\u00e9 frapp\u00e9 par des jeunes. En arr\u00eat cardio-respiratoire et victime d\u2019un traumatisme cr\u00e2nien, il est d\u00e9c\u00e9d\u00e9 \u00e0 l\u2019h\u00f4pital quelques heures apr\u00e8s.<em>close<\/em><em>volume_off<\/em>javascript:false&nbsp;<\/p>\n\n\n\n<p>Quelques jours avant le premier tour de l\u2019\u00e9lection pr\u00e9sidentielle, l\u2019affaire avait pris une dimension politique lorsque le candidat d\u2019extr\u00eame droite Eric Zemmour s\u2019\u00e9tait publiquement demand\u00e9 si Jeremie Cohen \u00e9tait \u00ab&nbsp;mort parce que juif&nbsp;\u00bb. Sa rivale d\u2019extr\u00eame droite Marine Le Pen (RN) lui avait embo\u00eet\u00e9 le pas en \u00e9voquant un \u00ab&nbsp;acte criminel&nbsp;\u00bb qui \u00ab&nbsp;pourrait \u00eatre un meurtre antis\u00e9mite&nbsp;\u00bb.<\/p>\n\n\n\n<p>Ce drame a fait r\u00e9agir jusqu\u2019\u00e0 l\u2019Elys\u00e9e: le pr\u00e9sident et candidat Emmanuel Macron avait demand\u00e9 une \u00ab&nbsp;clart\u00e9 compl\u00e8te&nbsp;\u00bb sur cette affaire qui, avait-il ajout\u00e9, ne doit pas donner lieu \u00e0 des \u00ab&nbsp;manipulations politiques&nbsp;\u00bb. La famille du jeune homme a elle aussi appel\u00e9 \u00e0 \u00ab&nbsp;rester prudent&nbsp;\u00bb face aux affirmations d\u2019un mobile antis\u00e9mite, lors d\u2019une conf\u00e9rence de presse la semaine derni\u00e8re. L\u2019enqu\u00eate, qui se poursuit sous l\u2019\u00e9gide d\u2019un juge d\u2019instruction, est men\u00e9e par les enqu\u00eateurs de la police judiciaire du d\u00e9partement.<\/p>\n","protected":false},"excerpt":{"rendered":"<p>Deux jeunes hommes ont \u00e9t\u00e9 mis en examen et \u00e9crou\u00e9s apr\u00e8s la mort de Jeremie Cohen, mortellement percut\u00e9 en f\u00e9vrier par un tramway apr\u00e8s avoir \u00e9t\u00e9 frapp\u00e9, a annonc\u00e9 vendredi le parquet de Bobigny. Les mis en cause, \u00e2g\u00e9s de 27 et 23 ans, ont \u00e9t\u00e9 mis en examen du chef de \u00ab&nbsp;violences volontaires en [&hellip;]<\/p>\n","protected":false},"author":2,"featured_media":21089,"comment_status":"open","ping_status":"open","sticky":false,"template":"","format":"standard","meta":{"_jetpack_memberships_contains_paid_content":false,"footnotes":"","jetpack_publicize_message":"","jetpack_publicize_feature_enabled":true,"jetpack_social_post_already_shared":true,"jetpack_social_options":{"image_generator_settings":{"template":"highway","default_image_id":0,"font":"","enabled":false},"version":2},"_wpas_customize_per_network":false},"categories":[405],"tags":[],"class_list":["post-21088","post","type-post","status-publish","format-standard","has-post-thumbnail","hentry","category-actu-france-monde"],"jetpack_publicize_connections":[],"jetpack_featured_media_url":"https:\/\/i0.wp.com\/www.iceagetv.com\/radiosite\/wp-content\/uploads\/2022\/04\/Mort-de-Jeremie-Cohen.jpg?fit=679%2C293&ssl=1","jetpack_sharing_enabled":true,"_links":{"self":[{"href":"https:\/\/www.iceagetv.com\/radiosite\/wp-json\/wp\/v2\/posts\/21088","targetHints":{"allow":["GET"]}}],"collection":[{"href":"https:\/\/www.iceagetv.com\/radiosite\/wp-json\/wp\/v2\/posts"}],"about":[{"href":"https:\/\/www.iceagetv.com\/radiosite\/wp-json\/wp\/v2\/types\/post"}],"author":[{"embeddable":true,"href":"https:\/\/www.iceagetv.com\/radiosite\/wp-json\/wp\/v2\/users\/2"}],"replies":[{"embeddable":true,"href":"https:\/\/www.iceagetv.com\/radiosite\/wp-json\/wp\/v2\/comments?post=21088"}],"version-history":[{"count":1,"href":"https:\/\/www.iceagetv.com\/radiosite\/wp-json\/wp\/v2\/posts\/21088\/revisions"}],"predecessor-version":[{"id":21090,"href":"https:\/\/www.iceagetv.com\/radiosite\/wp-json\/wp\/v2\/posts\/21088\/revisions\/21090"}],"wp:featuredmedia":[{"embeddable":true,"href":"https:\/\/www.iceagetv.com\/radiosite\/wp-json\/wp\/v2\/media\/21089"}],"wp:attachment":[{"href":"https:\/\/www.iceagetv.com\/radiosite\/wp-json\/wp\/v2\/media?parent=21088"}],"wp:term":[{"taxonomy":"category","embeddable":true,"href":"https:\/\/www.iceagetv.com\/radiosite\/wp-json\/wp\/v2\/categories?post=21088"},{"taxonomy":"post_tag","embeddable":true,"href":"https:\/\/www.iceagetv.com\/radiosite\/wp-json\/wp\/v2\/tags?post=21088"}],"curies":[{"name":"wp","href":"https:\/\/api.w.org\/{rel}","templated":true}]}}