{"id":21133,"date":"2022-04-19T18:43:24","date_gmt":"2022-04-19T18:43:24","guid":{"rendered":"http:\/\/www.iceagetv.com\/radiosite\/?p=21133"},"modified":"2022-04-19T18:43:24","modified_gmt":"2022-04-19T18:43:24","slug":"jean-luc-melenchon-demande-aux-francais-de-lelire-premier-ministre-de-marine-le-pen-ou-demmanuel-macron-en-lui-donnant-la-majorite-a-lassemblee-nationale-lors-du-troisieme-tour-de-lelecti","status":"publish","type":"post","link":"https:\/\/www.iceagetv.com\/radiosite\/jean-luc-melenchon-demande-aux-francais-de-lelire-premier-ministre-de-marine-le-pen-ou-demmanuel-macron-en-lui-donnant-la-majorite-a-lassemblee-nationale-lors-du-troisieme-tour-de-lelecti\/","title":{"rendered":"Jean-Luc M\u00e9lenchon demande aux Fran\u00e7ais de \u00ab\u00a0l&rsquo;\u00e9lire Premier Ministre\u00a0\u00bb de Marine Le Pen ou d&rsquo;Emmanuel Macron, en lui donnant la majorit\u00e9 \u00e0 l&rsquo;Assembl\u00e9e Nationale lors du troisi\u00e8me tour de l&rsquo;\u00e9lection\u00a0\u00bb"},"content":{"rendered":"\n<p>Jean-Luc M\u00e9lenchon demande aux Fran\u00e7ais de \u00ab\u00a0l&rsquo;\u00e9lire Premier Ministre en lui donnant la majorit\u00e9 \u00e0 l&rsquo;Assembl\u00e9e Nationale lors du troisi\u00e8me tour de l&rsquo;\u00e9lection\u00a0\u00bb dans une interview accord\u00e9e \u00e0 BFM TV ce soir :&nbsp;<strong>\u00ab\u00a0Je demande aux Fran\u00e7ais de m&rsquo;\u00e9lire Premier ministre&nbsp;en donnant une majorit\u00e9 aux&nbsp;d\u00e9put\u00e9s de l&rsquo;Union populaire aux l\u00e9gislatives.&nbsp;J&rsquo;appelle tous ceux qui veulent rejoindre l&rsquo;Union populaire \u00e0 nous rejoindre pour cette belle bataille.\u00a0\u00bb<\/strong><\/p>\n\n\n\n<p><strong>Jean-Luc M\u00e9lenchon se dit pr\u00eat \u00e0 \u00eatre le Premier Ministre de Marine Le Pen ou Emmanuel Macron de fa\u00e7on indiff\u00e9rente.<\/strong><em>close<\/em><em>volume_off<\/em>javascript:false&nbsp;<\/p>\n\n\n\n<p>&nbsp;Jean-Luc M\u00e9lenchon affirme qu&rsquo;il n&rsquo;a pas pour autant d\u00e9cid\u00e9 s&rsquo;il se pr\u00e9senterait lui-m\u00eame aux \u00e9lections l\u00e9gislatives, ou s&rsquo;il m\u00e8nerait la campagne de son camp sans briguer lui-m\u00eame un si\u00e8ge de d\u00e9put\u00e9. Il ne garantit pas non plus que, s&rsquo;il se pr\u00e9sentait, il le ferait dans la circonscription marseillaise dont il est actuellement l&rsquo;\u00e9lu:&nbsp;<strong>\u00ab\u00a0Il n\u2019y a pas besoin d\u2019\u00eatre \u00e9lu d\u00e9put\u00e9 pour \u00eatre premier ministre.&nbsp;Pour mener cette bataille, il faut mener la bataille partout. Il n\u2019y a pas besoin d\u2019\u00eatre d\u00e9put\u00e9 pour \u00eatre premier ministre.\u00a0\u00bb<\/strong><\/p>\n\n\n\n<p>Jean Luc M\u00e9lenchon a recueilli 21,95% des voix au premier tour de cette \u00e9lection, un score record pour le candidat de gauche qui avait obtenu 19,58% des scrutins exprim\u00e9s en 2017. Lors de la pr\u00e9c\u00e9dente \u00e9lection, le candidat avait tard\u00e9 \u00e0 prendre la parole, pr\u00e9f\u00e9rant attendre plut\u00f4t les r\u00e9sultats d\u00e9finitifs pour s&rsquo;exprimer. Une posture qui avait fait couler beaucoup d&rsquo;encre au sein de la gauche. \u00ab\u00a0L\u00e0 j&rsquo;ai la pratique qui me permet de me positionner dans les \u00e9v\u00e9nements de mani\u00e8re diff\u00e9rente\u00a0\u00bb, a-t-il conclu.<\/p>\n","protected":false},"excerpt":{"rendered":"<p>Jean-Luc M\u00e9lenchon demande aux Fran\u00e7ais de \u00ab\u00a0l&rsquo;\u00e9lire Premier Ministre en lui donnant la majorit\u00e9 \u00e0 l&rsquo;Assembl\u00e9e Nationale lors du troisi\u00e8me tour de l&rsquo;\u00e9lection\u00a0\u00bb dans une interview accord\u00e9e \u00e0 BFM TV ce soir :&nbsp;\u00ab\u00a0Je demande aux Fran\u00e7ais de m&rsquo;\u00e9lire Premier ministre&nbsp;en donnant une majorit\u00e9 aux&nbsp;d\u00e9put\u00e9s de l&rsquo;Union populaire aux l\u00e9gislatives.&nbsp;J&rsquo;appelle tous ceux qui veulent rejoindre l&rsquo;Union [&hellip;]<\/p>\n","protected":false},"author":2,"featured_media":21134,"comment_status":"open","ping_status":"open","sticky":false,"template":"","format":"standard","meta":{"_jetpack_memberships_contains_paid_content":false,"footnotes":"","jetpack_publicize_message":"","jetpack_publicize_feature_enabled":true,"jetpack_social_post_already_shared":true,"jetpack_social_options":{"image_generator_settings":{"template":"highway","default_image_id":0,"font":"","enabled":false},"version":2},"_wpas_customize_per_network":false},"categories":[405],"tags":[],"class_list":["post-21133","post","type-post","status-publish","format-standard","has-post-thumbnail","hentry","category-actu-france-monde"],"jetpack_publicize_connections":[],"jetpack_featured_media_url":"https:\/\/i0.wp.com\/www.iceagetv.com\/radiosite\/wp-content\/uploads\/2022\/04\/Jean-Luc-Melenchon-demande-aux-Francais-de-lelire-Premier-Ministre.jpg?fit=679%2C293&ssl=1","jetpack_sharing_enabled":true,"_links":{"self":[{"href":"https:\/\/www.iceagetv.com\/radiosite\/wp-json\/wp\/v2\/posts\/21133","targetHints":{"allow":["GET"]}}],"collection":[{"href":"https:\/\/www.iceagetv.com\/radiosite\/wp-json\/wp\/v2\/posts"}],"about":[{"href":"https:\/\/www.iceagetv.com\/radiosite\/wp-json\/wp\/v2\/types\/post"}],"author":[{"embeddable":true,"href":"https:\/\/www.iceagetv.com\/radiosite\/wp-json\/wp\/v2\/users\/2"}],"replies":[{"embeddable":true,"href":"https:\/\/www.iceagetv.com\/radiosite\/wp-json\/wp\/v2\/comments?post=21133"}],"version-history":[{"count":1,"href":"https:\/\/www.iceagetv.com\/radiosite\/wp-json\/wp\/v2\/posts\/21133\/revisions"}],"predecessor-version":[{"id":21135,"href":"https:\/\/www.iceagetv.com\/radiosite\/wp-json\/wp\/v2\/posts\/21133\/revisions\/21135"}],"wp:featuredmedia":[{"embeddable":true,"href":"https:\/\/www.iceagetv.com\/radiosite\/wp-json\/wp\/v2\/media\/21134"}],"wp:attachment":[{"href":"https:\/\/www.iceagetv.com\/radiosite\/wp-json\/wp\/v2\/media?parent=21133"}],"wp:term":[{"taxonomy":"category","embeddable":true,"href":"https:\/\/www.iceagetv.com\/radiosite\/wp-json\/wp\/v2\/categories?post=21133"},{"taxonomy":"post_tag","embeddable":true,"href":"https:\/\/www.iceagetv.com\/radiosite\/wp-json\/wp\/v2\/tags?post=21133"}],"curies":[{"name":"wp","href":"https:\/\/api.w.org\/{rel}","templated":true}]}}