{"id":21157,"date":"2022-04-21T08:00:07","date_gmt":"2022-04-21T08:00:07","guid":{"rendered":"http:\/\/www.iceagetv.com\/radiosite\/?p=21157"},"modified":"2022-04-21T08:00:07","modified_gmt":"2022-04-21T08:00:07","slug":"debat-macron-le-pen-assez-eclairant-un-president-arrogant-une-forme-de-courtoisie-les-soutiens-des-deux-candidats-reagissent","status":"publish","type":"post","link":"https:\/\/www.iceagetv.com\/radiosite\/debat-macron-le-pen-assez-eclairant-un-president-arrogant-une-forme-de-courtoisie-les-soutiens-des-deux-candidats-reagissent\/","title":{"rendered":"D\u00e9bat Macron-Le Pen : \u00abAssez \u00e9clairant\u00bb, \u00abun pr\u00e9sident arrogant\u00bb, \u00abune forme de courtoisie\u00bb&#8230; Les soutiens des deux candidats r\u00e9agissent"},"content":{"rendered":"\n<p><strong>Au lendemain d&rsquo;un face-\u00e0-face tr\u00e8s attendu, l&rsquo;entourage des finalistes \u00e0 l&rsquo;\u00e9lection pr\u00e9sidentielle salue un d\u00e9bat \u00abde bonne tenue\u00bb.<\/strong>Naturellement, l&rsquo;enjeu pour les deux finalistes n&rsquo;\u00e9tait pas le m\u00eame. Pour\u00a0<a rel=\"noreferrer noopener\" href=\"https:\/\/www.lefigaro.fr\/elections\/presidentielles\/presidentielle-2022-marine-le-pen-candidate-20211007\" target=\"_blank\">Marine Le Pen<\/a>, il s&rsquo;agissait d&rsquo;\u00e9viter le naufrage du\u00a0<a href=\"https:\/\/www.lefigaro.fr\/elections\/presidentielles\/retour-sur-le-debat-d-entre-deux-tours-de-2017-entre-emmanuel-macron-et-marine-le-pen-20220417\">d\u00e9bat d&rsquo;entre-deux-tours de 2017<\/a>, pour\u00a0<a rel=\"noreferrer noopener\" href=\"https:\/\/www.lefigaro.fr\/elections\/presidentielles\/presidentielle-2022-emmanuel-macron-candidat-20220303\" target=\"_blank\">Emmanuel Macron<\/a>, d&rsquo;\u00e9chapper \u00e0 son image de pr\u00e9sident hors-sol, arrogant et m\u00eame, professoral.Un pi\u00e8ge que le chef de l&rsquo;\u00c9tat a \u00e9vit\u00e9, se f\u00e9licite ce matin\u00a0<strong>\u00c9douard Philippe<\/strong>\u00a0sur RTL. \u00ab<em>J&rsquo;ai vu un pr\u00e9sident qui conna\u00eet ses dossiers<\/em>\u00bb, a d\u00e9clar\u00e9 le maire du Havre, tout en saluant un \u00ab<em>effort de conviction, de d\u00e9termination<\/em>\u00bb. L&rsquo;ex-premier ministre juge que le d\u00e9bat de mercredi soir a \u00e9t\u00e9 \u00ab<em>utile<\/em>\u00bb et \u00ab<em>assez \u00e9clairant<\/em>\u00bb. \u00ab<em>Cette confrontation, \u00e0 la fois intense et de bonne tenue, aura sans doute permis aux \u00e9lecteurs d&rsquo;affiner leur choix<\/em>\u00bb face \u00e0 \u00ab<em>deux styles, deux programmes, deux personnalit\u00e9s<\/em>\u00bb.Un face-\u00e0-face \u00ab<em>int\u00e9ressant<\/em>\u00bb qui, esp\u00e8re\u00a0<strong>G\u00e9rald Darmanin<\/strong>, entra\u00eenera une mobilisation de l&rsquo;\u00e9lectorat apr\u00e8s une campagne \u00ab<em>qui a pu \u00eatre d\u00e9cevante<\/em>\u00bb. \u00ab<em>Le citoyen ne peut pas rester dans son canap\u00e9 lorsqu&rsquo;on lui demande de choisir entre Emmanuel Macron et Marine Le Pen<\/em>\u00bb, d\u00e9clare le ministre de l&rsquo;Int\u00e9rieur sur Europe 1\/CNEWS. Avant de regretter l&rsquo;\u00ab<em>attaque d\u00e9plac\u00e9e<\/em>\u00bb de la candidate RN qui accusait le pr\u00e9sident-candidat de vouloir installer des \u00e9oliennes en mer \u00ab<em>partout, sauf en face du Touquet\u00a0<\/em>(o\u00f9 le couple pr\u00e9sidentiel poss\u00e8de une maison, NDLR)\u00bb. Une \u00ab<em>attaque au niveau des genoux<\/em>\u00bb, tranche G\u00e9rald Darmanin, qui nuance toutefois\u00a0: \u00ab<em>Dans un d\u00e9bat, il est normal qu&rsquo;il y ait des \u00e9changes et des piques.<\/em>\u00bb<\/p>\n\n\n\n<h2 class=\"wp-block-heading\" id=\"un-president-sans-fougue\">Un pr\u00e9sident \u00absans fougue\u00bb<\/h2>\n\n\n\n<p>Du c\u00f4t\u00e9 des \u00e9quipes de Marine Le Pen, on reproche au pr\u00e9sident sortant son arrogance. Le porte-parole du RN,\u00a0<strong>Laurent Jacobelli<\/strong>, sur Public S\u00e9nat, d\u00e9clare ainsi\u00a0: \u00ab<em>Ce d\u00e9bat avait pour objectif de montrer deux visions de la France, deux personnalit\u00e9s qui se sont fait jour hier entre une candidate calme et d\u00e9termin\u00e9e et un pr\u00e9sident parfois un peu arrogant et condescendant.<\/em>\u00bb Accusation que r\u00e9fute fermement l&rsquo;ancien premier ministre et soutien d&rsquo;Emmanuel Macron,\u00a0<strong>Jean-Pierre Raffarin<\/strong>, sur BFMTV\u00a0: \u00ab<em>Je ne pense pas qu&rsquo;il y avait de l&rsquo;arrogance. Au contraire, il y a une forme de courtoisie.<\/em>\u00bb<\/p>\n\n\n\n<p><strong>Jordan Bardella<\/strong>, pr\u00e9sident du RN, regrette sur BFMTV\/RMC \u00e9galement l&rsquo;\u00ab<em>attitude m\u00e9prisante<\/em>\u00bb d&rsquo;Emmanuel Macron, \u00ab<em>avachi au fond de son fauteuil<\/em>\u00bb, \u00ab<em>sans fougue et sans envie<\/em>\u00bb. Une image qui, selon lui, \u00ab<em>symbolise assez bien la mani\u00e8re qu&rsquo;il a eue de consid\u00e9rer le d\u00e9bat et la d\u00e9mocratie pendant cinq ans dans notre pays<\/em>\u00bb. \u00ab<em>Quand on critique sur la forme, c&rsquo;est qu&rsquo;on a peu d&rsquo;arguments \u00e0 donner sur le fond<\/em>\u00bb, riposte&nbsp;<strong>Gabriel Attal<\/strong>, le porte-parole du gouvernement, sur FranceInfo.<\/p>\n\n\n\n<p>Du c\u00f4t\u00e9 des soutiens de Jean-Luc M\u00e9lenchon,&nbsp;<a href=\"https:\/\/www.lefigaro.fr\/elections\/presidentielles\/legislatives-2022-melenchon-demande-aux-francais-de-l-elire-premier-ministre-et-appelle-la-gauche-a-se-rassembler-20220419\" target=\"_blank\" rel=\"noreferrer noopener\">\u00e9limin\u00e9 aux portes du second tour et troisi\u00e8me homme de cette \u00e9lection<\/a>, on regrette un d\u00e9bat o\u00f9 \u00ab<em>la voix populaire n&rsquo;a pas \u00e9t\u00e9 entendue<\/em>\u00bb.&nbsp;<em>\u00abBeaucoup d&rsquo;entre nous se sont dit hier soir&nbsp;: indiscutablement, la pr\u00e9sence de Jean-Luc M\u00e9lenchon aurait donn\u00e9 \u00e0 ce d\u00e9bat une autre tenue, une autre pr\u00e9cision&nbsp;: une voix populaire aurait \u00e9t\u00e9 entendue. Macron n&rsquo;aurait pas pu d\u00e9rouler autant avec une telle aisance<\/em>\u00bb, se d\u00e9sole le d\u00e9put\u00e9 LFI&nbsp;<strong>Alexis Corbi\u00e8re<\/strong>&nbsp;sur RMC.<\/p>\n","protected":false},"excerpt":{"rendered":"<p>Au lendemain d&rsquo;un face-\u00e0-face tr\u00e8s attendu, l&rsquo;entourage des finalistes \u00e0 l&rsquo;\u00e9lection pr\u00e9sidentielle salue un d\u00e9bat \u00abde bonne tenue\u00bb.Naturellement, l&rsquo;enjeu pour les deux finalistes n&rsquo;\u00e9tait pas le m\u00eame. Pour\u00a0Marine Le Pen, il s&rsquo;agissait d&rsquo;\u00e9viter le naufrage du\u00a0d\u00e9bat d&rsquo;entre-deux-tours de 2017, pour\u00a0Emmanuel Macron, d&rsquo;\u00e9chapper \u00e0 son image de pr\u00e9sident hors-sol, arrogant et m\u00eame, professoral.Un pi\u00e8ge que le [&hellip;]<\/p>\n","protected":false},"author":2,"featured_media":21158,"comment_status":"open","ping_status":"open","sticky":false,"template":"","format":"standard","meta":{"_jetpack_memberships_contains_paid_content":false,"footnotes":"","jetpack_publicize_message":"","jetpack_publicize_feature_enabled":true,"jetpack_social_post_already_shared":true,"jetpack_social_options":{"image_generator_settings":{"template":"highway","default_image_id":0,"font":"","enabled":false},"version":2},"_wpas_customize_per_network":false},"categories":[405],"tags":[],"class_list":["post-21157","post","type-post","status-publish","format-standard","has-post-thumbnail","hentry","category-actu-france-monde"],"jetpack_publicize_connections":[],"jetpack_featured_media_url":"https:\/\/i0.wp.com\/www.iceagetv.com\/radiosite\/wp-content\/uploads\/2022\/04\/Debat-Macron-Le-Pen.png?fit=602%2C298&ssl=1","jetpack_sharing_enabled":true,"_links":{"self":[{"href":"https:\/\/www.iceagetv.com\/radiosite\/wp-json\/wp\/v2\/posts\/21157","targetHints":{"allow":["GET"]}}],"collection":[{"href":"https:\/\/www.iceagetv.com\/radiosite\/wp-json\/wp\/v2\/posts"}],"about":[{"href":"https:\/\/www.iceagetv.com\/radiosite\/wp-json\/wp\/v2\/types\/post"}],"author":[{"embeddable":true,"href":"https:\/\/www.iceagetv.com\/radiosite\/wp-json\/wp\/v2\/users\/2"}],"replies":[{"embeddable":true,"href":"https:\/\/www.iceagetv.com\/radiosite\/wp-json\/wp\/v2\/comments?post=21157"}],"version-history":[{"count":1,"href":"https:\/\/www.iceagetv.com\/radiosite\/wp-json\/wp\/v2\/posts\/21157\/revisions"}],"predecessor-version":[{"id":21159,"href":"https:\/\/www.iceagetv.com\/radiosite\/wp-json\/wp\/v2\/posts\/21157\/revisions\/21159"}],"wp:featuredmedia":[{"embeddable":true,"href":"https:\/\/www.iceagetv.com\/radiosite\/wp-json\/wp\/v2\/media\/21158"}],"wp:attachment":[{"href":"https:\/\/www.iceagetv.com\/radiosite\/wp-json\/wp\/v2\/media?parent=21157"}],"wp:term":[{"taxonomy":"category","embeddable":true,"href":"https:\/\/www.iceagetv.com\/radiosite\/wp-json\/wp\/v2\/categories?post=21157"},{"taxonomy":"post_tag","embeddable":true,"href":"https:\/\/www.iceagetv.com\/radiosite\/wp-json\/wp\/v2\/tags?post=21157"}],"curies":[{"name":"wp","href":"https:\/\/api.w.org\/{rel}","templated":true}]}}