{"id":21185,"date":"2022-04-23T16:08:31","date_gmt":"2022-04-23T16:08:31","guid":{"rendered":"http:\/\/www.iceagetv.com\/radiosite\/?p=21185"},"modified":"2022-04-23T16:08:31","modified_gmt":"2022-04-23T16:08:31","slug":"le-chanteur-belge-arno-alias-arno-hintjens-est-decede-a-lage-de-72-ans-apres-un-long-combat-contre-le-cancer-du-pancreas-qui-avait-ete-detecte-en-2019","status":"publish","type":"post","link":"https:\/\/www.iceagetv.com\/radiosite\/le-chanteur-belge-arno-alias-arno-hintjens-est-decede-a-lage-de-72-ans-apres-un-long-combat-contre-le-cancer-du-pancreas-qui-avait-ete-detecte-en-2019\/","title":{"rendered":"Le chanteur belge Arno, alias Arno Hintjens, est d\u00e9c\u00e9d\u00e9 \u00e0 l&rsquo;\u00e2ge de 72 ans, apr\u00e8s un long combat contre le cancer du pancr\u00e9as qui avait \u00e9t\u00e9 d\u00e9tect\u00e9 en 2019"},"content":{"rendered":"\n<p>Le chanteur Arno Hintjens est d\u00e9c\u00e9d\u00e9 ce samedi \u00e0 l&rsquo;\u00e2ge de 72 ans, a annonc\u00e9 son manager dans un communiqu\u00e9. Il souffrait d&rsquo;un cancer du pancr\u00e9as depuis 2019. Il avait donn\u00e9 ses derniers concerts en 2020. Il avait arr\u00eat\u00e9 son traitement en d\u00e9but de cette ann\u00e9e.&nbsp;En&nbsp;f\u00e9vrier 2020, Arno annonce reporter une s\u00e9rie de concerts en France, Suisse et Pays-Bas en raison d&rsquo;un&nbsp;cancer du pancr\u00e9as&nbsp;diagnostiqu\u00e9 en novembre 2019.<\/p>\n\n\n\n<p>Il reprend la sc\u00e8ne en juillet 20201.<br>En\u00a0juillet\u00a02021, le site web de la salle de concert parisienne\u00a0Le Trianon, o\u00f9 Arno devait se produire le\u00a01<sup>er<\/sup>\u00a0d\u00e9cembre, annonce que ce dernier annule tous ses concerts jusqu\u2019\u00e0 la fin de l\u2019ann\u00e9e.\u00a0\u00ab\u00a0Sur recommandation de ses m\u00e9decins, il prend une pause de plusieurs mois pour se reposer et retrouver la forme.\u00a0\u00bb\u00a0explique le communiqu\u00e9.<\/p>\n\n\n\n<p>Arno a des racines anglaises et fran\u00e7aises, dont des r\u00e9fugi\u00e9s fuyant le nazisme ; il a expliqu\u00e9 que le p\u00e8re de sa grand-m\u00e8re \u00e9tait anglais et le p\u00e8re de son autre grand-m\u00e8re \u00e9tait fran\u00e7ais. En 1970, \u00e0 21 ans, il forme son premier groupe, Tjens Couter. Il est \u00e0 l&rsquo;origine du groupe TC Matic (d&rsquo;abord appel\u00e9 TC Band de 1977 \u00e0 1980).<\/p>\n\n\n\n<p>Le groupe se s\u00e9pare en 1986 et Arno se lance dans une carri\u00e8re solo, d&rsquo;abord sur le label Virgin, il signe ensuite sur Delabel.<\/p>\n\n\n\n<p>En 1991 avec le bluesman belge Roland Van Campenhout, il forme le groupe Charles et les Lulus qui ne dure pas longtemps. L&rsquo;unique album de ce projet, enregistr\u00e9 en une semaine et en prise directe, est un disque de blues, sur lequel se retrouvent quelques reprises.<\/p>\n\n\n\n<p>Il a \u00e9galement \u00e9t\u00e9 acteur en 1996 dans Camping Cosmos de Jan Bucquoy6, en 1997 dans Alors voil\u00e0 de Michel Piccoli. Il a re\u00e7u cinq fois l&rsquo;Humo&rsquo;s Pop Poll Award du meilleur chanteur belge. Il a \u00e9t\u00e9 cuisinier pour Marvin Gaye lorsque celui-ci a r\u00e9sid\u00e9 \u00e0 Ostende en 1981 avec son fils.<\/p>\n\n\n\n<p>Il se fait conna\u00eetre en France du grand public \u00e0 la suite de sa participation \u00e0 la bande originale du film Merci la vie (1990) de Bertrand Blier.<\/p>\n\n\n\n<p>Chantant en fran\u00e7ais, en anglais et en flamand, il est connu pour sa voix bris\u00e9e \u00e0 la Tom Waits et ses textes touchants, parfois empreints de na\u00efvet\u00e9. Ses chansons ont souvent \u00e9t\u00e9 des succ\u00e8s, g\u00e9n\u00e9ralement limit\u00e9s toutefois \u00e0 un public d&rsquo;initi\u00e9s, malgr\u00e9 une presse sp\u00e9cialis\u00e9e souvent enthousiaste (Putain putain, Bathroom Singer, Elle adore le noir, Les Yeux de ma m\u00e8re, Je veux nager, Chic et pas cher).<\/p>\n\n\n\n<p>Il s&rsquo;est fait une sp\u00e9cialit\u00e9 de reprises originales et d\u00e9cal\u00e9es qui lui ont ouvert un public plus large. Des standards francophones : Les Filles du bord de mer d&rsquo;Adamo, Le Bon Dieu de Jacques Brel, Comme \u00e0 Ostende de Jean-Roger Caussimon et L\u00e9o Ferr\u00e9, Elisa de Serge Gainsbourg, Sarah de Georges Moustaki, Pauvres Diables (Vous les femmes) de Julio Iglesias (dans la B.O. du film Les Gar\u00e7ons et Guillaume, \u00e0 table ! de Guillaume Gallienne).<\/p>\n\n\n\n<p>En 2006, il tient le r\u00f4le principal de Komma, un film de Martine Doyen. Il enregistre un nouvel album, Jus de box, qui sort en janvier 2007.<\/p>\n\n\n\n<p>En 2008, il est \u00e0 l&rsquo;affiche du film J&rsquo;ai toujours r\u00eav\u00e9 d&rsquo;\u00eatre un gangster de Samuel Benchetrit, o\u00f9 il joue une sc\u00e8ne avec Alain Bashung. Il sort \u00e9galement Covers Cocktail, une compilation de ses reprises, plus un in\u00e9dit, I Want to Break Free de Queen.<\/p>\n","protected":false},"excerpt":{"rendered":"<p>Le chanteur Arno Hintjens est d\u00e9c\u00e9d\u00e9 ce samedi \u00e0 l&rsquo;\u00e2ge de 72 ans, a annonc\u00e9 son manager dans un communiqu\u00e9. Il souffrait d&rsquo;un cancer du pancr\u00e9as depuis 2019. Il avait donn\u00e9 ses derniers concerts en 2020. Il avait arr\u00eat\u00e9 son traitement en d\u00e9but de cette ann\u00e9e.&nbsp;En&nbsp;f\u00e9vrier 2020, Arno annonce reporter une s\u00e9rie de concerts en [&hellip;]<\/p>\n","protected":false},"author":2,"featured_media":21186,"comment_status":"open","ping_status":"open","sticky":false,"template":"","format":"standard","meta":{"_jetpack_memberships_contains_paid_content":false,"footnotes":"","jetpack_publicize_message":"","jetpack_publicize_feature_enabled":true,"jetpack_social_post_already_shared":true,"jetpack_social_options":{"image_generator_settings":{"template":"highway","default_image_id":0,"font":"","enabled":false},"version":2},"_wpas_customize_per_network":false},"categories":[68],"tags":[],"class_list":["post-21185","post","type-post","status-publish","format-standard","has-post-thumbnail","hentry","category-actu-culturelle"],"jetpack_publicize_connections":[],"jetpack_featured_media_url":"https:\/\/i0.wp.com\/www.iceagetv.com\/radiosite\/wp-content\/uploads\/2022\/04\/Le-chanteur-belge-Arno.jpg?fit=679%2C293&ssl=1","jetpack_sharing_enabled":true,"_links":{"self":[{"href":"https:\/\/www.iceagetv.com\/radiosite\/wp-json\/wp\/v2\/posts\/21185","targetHints":{"allow":["GET"]}}],"collection":[{"href":"https:\/\/www.iceagetv.com\/radiosite\/wp-json\/wp\/v2\/posts"}],"about":[{"href":"https:\/\/www.iceagetv.com\/radiosite\/wp-json\/wp\/v2\/types\/post"}],"author":[{"embeddable":true,"href":"https:\/\/www.iceagetv.com\/radiosite\/wp-json\/wp\/v2\/users\/2"}],"replies":[{"embeddable":true,"href":"https:\/\/www.iceagetv.com\/radiosite\/wp-json\/wp\/v2\/comments?post=21185"}],"version-history":[{"count":1,"href":"https:\/\/www.iceagetv.com\/radiosite\/wp-json\/wp\/v2\/posts\/21185\/revisions"}],"predecessor-version":[{"id":21187,"href":"https:\/\/www.iceagetv.com\/radiosite\/wp-json\/wp\/v2\/posts\/21185\/revisions\/21187"}],"wp:featuredmedia":[{"embeddable":true,"href":"https:\/\/www.iceagetv.com\/radiosite\/wp-json\/wp\/v2\/media\/21186"}],"wp:attachment":[{"href":"https:\/\/www.iceagetv.com\/radiosite\/wp-json\/wp\/v2\/media?parent=21185"}],"wp:term":[{"taxonomy":"category","embeddable":true,"href":"https:\/\/www.iceagetv.com\/radiosite\/wp-json\/wp\/v2\/categories?post=21185"},{"taxonomy":"post_tag","embeddable":true,"href":"https:\/\/www.iceagetv.com\/radiosite\/wp-json\/wp\/v2\/tags?post=21185"}],"curies":[{"name":"wp","href":"https:\/\/api.w.org\/{rel}","templated":true}]}}