{"id":21212,"date":"2022-04-26T18:31:13","date_gmt":"2022-04-26T18:31:13","guid":{"rendered":"http:\/\/www.iceagetv.com\/radiosite\/?p=21212"},"modified":"2022-04-26T18:31:13","modified_gmt":"2022-04-26T18:31:13","slug":"la-vice-presidente-des-etats-unis-kamala-harris-a-ete-testee-positive-au-covid-19-mais-nest-pas-consideree-comme-ayant-ete-en-contact-etroit-avec-joe-biden","status":"publish","type":"post","link":"https:\/\/www.iceagetv.com\/radiosite\/la-vice-presidente-des-etats-unis-kamala-harris-a-ete-testee-positive-au-covid-19-mais-nest-pas-consideree-comme-ayant-ete-en-contact-etroit-avec-joe-biden\/","title":{"rendered":"La vice-pr\u00e9sidente des \u00c9tats-Unis, Kamala Harris, a \u00e9t\u00e9 test\u00e9e positive au Covid-19 mais n&rsquo;est pas consid\u00e9r\u00e9e comme ayant \u00e9t\u00e9 \u00ab\u00a0en contact \u00e9troit\u00a0\u00bb avec Joe Biden"},"content":{"rendered":"\n<p>La vice-pr\u00e9sidente des \u00c9tats-Unis, Kamala Harris, a \u00e9t\u00e9 test\u00e9e positive au Covid-19 mais n&rsquo;est pas consid\u00e9r\u00e9e comme ayant \u00e9t\u00e9 en contact \u00ab\u00e9troit\u00bb avec le pr\u00e9sident Joe Biden, a annonc\u00e9 sa porte-parole. Kamala Harris \u00abn&rsquo;a pas de sympt\u00f4mes, elle va s&rsquo;isoler et continuer \u00e0 travailler depuis sa r\u00e9sidence\u00bb, a affirm\u00e9 Kirsten Allen dans un communiqu\u00e9, en pr\u00e9cisant qu&rsquo;elle n&rsquo;avait \u00abpas \u00e9t\u00e9 en contact \u00e9troit avec le pr\u00e9sident ou la premi\u00e8re dame en raison de leurs r\u00e9cents programmes de voyage\u00bb.<\/p>\n","protected":false},"excerpt":{"rendered":"<p>La vice-pr\u00e9sidente des \u00c9tats-Unis, Kamala Harris, a \u00e9t\u00e9 test\u00e9e positive au Covid-19 mais n&rsquo;est pas consid\u00e9r\u00e9e comme ayant \u00e9t\u00e9 en contact \u00ab\u00e9troit\u00bb avec le pr\u00e9sident Joe Biden, a annonc\u00e9 sa porte-parole. Kamala Harris \u00abn&rsquo;a pas de sympt\u00f4mes, elle va s&rsquo;isoler et continuer \u00e0 travailler depuis sa r\u00e9sidence\u00bb, a affirm\u00e9 Kirsten Allen dans un communiqu\u00e9, en [&hellip;]<\/p>\n","protected":false},"author":2,"featured_media":21213,"comment_status":"open","ping_status":"open","sticky":false,"template":"","format":"standard","meta":{"_jetpack_memberships_contains_paid_content":false,"footnotes":"","jetpack_publicize_message":"","jetpack_publicize_feature_enabled":true,"jetpack_social_post_already_shared":true,"jetpack_social_options":{"image_generator_settings":{"template":"highway","default_image_id":0,"font":"","enabled":false},"version":2},"_wpas_customize_per_network":false},"categories":[405],"tags":[],"class_list":["post-21212","post","type-post","status-publish","format-standard","has-post-thumbnail","hentry","category-actu-france-monde"],"jetpack_publicize_connections":[],"jetpack_featured_media_url":"https:\/\/i0.wp.com\/www.iceagetv.com\/radiosite\/wp-content\/uploads\/2022\/04\/La-vice-presidente-des-Etats-Unis.jpg?fit=679%2C293&ssl=1","jetpack_sharing_enabled":true,"_links":{"self":[{"href":"https:\/\/www.iceagetv.com\/radiosite\/wp-json\/wp\/v2\/posts\/21212","targetHints":{"allow":["GET"]}}],"collection":[{"href":"https:\/\/www.iceagetv.com\/radiosite\/wp-json\/wp\/v2\/posts"}],"about":[{"href":"https:\/\/www.iceagetv.com\/radiosite\/wp-json\/wp\/v2\/types\/post"}],"author":[{"embeddable":true,"href":"https:\/\/www.iceagetv.com\/radiosite\/wp-json\/wp\/v2\/users\/2"}],"replies":[{"embeddable":true,"href":"https:\/\/www.iceagetv.com\/radiosite\/wp-json\/wp\/v2\/comments?post=21212"}],"version-history":[{"count":1,"href":"https:\/\/www.iceagetv.com\/radiosite\/wp-json\/wp\/v2\/posts\/21212\/revisions"}],"predecessor-version":[{"id":21214,"href":"https:\/\/www.iceagetv.com\/radiosite\/wp-json\/wp\/v2\/posts\/21212\/revisions\/21214"}],"wp:featuredmedia":[{"embeddable":true,"href":"https:\/\/www.iceagetv.com\/radiosite\/wp-json\/wp\/v2\/media\/21213"}],"wp:attachment":[{"href":"https:\/\/www.iceagetv.com\/radiosite\/wp-json\/wp\/v2\/media?parent=21212"}],"wp:term":[{"taxonomy":"category","embeddable":true,"href":"https:\/\/www.iceagetv.com\/radiosite\/wp-json\/wp\/v2\/categories?post=21212"},{"taxonomy":"post_tag","embeddable":true,"href":"https:\/\/www.iceagetv.com\/radiosite\/wp-json\/wp\/v2\/tags?post=21212"}],"curies":[{"name":"wp","href":"https:\/\/api.w.org\/{rel}","templated":true}]}}