{"id":21218,"date":"2022-04-26T19:14:00","date_gmt":"2022-04-26T19:14:00","guid":{"rendered":"http:\/\/www.iceagetv.com\/radiosite\/?p=21218"},"modified":"2022-04-26T19:14:00","modified_gmt":"2022-04-26T19:14:00","slug":"article-49-3-emmanuel-macron-y-a-t-il-eu-davantage-recours-que-ses-predecesseurs","status":"publish","type":"post","link":"https:\/\/www.iceagetv.com\/radiosite\/article-49-3-emmanuel-macron-y-a-t-il-eu-davantage-recours-que-ses-predecesseurs\/","title":{"rendered":"Article 49.3 : Emmanuel Macron y a-t-il eu davantage recours que ses pr\u00e9d\u00e9cesseurs ?"},"content":{"rendered":"\n<p><\/p>\n\n\n\n<p>Ministre de l&rsquo;\u00c9conomie, artisan du \u00ab\u00a0quoi qu&rsquo;il en co\u00fbte\u00a0\u00bb durant la crise sanitaire, Bruno Le Maire fait partie des poids lourds du gouvernement sortant. De quoi le propulser jusqu&rsquo;\u00e0 Matignon dans les prochaines semaines ? Si son nom a bri\u00e8vement circul\u00e9, il ne fait pas figure de favori, surtout apr\u00e8s sa r\u00e9cente sortie sur la r\u00e9forme des retraites. Lors d&rsquo;une interview, il a en effet estim\u00e9 que recourir au 49.3 pour adopter le texte n&rsquo;\u00e9tait pas exclu.&nbsp;<\/p>\n\n\n\n<p>Une d\u00e9claration qui a agac\u00e9 dans l&rsquo;entourage du chef de l&rsquo;\u00c9tat, certains n&rsquo;h\u00e9sitant pas \u00e0&nbsp;<a href=\"https:\/\/www.lefigaro.fr\/elections\/presidentielles\/remaniement-legislatives-majorite-les-secrets-de-macron-2-20220425\" target=\"_blank\" rel=\"noreferrer noopener\">\u00e9voquer<\/a>&nbsp;une&nbsp;<em>\u00ab\u00a0connerie\u00a0\u00bb<\/em>. Sans tarder, les oppositions sont mont\u00e9es au cr\u00e9neau, \u00e0 l&rsquo;image de Nicolas Dupont-Aignan :&nbsp;<em>\u00ab\u00a0D\u00e8s la premi\u00e8re minute du mandat, Emmanuel Macron montre son m\u00e9pris du Parlement\u00a0\u00bb<\/em>, a-t-il&nbsp;<a href=\"https:\/\/www.lepoint.fr\/politique\/49-3-sur-les-retraites-blanquer-refute-l-idee-le-maire-suscite-l-indignation-25-04-2022-2473373_20.php\" target=\"_blank\" rel=\"noreferrer noopener\">r\u00e9agi<\/a>.<\/p>\n\n\n\n<h2 class=\"wp-block-heading\">Le recours au 49.3 a vari\u00e9 au fil des \u00e9poques<\/h2>\n\n\n\n<p>Rappelons-le, c\u2019est au Premier ministre qu\u2019incombe d\u2019actionner le 49.3. D\u00e8s lors, l\u2019examen d\u2019un texte se trouve suspendu, le gouvernement engageant sa responsabilit\u00e9 sur un projet de loi. Celui-ci est alors adopt\u00e9 sans vote. Lorsque l&rsquo;on remonte le fil de l&rsquo;histoire de la Ve R\u00e9publique, on constate que l&rsquo;usage de cet article a fluctu\u00e9, comme le montre l&rsquo;infographie qui suit (<a rel=\"noreferrer noopener\" href=\"https:\/\/datawrapper.dwcdn.net\/7jGIz\/1\/\" target=\"_blank\">aussi accessible via ce lien<\/a>) :\u00a0La seule utilisation du 49.3 durant le quinquennat \u00e9coul\u00e9 fut (d\u00e9j\u00e0) pour la r\u00e9forme des retraites. Un texte dont on se souvient qu&rsquo;il a \u00e9t\u00e9 bouscul\u00e9 par l&rsquo;\u00e9pid\u00e9mie de Covid-19. Un unique recours en cinq ans, donc, ce qui est tr\u00e8s peu en comparaison d&rsquo;autres mandatures. Lorsqu&rsquo;il \u00e9tait \u00e0 Matignon, notons que Manuel Valls en avait fait usage \u00e0 six reprises, pour adopter la loi Macron sur la croissance ainsi que le projet de loi El Khomri portant sur le code du Travail. Ces six utilisations correspondent aux diff\u00e9rents passages (trois \u00e0 chaque fois) des deux textes \u00e0 l&rsquo;Assembl\u00e9e.<\/p>\n","protected":false},"excerpt":{"rendered":"<p>Ministre de l&rsquo;\u00c9conomie, artisan du \u00ab\u00a0quoi qu&rsquo;il en co\u00fbte\u00a0\u00bb durant la crise sanitaire, Bruno Le Maire fait partie des poids lourds du gouvernement sortant. De quoi le propulser jusqu&rsquo;\u00e0 Matignon dans les prochaines semaines ? Si son nom a bri\u00e8vement circul\u00e9, il ne fait pas figure de favori, surtout apr\u00e8s sa r\u00e9cente sortie sur la [&hellip;]<\/p>\n","protected":false},"author":2,"featured_media":21219,"comment_status":"open","ping_status":"open","sticky":false,"template":"","format":"standard","meta":{"_jetpack_memberships_contains_paid_content":false,"footnotes":"","jetpack_publicize_message":"","jetpack_publicize_feature_enabled":true,"jetpack_social_post_already_shared":true,"jetpack_social_options":{"image_generator_settings":{"template":"highway","default_image_id":0,"font":"","enabled":false},"version":2},"_wpas_customize_per_network":false},"categories":[405],"tags":[],"class_list":["post-21218","post","type-post","status-publish","format-standard","has-post-thumbnail","hentry","category-actu-france-monde"],"jetpack_publicize_connections":[],"jetpack_featured_media_url":"https:\/\/i0.wp.com\/www.iceagetv.com\/radiosite\/wp-content\/uploads\/2022\/04\/Article-49.3.jpg?fit=680%2C383&ssl=1","jetpack_sharing_enabled":true,"_links":{"self":[{"href":"https:\/\/www.iceagetv.com\/radiosite\/wp-json\/wp\/v2\/posts\/21218","targetHints":{"allow":["GET"]}}],"collection":[{"href":"https:\/\/www.iceagetv.com\/radiosite\/wp-json\/wp\/v2\/posts"}],"about":[{"href":"https:\/\/www.iceagetv.com\/radiosite\/wp-json\/wp\/v2\/types\/post"}],"author":[{"embeddable":true,"href":"https:\/\/www.iceagetv.com\/radiosite\/wp-json\/wp\/v2\/users\/2"}],"replies":[{"embeddable":true,"href":"https:\/\/www.iceagetv.com\/radiosite\/wp-json\/wp\/v2\/comments?post=21218"}],"version-history":[{"count":1,"href":"https:\/\/www.iceagetv.com\/radiosite\/wp-json\/wp\/v2\/posts\/21218\/revisions"}],"predecessor-version":[{"id":21220,"href":"https:\/\/www.iceagetv.com\/radiosite\/wp-json\/wp\/v2\/posts\/21218\/revisions\/21220"}],"wp:featuredmedia":[{"embeddable":true,"href":"https:\/\/www.iceagetv.com\/radiosite\/wp-json\/wp\/v2\/media\/21219"}],"wp:attachment":[{"href":"https:\/\/www.iceagetv.com\/radiosite\/wp-json\/wp\/v2\/media?parent=21218"}],"wp:term":[{"taxonomy":"category","embeddable":true,"href":"https:\/\/www.iceagetv.com\/radiosite\/wp-json\/wp\/v2\/categories?post=21218"},{"taxonomy":"post_tag","embeddable":true,"href":"https:\/\/www.iceagetv.com\/radiosite\/wp-json\/wp\/v2\/tags?post=21218"}],"curies":[{"name":"wp","href":"https:\/\/api.w.org\/{rel}","templated":true}]}}