{"id":21224,"date":"2022-04-27T16:54:11","date_gmt":"2022-04-27T16:54:11","guid":{"rendered":"http:\/\/www.iceagetv.com\/radiosite\/?p=21224"},"modified":"2022-04-27T16:54:11","modified_gmt":"2022-04-27T16:54:11","slug":"patrick-poivre-darvor-porte-plainte-pour-denonciation-calomnieuse-contre-16-femmes-qui-laccusent-de-harcelement-et-violences-sexuelles-avant-la-diffusion-demain-soir-sur-france-2-de-compleme","status":"publish","type":"post","link":"https:\/\/www.iceagetv.com\/radiosite\/patrick-poivre-darvor-porte-plainte-pour-denonciation-calomnieuse-contre-16-femmes-qui-laccusent-de-harcelement-et-violences-sexuelles-avant-la-diffusion-demain-soir-sur-france-2-de-compleme\/","title":{"rendered":"Patrick Poivre d&rsquo;Arvor porte plainte pour \u00ab\u00a0d\u00e9nonciation calomnieuse\u00a0\u00bb contre 16 femmes qui l&rsquo;accusent de harc\u00e8lement et violences sexuelles avant la diffusion demain soir sur France 2 de \u00ab\u00a0Compl\u00e9ment d&rsquo;enqu\u00eate\u00a0\u00bb sur \u00ab\u00a0sa face cach\u00e9e\u00a0\u00bb"},"content":{"rendered":"\n<p>Selon&nbsp;<a href=\"https:\/\/www.francetvinfo.fr\/societe\/violences-faites-aux-femmes\/info-france-2-patrick-poivre-d-arvor-annonce-porter-plainte-pour-denonciation-calomnieuse-contre-16-femmes-l-accusant-de-harcelement-et-violences-sexuelles_5104099.html\" target=\"_blank\" rel=\"noreferrer noopener\">Franceinfo<\/a>, apr\u00e8s une premi\u00e8re plainte class\u00e9e sans suite il y a quelques mois, Patrick Poivre d&rsquo;Arvor porte plainte avec constitution de partie civile pour \u00ab\u00a0d\u00e9nonciation calomnieuse\u00a0\u00bb \u00e0 l&rsquo;encontre de seize femmes qui l&rsquo;accusent de harc\u00e8lement sexuel ou de violences sexuelles.<\/p>\n\n\n\n<p>L&rsquo;information a \u00e9t\u00e9 annonc\u00e9e par l&rsquo;avocat du journaliste \u00e0 \u00ab\u00a0Compl\u00e9ment d&rsquo;enqu\u00eate\u00a0\u00bb &#8211; le magazine de France 2 proposera une enqu\u00eate sur PPDA demain soir en seconde partie de soir\u00e9e. La plainte a \u00e9t\u00e9 d\u00e9pos\u00e9e aupr\u00e8s du doyen des juges d&rsquo;instruction du tribunal de Nanterre cette semaine. \u00ab\u00a0Depuis de nombreux mois, beaucoup d&rsquo;accusations qui n&rsquo;ont aucun fondement sont port\u00e9es contre lui. Il est temps que ces accusations soient jug\u00e9es. On ne peut pas accuser faussement et impun\u00e9ment\u00a0\u00bb, explique Philippe Naepels, son avocat, \u00e0 nos confr\u00e8res.La plainte consult\u00e9e par \u00ab\u00a0Compl\u00e9ment d&rsquo;enqu\u00eate\u00a0\u00bb indique qu&rsquo;il \u00ab\u00a0ne saurait \u00eatre donn\u00e9 le moindre cr\u00e9dit \u00e0 ces seize femmes, journalistes ou \u00e9crivains en mal de renomm\u00e9e et\/ou f\u00e9ministes de la derni\u00e8re heure, venues soutenir une ancienne coll\u00e8gue, une amie, voire une simple militante de la cause f\u00e9minine\u00a0\u00bb.<\/p>\n","protected":false},"excerpt":{"rendered":"<p>Selon&nbsp;Franceinfo, apr\u00e8s une premi\u00e8re plainte class\u00e9e sans suite il y a quelques mois, Patrick Poivre d&rsquo;Arvor porte plainte avec constitution de partie civile pour \u00ab\u00a0d\u00e9nonciation calomnieuse\u00a0\u00bb \u00e0 l&rsquo;encontre de seize femmes qui l&rsquo;accusent de harc\u00e8lement sexuel ou de violences sexuelles. L&rsquo;information a \u00e9t\u00e9 annonc\u00e9e par l&rsquo;avocat du journaliste \u00e0 \u00ab\u00a0Compl\u00e9ment d&rsquo;enqu\u00eate\u00a0\u00bb &#8211; le magazine de [&hellip;]<\/p>\n","protected":false},"author":2,"featured_media":21225,"comment_status":"open","ping_status":"open","sticky":false,"template":"","format":"standard","meta":{"_jetpack_memberships_contains_paid_content":false,"footnotes":"","jetpack_publicize_message":"","jetpack_publicize_feature_enabled":true,"jetpack_social_post_already_shared":true,"jetpack_social_options":{"image_generator_settings":{"template":"highway","default_image_id":0,"font":"","enabled":false},"version":2},"_wpas_customize_per_network":false},"categories":[405],"tags":[],"class_list":["post-21224","post","type-post","status-publish","format-standard","has-post-thumbnail","hentry","category-actu-france-monde"],"jetpack_publicize_connections":[],"jetpack_featured_media_url":"https:\/\/i0.wp.com\/www.iceagetv.com\/radiosite\/wp-content\/uploads\/2022\/04\/Patrick-Poivre-dArvor.png?fit=706%2C357&ssl=1","jetpack_sharing_enabled":true,"_links":{"self":[{"href":"https:\/\/www.iceagetv.com\/radiosite\/wp-json\/wp\/v2\/posts\/21224","targetHints":{"allow":["GET"]}}],"collection":[{"href":"https:\/\/www.iceagetv.com\/radiosite\/wp-json\/wp\/v2\/posts"}],"about":[{"href":"https:\/\/www.iceagetv.com\/radiosite\/wp-json\/wp\/v2\/types\/post"}],"author":[{"embeddable":true,"href":"https:\/\/www.iceagetv.com\/radiosite\/wp-json\/wp\/v2\/users\/2"}],"replies":[{"embeddable":true,"href":"https:\/\/www.iceagetv.com\/radiosite\/wp-json\/wp\/v2\/comments?post=21224"}],"version-history":[{"count":1,"href":"https:\/\/www.iceagetv.com\/radiosite\/wp-json\/wp\/v2\/posts\/21224\/revisions"}],"predecessor-version":[{"id":21226,"href":"https:\/\/www.iceagetv.com\/radiosite\/wp-json\/wp\/v2\/posts\/21224\/revisions\/21226"}],"wp:featuredmedia":[{"embeddable":true,"href":"https:\/\/www.iceagetv.com\/radiosite\/wp-json\/wp\/v2\/media\/21225"}],"wp:attachment":[{"href":"https:\/\/www.iceagetv.com\/radiosite\/wp-json\/wp\/v2\/media?parent=21224"}],"wp:term":[{"taxonomy":"category","embeddable":true,"href":"https:\/\/www.iceagetv.com\/radiosite\/wp-json\/wp\/v2\/categories?post=21224"},{"taxonomy":"post_tag","embeddable":true,"href":"https:\/\/www.iceagetv.com\/radiosite\/wp-json\/wp\/v2\/tags?post=21224"}],"curies":[{"name":"wp","href":"https:\/\/api.w.org\/{rel}","templated":true}]}}