{"id":21230,"date":"2022-04-27T18:50:58","date_gmt":"2022-04-27T18:50:58","guid":{"rendered":"http:\/\/www.iceagetv.com\/radiosite\/?p=21230"},"modified":"2022-04-27T18:50:58","modified_gmt":"2022-04-27T18:50:58","slug":"hommage-a-michel-bouquet-tres-emue-muriel-robin-a-du-mal-a-retenir-son-emotion-lors-de-son-discours-pour-rendre-hommage-a-lacteur-a-lhotel-des-invalides","status":"publish","type":"post","link":"https:\/\/www.iceagetv.com\/radiosite\/hommage-a-michel-bouquet-tres-emue-muriel-robin-a-du-mal-a-retenir-son-emotion-lors-de-son-discours-pour-rendre-hommage-a-lacteur-a-lhotel-des-invalides\/","title":{"rendered":"Hommage \u00e0 Michel Bouquet: Tr\u00e8s \u00e9mue, Muriel Robin a du mal \u00e0 retenir son \u00e9motion lors de son discours pour rendre hommage \u00e0 l&rsquo;acteur \u00e0 l&rsquo;h\u00f4tel des Invalides"},"content":{"rendered":"\n<p>Monument du th\u00e9\u00e2tre fran\u00e7ais d\u00e9c\u00e9d\u00e9 mi-avril \u00e0 l&rsquo;\u00e2ge de 96 ans, Michel Bouquet a re\u00e7u cet apr\u00e8s-midi un hommage national pr\u00e9sid\u00e9 par Emmanuel Macron. Le chef de l&rsquo;\u00c9tat a prononc\u00e9 l&rsquo;\u00e9loge fun\u00e8bre \u00e0 l&rsquo;H\u00f4tel national des Invalides, apr\u00e8s des prises de parole de Fabrice Luchini, Muriel Robin, et Pierre Arditi.<\/p>\n\n\n\n<p>Au moment de l&rsquo;hommage de Muriel Robin, qui fut l&rsquo;\u00e9l\u00e8ve de Michel Bouquet au Conservatoire, cette derni\u00e8re n&rsquo;a pu cacher son \u00e9motion. \u00ab\u00a0Monsieur, vous m&rsquo;avez ouvert les portes d&rsquo;un si vaste monde: le th\u00e9\u00e2tre (&#8230;) Gr\u00e2ce \u00e0 vous, j&rsquo;ai d\u00e9couvert les mots, leurs poids, leurs finesses\u00a0\u00bb, a-t-elle d\u00e9clar\u00e9, avec \u00e9motion. \u00ab\u00a0Je t&#8217;embrasse de tout mon \u00e2me. Je vous aime, je t&rsquo;aime\u00a0\u00bb,<\/p>\n","protected":false},"excerpt":{"rendered":"<p>Monument du th\u00e9\u00e2tre fran\u00e7ais d\u00e9c\u00e9d\u00e9 mi-avril \u00e0 l&rsquo;\u00e2ge de 96 ans, Michel Bouquet a re\u00e7u cet apr\u00e8s-midi un hommage national pr\u00e9sid\u00e9 par Emmanuel Macron. Le chef de l&rsquo;\u00c9tat a prononc\u00e9 l&rsquo;\u00e9loge fun\u00e8bre \u00e0 l&rsquo;H\u00f4tel national des Invalides, apr\u00e8s des prises de parole de Fabrice Luchini, Muriel Robin, et Pierre Arditi. Au moment de l&rsquo;hommage de [&hellip;]<\/p>\n","protected":false},"author":2,"featured_media":21231,"comment_status":"open","ping_status":"open","sticky":false,"template":"","format":"standard","meta":{"_jetpack_memberships_contains_paid_content":false,"footnotes":"","jetpack_publicize_message":"","jetpack_publicize_feature_enabled":true,"jetpack_social_post_already_shared":true,"jetpack_social_options":{"image_generator_settings":{"template":"highway","default_image_id":0,"font":"","enabled":false},"version":2},"_wpas_customize_per_network":false},"categories":[405],"tags":[],"class_list":["post-21230","post","type-post","status-publish","format-standard","has-post-thumbnail","hentry","category-actu-france-monde"],"jetpack_publicize_connections":[],"jetpack_featured_media_url":"https:\/\/i0.wp.com\/www.iceagetv.com\/radiosite\/wp-content\/uploads\/2022\/04\/Hommage-a-Michel-Bouquet.jpg?fit=679%2C293&ssl=1","jetpack_sharing_enabled":true,"_links":{"self":[{"href":"https:\/\/www.iceagetv.com\/radiosite\/wp-json\/wp\/v2\/posts\/21230","targetHints":{"allow":["GET"]}}],"collection":[{"href":"https:\/\/www.iceagetv.com\/radiosite\/wp-json\/wp\/v2\/posts"}],"about":[{"href":"https:\/\/www.iceagetv.com\/radiosite\/wp-json\/wp\/v2\/types\/post"}],"author":[{"embeddable":true,"href":"https:\/\/www.iceagetv.com\/radiosite\/wp-json\/wp\/v2\/users\/2"}],"replies":[{"embeddable":true,"href":"https:\/\/www.iceagetv.com\/radiosite\/wp-json\/wp\/v2\/comments?post=21230"}],"version-history":[{"count":1,"href":"https:\/\/www.iceagetv.com\/radiosite\/wp-json\/wp\/v2\/posts\/21230\/revisions"}],"predecessor-version":[{"id":21232,"href":"https:\/\/www.iceagetv.com\/radiosite\/wp-json\/wp\/v2\/posts\/21230\/revisions\/21232"}],"wp:featuredmedia":[{"embeddable":true,"href":"https:\/\/www.iceagetv.com\/radiosite\/wp-json\/wp\/v2\/media\/21231"}],"wp:attachment":[{"href":"https:\/\/www.iceagetv.com\/radiosite\/wp-json\/wp\/v2\/media?parent=21230"}],"wp:term":[{"taxonomy":"category","embeddable":true,"href":"https:\/\/www.iceagetv.com\/radiosite\/wp-json\/wp\/v2\/categories?post=21230"},{"taxonomy":"post_tag","embeddable":true,"href":"https:\/\/www.iceagetv.com\/radiosite\/wp-json\/wp\/v2\/tags?post=21230"}],"curies":[{"name":"wp","href":"https:\/\/api.w.org\/{rel}","templated":true}]}}