{"id":21233,"date":"2022-04-27T19:21:33","date_gmt":"2022-04-27T19:21:33","guid":{"rendered":"http:\/\/www.iceagetv.com\/radiosite\/?p=21233"},"modified":"2022-04-27T19:21:33","modified_gmt":"2022-04-27T19:21:33","slug":"une-journaliste-de-france-bleu-creuse-agressee-dimanche-par-un-militant-du-rn-porte-plainte","status":"publish","type":"post","link":"https:\/\/www.iceagetv.com\/radiosite\/une-journaliste-de-france-bleu-creuse-agressee-dimanche-par-un-militant-du-rn-porte-plainte\/","title":{"rendered":"Une journaliste de France bleu Creuse, agress\u00e9e dimanche par un militant du RN, porte plainte"},"content":{"rendered":"\n<p>Aujourd\u2019hui, j\u2019ai port\u00e9 plainte. Pour violence avec usage d\u2019une arme. J\u2019ai \u00e9t\u00e9 agress\u00e9e parce que je suis #journaliste.\u00a0<em>Juste\u00a0<\/em>parce que je suis journaliste \u00bb, a r\u00e9v\u00e9l\u00e9 mardi la journaliste de France bleu Creuse, Fany Boucaud, sur Twitter. L\u2019agression aurait eu lieu alors qu\u2019elle couvrait la soir\u00e9e \u00e9lectorale du 24 avril aux c\u00f4t\u00e9s de militants du Rassemblement national \u00e0 Bourganeuf, commune situ\u00e9e \u00e0 50 km de Limoges, selon\u00a0<a rel=\"noreferrer noopener\" href=\"https:\/\/www.lamontagne.fr\/gueret-23000\/actualites\/une-journaliste-de-france-bleu-creuse-agressee-lors-de-la-soiree-electorale-du-rassemblement-national-a-bourganeuf_14121798\/\" target=\"_blank\">La Montagne<\/a>.C\u2019est le fait d\u2019un homme, un seul. Et en aucun cas, je ne souhaite que l\u2019on stigmatise les militants, choqu\u00e9s tout comme moi, de cette agression \u00bb, a-t-elle poursuivi. Selon La Montagne, un militant du Rassemblement national l\u2019aurait insult\u00e9e \u00ab durant de longues minutes \u00bb. \u00ab Il a vu que j\u2019\u00e9tais journaliste et a commenc\u00e9 \u00e0 me traiter de gauchiste. Je n\u2019ai pas relev\u00e9 \u00bb, a-t-elle expliqu\u00e9 au journal r\u00e9gional. \u00ab Apr\u00e8s lui avoir demand\u00e9 de\u00a0<em>d\u00e9gager<\/em>, l\u2019homme a ensuite lanc\u00e9 une chaise de bar en m\u00e9tal dans sa direction \u00bb, a expliqu\u00e9 le Syndicat des Journalistes de Radio France. \u00ab Elle a \u00e9t\u00e9 touch\u00e9e mais pas bless\u00e9e parce qu\u2019elle a r\u00e9agi vite \u00bb.La journaliste a expliqu\u00e9, sur le r\u00e9seau social, avoir port\u00e9 plainte pour ses \u00ab cons\u0153urs et confr\u00e8res, qui font un m\u00e9tier important pour que la d\u00e9mocratie perdure et que nous puissions continuer \u00e0 donner la parole \u00e0 tous. Et en s\u00e9curit\u00e9 \u00bb.<\/p>\n","protected":false},"excerpt":{"rendered":"<p>Aujourd\u2019hui, j\u2019ai port\u00e9 plainte. Pour violence avec usage d\u2019une arme. J\u2019ai \u00e9t\u00e9 agress\u00e9e parce que je suis #journaliste.\u00a0Juste\u00a0parce que je suis journaliste \u00bb, a r\u00e9v\u00e9l\u00e9 mardi la journaliste de France bleu Creuse, Fany Boucaud, sur Twitter. L\u2019agression aurait eu lieu alors qu\u2019elle couvrait la soir\u00e9e \u00e9lectorale du 24 avril aux c\u00f4t\u00e9s de militants du Rassemblement [&hellip;]<\/p>\n","protected":false},"author":2,"featured_media":21234,"comment_status":"open","ping_status":"open","sticky":false,"template":"","format":"standard","meta":{"_jetpack_memberships_contains_paid_content":false,"footnotes":"","jetpack_publicize_message":"","jetpack_publicize_feature_enabled":true,"jetpack_social_post_already_shared":true,"jetpack_social_options":{"image_generator_settings":{"template":"highway","default_image_id":0,"font":"","enabled":false},"version":2},"_wpas_customize_per_network":false},"categories":[405],"tags":[3052,3051],"class_list":["post-21233","post","type-post","status-publish","format-standard","has-post-thumbnail","hentry","category-actu-france-monde","tag-agressee-dimanche-par-un-militant-du-rn","tag-une-journaliste-de-france-bleu-creuse"],"jetpack_publicize_connections":[],"jetpack_featured_media_url":"https:\/\/i0.wp.com\/www.iceagetv.com\/radiosite\/wp-content\/uploads\/2022\/04\/Une-journaliste-de-France-bleu-Creuse-agressee-dimanche-par-un-militant-du-RN-porte-plainte.jpg?fit=680%2C383&ssl=1","jetpack_sharing_enabled":true,"_links":{"self":[{"href":"https:\/\/www.iceagetv.com\/radiosite\/wp-json\/wp\/v2\/posts\/21233","targetHints":{"allow":["GET"]}}],"collection":[{"href":"https:\/\/www.iceagetv.com\/radiosite\/wp-json\/wp\/v2\/posts"}],"about":[{"href":"https:\/\/www.iceagetv.com\/radiosite\/wp-json\/wp\/v2\/types\/post"}],"author":[{"embeddable":true,"href":"https:\/\/www.iceagetv.com\/radiosite\/wp-json\/wp\/v2\/users\/2"}],"replies":[{"embeddable":true,"href":"https:\/\/www.iceagetv.com\/radiosite\/wp-json\/wp\/v2\/comments?post=21233"}],"version-history":[{"count":1,"href":"https:\/\/www.iceagetv.com\/radiosite\/wp-json\/wp\/v2\/posts\/21233\/revisions"}],"predecessor-version":[{"id":21235,"href":"https:\/\/www.iceagetv.com\/radiosite\/wp-json\/wp\/v2\/posts\/21233\/revisions\/21235"}],"wp:featuredmedia":[{"embeddable":true,"href":"https:\/\/www.iceagetv.com\/radiosite\/wp-json\/wp\/v2\/media\/21234"}],"wp:attachment":[{"href":"https:\/\/www.iceagetv.com\/radiosite\/wp-json\/wp\/v2\/media?parent=21233"}],"wp:term":[{"taxonomy":"category","embeddable":true,"href":"https:\/\/www.iceagetv.com\/radiosite\/wp-json\/wp\/v2\/categories?post=21233"},{"taxonomy":"post_tag","embeddable":true,"href":"https:\/\/www.iceagetv.com\/radiosite\/wp-json\/wp\/v2\/tags?post=21233"}],"curies":[{"name":"wp","href":"https:\/\/api.w.org\/{rel}","templated":true}]}}