{"id":21245,"date":"2022-04-29T06:53:36","date_gmt":"2022-04-29T06:53:36","guid":{"rendered":"http:\/\/www.iceagetv.com\/radiosite\/?p=21245"},"modified":"2022-04-29T06:53:36","modified_gmt":"2022-04-29T06:53:36","slug":"coronavirus-le-port-du-masque-en-exterieur-une-des-dernieres-restrictions-sanitaires-encore-en-vigueur-en-coree-du-sud-cessera-detre-obligatoire-a-partir-de-lundi","status":"publish","type":"post","link":"https:\/\/www.iceagetv.com\/radiosite\/coronavirus-le-port-du-masque-en-exterieur-une-des-dernieres-restrictions-sanitaires-encore-en-vigueur-en-coree-du-sud-cessera-detre-obligatoire-a-partir-de-lundi\/","title":{"rendered":"Coronavirus : Le port du masque en ext\u00e9rieur, une des derni\u00e8res restrictions sanitaires encore en vigueur en Cor\u00e9e du Sud, cessera d&rsquo;\u00eatre obligatoire \u00e0 partir de lundi"},"content":{"rendered":"\n<p>Le port du masque en ext\u00e9rieur, une des derni\u00e8res restrictions sanitaires encore en vigueur en Cor\u00e9e du Sud, cessera d&rsquo;\u00eatre obligatoire \u00e0 partir de lundi, ont annonc\u00e9 vendredi les autorit\u00e9s. Coronavirus &#8211; Cor\u00e9e du Sud: fin du masque obligatoire \u00e0 l&rsquo;ext\u00e9rieur Le masque restera obligatoire dans les transports, \u00e0 l&rsquo;int\u00e9rieur des lieux publics ainsi que pour participer \u00e0 des rassemblements de plus de 50 personnes \u00e0 l&rsquo;ext\u00e9rieur, a indiqu\u00e9 Jeong Eun-kyeong, directrice de l&rsquo;Agence cor\u00e9enne de contr\u00f4le et de pr\u00e9vention des maladies.<\/p>\n\n\n\n<p>\u00ab\u00a0Tout ceci est possible gr\u00e2ce \u00e0 la patience et la coop\u00e9ration de la population sur une longue dur\u00e9e\u00a0\u00bb, s&rsquo;est-elle f\u00e9licit\u00e9.<\/p>\n\n\n\n<p>La Cor\u00e9e du Sud avait enregistr\u00e9 mi-mars un pic de plus de 620.000 cas de Covid-19 par jour, mais les contaminations sont depuis en \u00ab\u00a0diminution r\u00e9guli\u00e8re\u00a0\u00bb, le nombre de patients gravement atteints aussi, et les capacit\u00e9s hospitali\u00e8res sont suffisantes, a expliqu\u00e9 Mme Jeong.<\/p>\n\n\n\n<p>Plus de 86% des quelque 51 millions d&rsquo;habitants de la Cor\u00e9e du Sud sont totalement vaccin\u00e9s. Les autorit\u00e9s du pays ont lev\u00e9 ces derni\u00e8res semaines la plupart des autres restrictions, notamment le couvre-feu pour les cin\u00e9mas et restaurants, la limitation des rassemblements et la quarantaine pour les voyageurs \u00e0 l&rsquo;arriv\u00e9e.<\/p>\n","protected":false},"excerpt":{"rendered":"<p>Le port du masque en ext\u00e9rieur, une des derni\u00e8res restrictions sanitaires encore en vigueur en Cor\u00e9e du Sud, cessera d&rsquo;\u00eatre obligatoire \u00e0 partir de lundi, ont annonc\u00e9 vendredi les autorit\u00e9s. Coronavirus &#8211; Cor\u00e9e du Sud: fin du masque obligatoire \u00e0 l&rsquo;ext\u00e9rieur Le masque restera obligatoire dans les transports, \u00e0 l&rsquo;int\u00e9rieur des lieux publics ainsi que [&hellip;]<\/p>\n","protected":false},"author":2,"featured_media":21246,"comment_status":"open","ping_status":"open","sticky":false,"template":"","format":"standard","meta":{"_jetpack_memberships_contains_paid_content":false,"footnotes":"","jetpack_publicize_message":"","jetpack_publicize_feature_enabled":true,"jetpack_social_post_already_shared":true,"jetpack_social_options":{"image_generator_settings":{"template":"highway","default_image_id":0,"font":"","enabled":false},"version":2},"_wpas_customize_per_network":false},"categories":[405],"tags":[],"class_list":["post-21245","post","type-post","status-publish","format-standard","has-post-thumbnail","hentry","category-actu-france-monde"],"jetpack_publicize_connections":[],"jetpack_featured_media_url":"https:\/\/i0.wp.com\/www.iceagetv.com\/radiosite\/wp-content\/uploads\/2022\/04\/Le-port-du-masque-en-exterieur.jpg?fit=679%2C293&ssl=1","jetpack_sharing_enabled":true,"_links":{"self":[{"href":"https:\/\/www.iceagetv.com\/radiosite\/wp-json\/wp\/v2\/posts\/21245","targetHints":{"allow":["GET"]}}],"collection":[{"href":"https:\/\/www.iceagetv.com\/radiosite\/wp-json\/wp\/v2\/posts"}],"about":[{"href":"https:\/\/www.iceagetv.com\/radiosite\/wp-json\/wp\/v2\/types\/post"}],"author":[{"embeddable":true,"href":"https:\/\/www.iceagetv.com\/radiosite\/wp-json\/wp\/v2\/users\/2"}],"replies":[{"embeddable":true,"href":"https:\/\/www.iceagetv.com\/radiosite\/wp-json\/wp\/v2\/comments?post=21245"}],"version-history":[{"count":1,"href":"https:\/\/www.iceagetv.com\/radiosite\/wp-json\/wp\/v2\/posts\/21245\/revisions"}],"predecessor-version":[{"id":21247,"href":"https:\/\/www.iceagetv.com\/radiosite\/wp-json\/wp\/v2\/posts\/21245\/revisions\/21247"}],"wp:featuredmedia":[{"embeddable":true,"href":"https:\/\/www.iceagetv.com\/radiosite\/wp-json\/wp\/v2\/media\/21246"}],"wp:attachment":[{"href":"https:\/\/www.iceagetv.com\/radiosite\/wp-json\/wp\/v2\/media?parent=21245"}],"wp:term":[{"taxonomy":"category","embeddable":true,"href":"https:\/\/www.iceagetv.com\/radiosite\/wp-json\/wp\/v2\/categories?post=21245"},{"taxonomy":"post_tag","embeddable":true,"href":"https:\/\/www.iceagetv.com\/radiosite\/wp-json\/wp\/v2\/tags?post=21245"}],"curies":[{"name":"wp","href":"https:\/\/api.w.org\/{rel}","templated":true}]}}