{"id":21248,"date":"2022-04-29T06:59:07","date_gmt":"2022-04-29T06:59:07","guid":{"rendered":"http:\/\/www.iceagetv.com\/radiosite\/?p=21248"},"modified":"2022-04-29T06:59:07","modified_gmt":"2022-04-29T06:59:07","slug":"legislatives-un-accord-a-ete-conclu-entre-la-france-insoumise-et-generations","status":"publish","type":"post","link":"https:\/\/www.iceagetv.com\/radiosite\/legislatives-un-accord-a-ete-conclu-entre-la-france-insoumise-et-generations\/","title":{"rendered":"L\u00e9gislatives : un accord a \u00e9t\u00e9 conclu entre La France insoumise et G\u00e9n\u00e9rations"},"content":{"rendered":"\n<p>La France insoumise&nbsp;tient son premier accord. Le parti de Jean-Luc M\u00e9lenchon a conclu avec G\u00e9n\u00e9rations, le mouvement fond\u00e9 par Beno\u00eet Hamon, un accord&nbsp;<a href=\"https:\/\/www.francetvinfo.fr\/elections\/legislatives\/elections-legislatives-de-la-france-insoumise-au-parti-socialiste-la-gauche-reussira-t-elle-a-s-unir_5105515.html\">pour les l\u00e9gislatives<\/a>. Le nombre de circonscriptions r\u00e9serv\u00e9es \u00e0 G\u00e9n\u00e9rations n&rsquo;est<em>&nbsp;\u00ab\u00a0pas fix\u00e9\u00a0\u00bb<\/em>, selon le&nbsp;coordinateur national du parti,&nbsp;Benjamin Lucas, mais la formation esp\u00e8re&nbsp;<em>\u00ab\u00a0au moins 10 \u00e0 15 circonscriptions\u00a0\u00bb<\/em>.&nbsp;Ce direct est d\u00e9sormais termin\u00e9.<\/p>\n\n\n\n<p><strong>&nbsp;Mise en garde<\/strong><strong>&nbsp;de Fran\u00e7ois Hollande.<\/strong>&nbsp;En cas d&rsquo;accord \u00e9lectoral avec La France insoumise \u00e0 l&rsquo;occasion des \u00e9lections l\u00e9gislatives, le Parti socialiste risque de&nbsp;<em>\u00ab\u00a0dispara\u00eetre\u00a0\u00bb<\/em>, selon&nbsp;l&rsquo;ancien pr\u00e9sident. Invit\u00e9 de franceinfo, l&rsquo;ancien pr\u00e9sident socialiste estime que l&rsquo;accord propos\u00e9 aux socialistes&nbsp;par LFI&nbsp;<em>\u00ab\u00a0met en cause des principes m\u00eame des fondements du PS\u00a0\u00bb<\/em>.&nbsp;<\/p>\n\n\n\n<p><strong>&nbsp;La gauche n\u00e9gocie encore l&rsquo;union.&nbsp;<\/strong>Les diff\u00e9rents partis de gauche continuent \u00e0 n\u00e9gocier pour t\u00e2cher de pr\u00e9senter des candidats uniques lors des \u00e9lections l\u00e9gislatives. A midi, l&rsquo;ancien candidat communiste Fabien Roussel doit donner une conf\u00e9rence de presse pour faire le point sur l&rsquo;avanc\u00e9e des discussions.&nbsp;<\/p>\n\n\n\n<p><strong>&nbsp;Le RN lance sa campagne.&nbsp;<\/strong>A l&rsquo;extr\u00eame droite,&nbsp;Jordan Bardella va donner \u00e0 17&nbsp;heures \u00e0 Fr\u00e9jus le coup d&rsquo;envoi de la campagne du Rassemblement national pour les l\u00e9gislatives. Il devrait en profiter pour pr\u00e9senter les candidats du parti dans ce d\u00e9partement. Voici&nbsp;<a href=\"https:\/\/www.francetvinfo.fr\/elections\/legislatives\/elections-legislatives-comment-marine-le-pen-et-le-rassemblement-national-se-mettent-en-ordre-de-bataille_5103730.html\">comment le parti de Marine Le Pen entend mener cette bataille<\/a>.<\/p>\n\n\n\n<p><strong>&nbsp;La majorit\u00e9 fait du pied \u00e0 la gauche.&nbsp;<\/strong>Richard Ferrand, le pr\u00e9sident de l&rsquo;Assembl\u00e9e nationale,&nbsp;a lanc\u00e9&nbsp;<em>\u00ab\u00a0un appel aux femmes et aux hommes de gauche\u00a0\u00bb<\/em>&nbsp;\u00e0 rejoindre la majorit\u00e9&nbsp;<em>\u00ab\u00a0pour apporter leur sensibilit\u00e9, leurs priorit\u00e9s, leurs pr\u00e9occupations\u00a0\u00bb<\/em>.&nbsp;<em>\u00ab\u00a0Notre rassemblement, d\u00e9j\u00e0 vaste, a vocation \u00e0 s&rsquo;\u00e9largir\u00a0\u00bb<\/em>, dit-il dans un&nbsp;entretien au<em>&nbsp;<a href=\"https:\/\/www.midilibre.fr\/2022\/04\/27\/exclusif-richard-ferrand-lance-un-appel-a-la-gauche-socialistes-et-ecologistes-ont-toute-leur-place-dans-notre-majorite-10262907.php\" target=\"_blank\" rel=\"noreferrer noopener\">Midi Libre<\/a><\/em>.<\/p>\n","protected":false},"excerpt":{"rendered":"<p>La France insoumise&nbsp;tient son premier accord. Le parti de Jean-Luc M\u00e9lenchon a conclu avec G\u00e9n\u00e9rations, le mouvement fond\u00e9 par Beno\u00eet Hamon, un accord&nbsp;pour les l\u00e9gislatives. Le nombre de circonscriptions r\u00e9serv\u00e9es \u00e0 G\u00e9n\u00e9rations n&rsquo;est&nbsp;\u00ab\u00a0pas fix\u00e9\u00a0\u00bb, selon le&nbsp;coordinateur national du parti,&nbsp;Benjamin Lucas, mais la formation esp\u00e8re&nbsp;\u00ab\u00a0au moins 10 \u00e0 15 circonscriptions\u00a0\u00bb.&nbsp;Ce direct est d\u00e9sormais termin\u00e9. &nbsp;Mise en [&hellip;]<\/p>\n","protected":false},"author":2,"featured_media":21249,"comment_status":"open","ping_status":"open","sticky":false,"template":"","format":"standard","meta":{"_jetpack_memberships_contains_paid_content":false,"footnotes":"","jetpack_publicize_message":"","jetpack_publicize_feature_enabled":true,"jetpack_social_post_already_shared":true,"jetpack_social_options":{"image_generator_settings":{"template":"highway","default_image_id":0,"font":"","enabled":false},"version":2},"_wpas_customize_per_network":false},"categories":[405],"tags":[],"class_list":["post-21248","post","type-post","status-publish","format-standard","has-post-thumbnail","hentry","category-actu-france-monde"],"jetpack_publicize_connections":[],"jetpack_featured_media_url":"https:\/\/i0.wp.com\/www.iceagetv.com\/radiosite\/wp-content\/uploads\/2022\/04\/un-accord-a-ete-conclu-entre-La-France-insoumise-et-Generations.jpg?fit=770%2C433&ssl=1","jetpack_sharing_enabled":true,"_links":{"self":[{"href":"https:\/\/www.iceagetv.com\/radiosite\/wp-json\/wp\/v2\/posts\/21248","targetHints":{"allow":["GET"]}}],"collection":[{"href":"https:\/\/www.iceagetv.com\/radiosite\/wp-json\/wp\/v2\/posts"}],"about":[{"href":"https:\/\/www.iceagetv.com\/radiosite\/wp-json\/wp\/v2\/types\/post"}],"author":[{"embeddable":true,"href":"https:\/\/www.iceagetv.com\/radiosite\/wp-json\/wp\/v2\/users\/2"}],"replies":[{"embeddable":true,"href":"https:\/\/www.iceagetv.com\/radiosite\/wp-json\/wp\/v2\/comments?post=21248"}],"version-history":[{"count":1,"href":"https:\/\/www.iceagetv.com\/radiosite\/wp-json\/wp\/v2\/posts\/21248\/revisions"}],"predecessor-version":[{"id":21250,"href":"https:\/\/www.iceagetv.com\/radiosite\/wp-json\/wp\/v2\/posts\/21248\/revisions\/21250"}],"wp:featuredmedia":[{"embeddable":true,"href":"https:\/\/www.iceagetv.com\/radiosite\/wp-json\/wp\/v2\/media\/21249"}],"wp:attachment":[{"href":"https:\/\/www.iceagetv.com\/radiosite\/wp-json\/wp\/v2\/media?parent=21248"}],"wp:term":[{"taxonomy":"category","embeddable":true,"href":"https:\/\/www.iceagetv.com\/radiosite\/wp-json\/wp\/v2\/categories?post=21248"},{"taxonomy":"post_tag","embeddable":true,"href":"https:\/\/www.iceagetv.com\/radiosite\/wp-json\/wp\/v2\/tags?post=21248"}],"curies":[{"name":"wp","href":"https:\/\/api.w.org\/{rel}","templated":true}]}}