{"id":21273,"date":"2022-05-03T16:18:32","date_gmt":"2022-05-03T16:18:32","guid":{"rendered":"http:\/\/www.iceagetv.com\/radiosite\/?p=21273"},"modified":"2022-05-03T16:18:32","modified_gmt":"2022-05-03T16:18:32","slug":"guerre-en-ukraine-la-russie-a-lance-une-offensive-sur-lusine-azovstal-a-marioupol-deux-cents-civils-y-seraient-encore-refugies","status":"publish","type":"post","link":"https:\/\/www.iceagetv.com\/radiosite\/guerre-en-ukraine-la-russie-a-lance-une-offensive-sur-lusine-azovstal-a-marioupol-deux-cents-civils-y-seraient-encore-refugies\/","title":{"rendered":"Guerre en Ukraine  : La Russie a lanc\u00e9 une offensive sur l\u2019usine Azovstal \u00e0 Marioupol, deux cents civils y seraient encore r\u00e9fugi\u00e9s"},"content":{"rendered":"\n<h2 class=\"wp-block-heading\">Emmanuel Macron appelle la Russie \u00e0 \u00ab&nbsp;\u00eatre \u00e0 la hauteur de ses responsabilit\u00e9s de membre permanent du Conseil de s\u00e9curit\u00e9&nbsp;\u00bb de l\u2019ONU<\/h2>\n\n\n\n<p>Au cours d\u2019un nouvel \u00e9change t\u00e9l\u00e9phonique avec le pr\u00e9sident russe, Emmanuel Macron a appel\u00e9 Moscou \u00e0&nbsp;<em>\u00ab&nbsp;\u00eatre \u00e0 la hauteur de ses responsabilit\u00e9s de membre permanent du Conseil de s\u00e9curit\u00e9&nbsp;\u00bb<\/em>&nbsp;de l\u2019ONU, a fait savoir l\u2019Elys\u00e9e dans un communiqu\u00e9,&nbsp;<em>\u00ab&nbsp;en mettant un terme \u00e0 cette agression d\u00e9vastatrice&nbsp;\u00bb<\/em>.<\/p>\n\n\n\n<p>Le pr\u00e9sident fran\u00e7ais a aussi r\u00e9clam\u00e9 que la Russie&nbsp;<em>\u00ab&nbsp;permet<\/em>[te]&nbsp;<em>la poursuite des \u00e9vacuations&nbsp;\u00bb<\/em>&nbsp;de civils cach\u00e9s dans l\u2019usine Azovstal \u00e0 Marioupol, poursuit le communiqu\u00e9. Cette \u00e9vacuation doit se faire&nbsp;<em>\u00ab&nbsp;en coordination avec les acteurs humanitaires et en laissant le choix aux \u00e9vacu\u00e9s de leur destination, conform\u00e9ment au droit international humanitaire&nbsp;\u00bb<\/em>, a pr\u00e9cis\u00e9 la pr\u00e9sidence fran\u00e7aise, alors que l\u2019arm\u00e9e russe a lanc\u00e9 mardi un assaut contre le complexe m\u00e9tallurgique.<\/p>\n\n\n\n<p>Bien que le pr\u00e9sident fran\u00e7ais ait\u00a0<em>\u00ab\u00a0renouvel\u00e9 son exigence de cessez-le-feu\u00a0\u00bb<\/em>\u00a0et exprim\u00e9 sa\u00a0<em>\u00ab\u00a0profonde inqui\u00e9tude\u00a0\u00bb<\/em>\u00a0concernant Marioupol et le Donbass, il a aussi r\u00e9p\u00e9t\u00e9 sa disponibilit\u00e9 pour\u00a0<em>\u00ab\u00a0\u0153uvrer aux conditions d\u2019une solution n\u00e9goci\u00e9e\u00a0\u00bb<\/em>\u00a0entre l\u2019Ukraine et la Russie.<\/p>\n\n\n\n<h2 class=\"wp-block-heading\">Une cinqui\u00e8me enqu\u00eate ouverte en France pour \u00ab&nbsp;crimes de guerre&nbsp;\u00bb<\/h2>\n\n\n\n<p>Le Parquet national antiterroriste (PNAT) a annonc\u00e9, mardi, l\u2019ouverture d\u2019une cinqui\u00e8me enqu\u00eate pour&nbsp;<em>\u00ab&nbsp;crimes de guerre&nbsp;\u00bb<\/em>&nbsp;pour des faits commis entre le 26&nbsp;mars et le 7&nbsp;avril contre un Fran\u00e7ais \u00e0 Borodianka et \u00e0 Velykyi Lis, pr\u00e8s de Kiev.<\/p>\n\n\n\n<p>Les crimes de guerre vis\u00e9s correspondent notamment \u00e0 des&nbsp;<em>\u00ab&nbsp;atteintes volontaires \u00e0 la vie, des atteintes volontaires \u00e0 l\u2019int\u00e9grit\u00e9 physique ou psychique de la personne&nbsp;\u00bb<\/em>&nbsp;et des&nbsp;<em>\u00ab&nbsp;vols ou extorsions&nbsp;\u00bb<\/em>&nbsp;commis&nbsp;<em>\u00ab&nbsp;\u00e0 l\u2019encontre d\u2019une personne prot\u00e9g\u00e9e par le droit international des conflits arm\u00e9s en vertu des lois et coutumes de guerre et du droit international humanitaire&nbsp;\u00bb<\/em>, a pr\u00e9cis\u00e9 le PNAT. La victime poss\u00e8de la nationalit\u00e9 fran\u00e7aise et a \u00e9t\u00e9 bless\u00e9e. Borodianka a \u00e9t\u00e9, selon les autorit\u00e9s ukrainiennes, le th\u00e9\u00e2tre de&nbsp;<em>\u00ab&nbsp;massacres de civils&nbsp;\u00bb<\/em>&nbsp;durant le mois de mars, lorsque les forces russes occupaient la ville.<\/p>\n\n\n\n<p>Une premi\u00e8re enqu\u00eate a \u00e9t\u00e9 ouverte par le PNAT apr\u00e8s le d\u00e9c\u00e8s de Pierre Zakrzewski, un journaliste franco-irlandais, le 14&nbsp;mars, \u00e0 Horenka, pr\u00e8s de la capitale ukrainienne. Puis trois autres ont \u00e9t\u00e9 ouvertes pour des faits commis \u00e0 Marioupol entre le 25&nbsp;f\u00e9vrier et le 16&nbsp;mars, \u00e0 Hostomel entre le 1<sup>er<\/sup>&nbsp;et le 12&nbsp;mars et \u00e0 Tchernihiv depuis le 24&nbsp;f\u00e9vrier, date \u00e0 laquelle les troupes russes ont envahi l\u2019Ukraine, avait d\u00e9taill\u00e9 le PNAT, comp\u00e9tent pour ce type d\u2019infraction.<\/p>\n\n\n\n<p>Ces trois enqu\u00eates concernent des Fran\u00e7ais de retour d\u2019Ukraine qui&nbsp;<em>\u00ab&nbsp;se sont d\u00e9clar\u00e9s comme victimes de crimes de guerre&nbsp;\u00bb<\/em>, avait alors pr\u00e9cis\u00e9 le g\u00e9n\u00e9ral Jean-Philippe Reiland, chef de l\u2019Office central de lutte contre les crimes contre l\u2019humanit\u00e9, les g\u00e9nocides et les crimes de guerre (OCLCH), charg\u00e9 des cinq enqu\u00eates.<\/p>\n\n\n\n<p>La justice fran\u00e7aise ne peut ouvrir d\u2019enqu\u00eates pour des faits commis hors du territoire fran\u00e7ais que si une victime est fran\u00e7aise, si l\u2019auteur du crime de guerre all\u00e9gu\u00e9 est fran\u00e7ais ou si l\u2019auteur de l\u2019infraction a sa r\u00e9sidence habituelle sur le sol fran\u00e7ais.<\/p>\n","protected":false},"excerpt":{"rendered":"<p>Emmanuel Macron appelle la Russie \u00e0 \u00ab&nbsp;\u00eatre \u00e0 la hauteur de ses responsabilit\u00e9s de membre permanent du Conseil de s\u00e9curit\u00e9&nbsp;\u00bb de l\u2019ONU Au cours d\u2019un nouvel \u00e9change t\u00e9l\u00e9phonique avec le pr\u00e9sident russe, Emmanuel Macron a appel\u00e9 Moscou \u00e0&nbsp;\u00ab&nbsp;\u00eatre \u00e0 la hauteur de ses responsabilit\u00e9s de membre permanent du Conseil de s\u00e9curit\u00e9&nbsp;\u00bb&nbsp;de l\u2019ONU, a fait savoir [&hellip;]<\/p>\n","protected":false},"author":2,"featured_media":21274,"comment_status":"open","ping_status":"open","sticky":false,"template":"","format":"standard","meta":{"_jetpack_memberships_contains_paid_content":false,"footnotes":"","jetpack_publicize_message":"","jetpack_publicize_feature_enabled":true,"jetpack_social_post_already_shared":true,"jetpack_social_options":{"image_generator_settings":{"template":"highway","default_image_id":0,"font":"","enabled":false},"version":2},"_wpas_customize_per_network":false},"categories":[405],"tags":[],"class_list":["post-21273","post","type-post","status-publish","format-standard","has-post-thumbnail","hentry","category-actu-france-monde"],"jetpack_publicize_connections":[],"jetpack_featured_media_url":"https:\/\/i0.wp.com\/www.iceagetv.com\/radiosite\/wp-content\/uploads\/2022\/05\/La-Russie-a-lance-une-offensive-sur-lusine-Azovstal.png?fit=883%2C314&ssl=1","jetpack_sharing_enabled":true,"_links":{"self":[{"href":"https:\/\/www.iceagetv.com\/radiosite\/wp-json\/wp\/v2\/posts\/21273","targetHints":{"allow":["GET"]}}],"collection":[{"href":"https:\/\/www.iceagetv.com\/radiosite\/wp-json\/wp\/v2\/posts"}],"about":[{"href":"https:\/\/www.iceagetv.com\/radiosite\/wp-json\/wp\/v2\/types\/post"}],"author":[{"embeddable":true,"href":"https:\/\/www.iceagetv.com\/radiosite\/wp-json\/wp\/v2\/users\/2"}],"replies":[{"embeddable":true,"href":"https:\/\/www.iceagetv.com\/radiosite\/wp-json\/wp\/v2\/comments?post=21273"}],"version-history":[{"count":1,"href":"https:\/\/www.iceagetv.com\/radiosite\/wp-json\/wp\/v2\/posts\/21273\/revisions"}],"predecessor-version":[{"id":21275,"href":"https:\/\/www.iceagetv.com\/radiosite\/wp-json\/wp\/v2\/posts\/21273\/revisions\/21275"}],"wp:featuredmedia":[{"embeddable":true,"href":"https:\/\/www.iceagetv.com\/radiosite\/wp-json\/wp\/v2\/media\/21274"}],"wp:attachment":[{"href":"https:\/\/www.iceagetv.com\/radiosite\/wp-json\/wp\/v2\/media?parent=21273"}],"wp:term":[{"taxonomy":"category","embeddable":true,"href":"https:\/\/www.iceagetv.com\/radiosite\/wp-json\/wp\/v2\/categories?post=21273"},{"taxonomy":"post_tag","embeddable":true,"href":"https:\/\/www.iceagetv.com\/radiosite\/wp-json\/wp\/v2\/tags?post=21273"}],"curies":[{"name":"wp","href":"https:\/\/api.w.org\/{rel}","templated":true}]}}