{"id":21276,"date":"2022-05-03T16:24:19","date_gmt":"2022-05-03T16:24:19","guid":{"rendered":"http:\/\/www.iceagetv.com\/radiosite\/?p=21276"},"modified":"2022-05-03T16:24:19","modified_gmt":"2022-05-03T16:24:19","slug":"legislatives-2022-le-parti-communiste-enterine-un-accord-avec-la-france-insoumise","status":"publish","type":"post","link":"https:\/\/www.iceagetv.com\/radiosite\/legislatives-2022-le-parti-communiste-enterine-un-accord-avec-la-france-insoumise\/","title":{"rendered":"L\u00e9gislatives 2022 Le Parti communiste ent\u00e9rine un accord avec La France insoumise"},"content":{"rendered":"\n<h2 class=\"wp-block-heading\">Jean-Luc M\u00e9lenchon vient d\u2019arriver au si\u00e8ge de la France insoumise apr\u00e8s l\u2019accord avec le PCF<\/h2>\n\n\n\n<p>Le dirigeant de la France insoumise est arriv\u00e9 au si\u00e8ge de son mouvement politique, quelques minutes apr\u00e8s la finalisation de l\u2019accord avec le PCF sous la banni\u00e8re de la Nouvelle union populaire \u00e9cologiste et sociale en vue des \u00e9lections l\u00e9gislatives.<\/p>\n\n\n\n<h2 class=\"wp-block-heading\">La d\u00e9l\u00e9gation nationale du Parti communiste fran\u00e7ais finalise l\u2019accord avec La France insoumise en vue des l\u00e9gislatives<\/h2>\n\n\n\n<p>Le PCF rejoint Europe Ecologie-Les Verts sous la banni\u00e8re de la Nouvelle Union populaire \u00e9cologiste et sociale (NUPES) initi\u00e9e par La France insoumise. La d\u00e9l\u00e9gation nationale du PCF vient de finaliser cet accord&nbsp;<a href=\"https:\/\/www.pcf.fr\/accord_entre_la_france_insoumise_et_le_pcf_pour_les_prochaines_lections_l_gislatives\" target=\"_blank\" rel=\"noreferrer noopener\">dans un communiqu\u00e9<\/a>.&nbsp;<em>\u00ab&nbsp;La majorit\u00e9 pluraliste que nous voulons constituer reposera sur des groupes parlementaires de chacune des composantes et se dotera d\u2019un intergroupe pour compl\u00e9ter et poursuivre apr\u00e8s l\u2019\u00e9lection ce travail commun&nbsp;\u00bb,<\/em>&nbsp;fait savoir ce texte, qui ajoute&nbsp;:<\/p>\n\n\n\n<blockquote class=\"wp-block-quote is-layout-flow wp-block-quote-is-layout-flow\"><p>Nous partageons des objectifs programmatiques communs qui constitueront la base d\u2019un programme partag\u00e9 de gouvernement de plusieurs centaines de propositions.<\/p><\/blockquote>\n\n\n\n<p>Il n\u2019est pas question du nucl\u00e9aire dans ce communiqu\u00e9, point d\u2019achoppement majeur entre Jean-Luc M\u00e9lenchon et Fabien Roussel au cours de la campagne pr\u00e9sidentielle. Alors que le premier voulait en sortir, le second \u00e9tait favorable \u00e0 la construction de nouveaux r\u00e9acteurs.<\/p>\n\n\n\n<p>Le parti \u00e9tait en discussions depuis plusieurs jours avec le mouvement politique lanc\u00e9 par Jean-Luc M\u00e9lenchon. La d\u00e9l\u00e9gation communiste, venue discuter une heure dans la soir\u00e9e hier, \u00e9tait repartie avant minuit. Elle est revenue dans la nuit et, \u00e0 4\u00a0h\u00a030, l\u2019accord \u00e9tait conclu.<\/p>\n\n\n\n<h2 class=\"wp-block-heading\">Manuel Valls investi par La R\u00e9publique en marche dans la 5\u1d49 circonscription des Fran\u00e7ais de l\u2019\u00e9tranger<\/h2>\n\n\n\n<p>Nouvelle campagne pour Manuel Valls. L\u2019ancien premier ministre de Fran\u00e7ois Hollande va \u00eatre investi par La R\u00e9publique en marche dans la cinqui\u00e8me circonscription des Fran\u00e7ais de l\u2019\u00e9tranger, selon&nbsp;<em><a href=\"https:\/\/www.leparisien.fr\/elections\/legislatives\/legislatives-manuel-valls-candidat-de-la-majorite-presidentielle-dans-la-5e-circonscription-des-francais-de-letranger-03-05-2022-KUPNPTHXTFHT5DIUK6BFX4MOJM.php\" target=\"_blank\" rel=\"noreferrer noopener\">Le Parisien<\/a><\/em>&nbsp;et&nbsp;<em><a href=\"https:\/\/www.lefigaro.fr\/elections\/legislatives\/legislatives-2022-manuel-valls-candidat-lrem-des-francais-d-espagne-et-du-portugal-20220503?utm_medium=Social&amp;utm_campaign=echobox&amp;utm_source=Twitter&amp;origine=VWT16001#Echobox=1651589949-1\" target=\"_blank\" rel=\"noreferrer noopener\">Le Figaro<\/a><\/em>. Une information que&nbsp;<em>Le Monde<\/em>&nbsp;est en mesure de confirmer. Cette circonscription comprend l\u2019Espagne, le Portugal et les principaut\u00e9s d\u2019Andorre et de Monaco.<\/p>\n\n\n\n<p>En&nbsp;2017, apr\u00e8s sa d\u00e9faite \u00e0 la primaire de la gauche et la victoire d\u2019Emmanuel Macron \u00e0 la pr\u00e9sidentielle, Manuel Valls avait \u00e9t\u00e9 r\u00e9\u00e9lu d\u00e9put\u00e9 dans la premi\u00e8re circonscription de l\u2019Essonne avec l\u2019aval de la majorit\u00e9 pr\u00e9sidentielle. Il avait, par la suite, quitt\u00e9 son poste pour briguer la mairie de Barcelone, avant, finalement, d\u2019\u00e9chouer, se contentant d\u2019un poste de conseiller municipal. Un poste qu\u2019il quitta \u00e9galement pour revenir en France en ao\u00fbt&nbsp;2021.<\/p>\n\n\n\n<p>La cinqui\u00e8me circonscription des Fran\u00e7ais \u00e9tablis \u00e0 l\u2019\u00e9tranger est, pour le moment, occup\u00e9e par St\u00e9phane Vojetta, membre de La R\u00e9publique en marche. Emmanuel Macron y \u00e9tait arriv\u00e9 en t\u00eate, lors du premier tour de l\u2019\u00e9lection pr\u00e9sidentielle, avec 35&nbsp;% des voix. La liste compl\u00e8te des investitures de la majorit\u00e9 pr\u00e9sidentielle devrait \u00eatre connue dans les prochains jours.<\/p>\n","protected":false},"excerpt":{"rendered":"<p>Jean-Luc M\u00e9lenchon vient d\u2019arriver au si\u00e8ge de la France insoumise apr\u00e8s l\u2019accord avec le PCF Le dirigeant de la France insoumise est arriv\u00e9 au si\u00e8ge de son mouvement politique, quelques minutes apr\u00e8s la finalisation de l\u2019accord avec le PCF sous la banni\u00e8re de la Nouvelle union populaire \u00e9cologiste et sociale en vue des \u00e9lections l\u00e9gislatives. [&hellip;]<\/p>\n","protected":false},"author":2,"featured_media":21277,"comment_status":"open","ping_status":"open","sticky":false,"template":"","format":"standard","meta":{"_jetpack_memberships_contains_paid_content":false,"footnotes":"","jetpack_publicize_message":"","jetpack_publicize_feature_enabled":true,"jetpack_social_post_already_shared":true,"jetpack_social_options":{"image_generator_settings":{"template":"highway","default_image_id":0,"font":"","enabled":false},"version":2},"_wpas_customize_per_network":false},"categories":[405],"tags":[],"class_list":["post-21276","post","type-post","status-publish","format-standard","has-post-thumbnail","hentry","category-actu-france-monde"],"jetpack_publicize_connections":[],"jetpack_featured_media_url":"https:\/\/i0.wp.com\/www.iceagetv.com\/radiosite\/wp-content\/uploads\/2022\/05\/Le-Parti-communiste-enterine-un-accord-avec-La-France-insoumise.png?fit=796%2C360&ssl=1","jetpack_sharing_enabled":true,"_links":{"self":[{"href":"https:\/\/www.iceagetv.com\/radiosite\/wp-json\/wp\/v2\/posts\/21276","targetHints":{"allow":["GET"]}}],"collection":[{"href":"https:\/\/www.iceagetv.com\/radiosite\/wp-json\/wp\/v2\/posts"}],"about":[{"href":"https:\/\/www.iceagetv.com\/radiosite\/wp-json\/wp\/v2\/types\/post"}],"author":[{"embeddable":true,"href":"https:\/\/www.iceagetv.com\/radiosite\/wp-json\/wp\/v2\/users\/2"}],"replies":[{"embeddable":true,"href":"https:\/\/www.iceagetv.com\/radiosite\/wp-json\/wp\/v2\/comments?post=21276"}],"version-history":[{"count":1,"href":"https:\/\/www.iceagetv.com\/radiosite\/wp-json\/wp\/v2\/posts\/21276\/revisions"}],"predecessor-version":[{"id":21278,"href":"https:\/\/www.iceagetv.com\/radiosite\/wp-json\/wp\/v2\/posts\/21276\/revisions\/21278"}],"wp:featuredmedia":[{"embeddable":true,"href":"https:\/\/www.iceagetv.com\/radiosite\/wp-json\/wp\/v2\/media\/21277"}],"wp:attachment":[{"href":"https:\/\/www.iceagetv.com\/radiosite\/wp-json\/wp\/v2\/media?parent=21276"}],"wp:term":[{"taxonomy":"category","embeddable":true,"href":"https:\/\/www.iceagetv.com\/radiosite\/wp-json\/wp\/v2\/categories?post=21276"},{"taxonomy":"post_tag","embeddable":true,"href":"https:\/\/www.iceagetv.com\/radiosite\/wp-json\/wp\/v2\/tags?post=21276"}],"curies":[{"name":"wp","href":"https:\/\/api.w.org\/{rel}","templated":true}]}}