{"id":21284,"date":"2022-05-04T11:11:31","date_gmt":"2022-05-04T11:11:31","guid":{"rendered":"http:\/\/www.iceagetv.com\/radiosite\/?p=21284"},"modified":"2022-05-04T11:11:31","modified_gmt":"2022-05-04T11:11:31","slug":"la-mere-de-famille-de-38-ans-suspectee-davoir-commis-des-violences-sur-un-pompier-lors-de-la-manifestation-du-1er-mai-est-deferee-au-parquet-en-vue-dune-comparution-immediate-des-aujourdhui","status":"publish","type":"post","link":"https:\/\/www.iceagetv.com\/radiosite\/la-mere-de-famille-de-38-ans-suspectee-davoir-commis-des-violences-sur-un-pompier-lors-de-la-manifestation-du-1er-mai-est-deferee-au-parquet-en-vue-dune-comparution-immediate-des-aujourdhui\/","title":{"rendered":"La m\u00e8re de famille de 38 ans suspect\u00e9e d&rsquo;avoir commis des violences sur un pompier lors de la manifestation du 1er mai est d\u00e9f\u00e9r\u00e9e au parquet en vue d&rsquo;une comparution imm\u00e9diate d\u00e8s aujourd&rsquo;hui"},"content":{"rendered":"\n<p>La m\u00e8re de famille de 38 ans suspect\u00e9e d&rsquo;avoir commis des violences sur un pompier lors de la manifestation du 1er mai est d\u00e9f\u00e9r\u00e9e au parquet en vue d&rsquo;une comparution imm\u00e9diate d\u00e8s aujourd&rsquo;hui. La trentenaire, pr\u00e9sente dans la manifestation en tant que \u00abstreet medic\u00bb sera jug\u00e9e par le tribunal correctionnel pour \u00abviolences sur personne charg\u00e9e d&rsquo;une mission de service public, outrage, r\u00e9bellion, participation \u00e0 un groupement en vue de commettre des violences ou d\u00e9gradations lors d&rsquo;une manifestation et entrave \u00e0 l&rsquo;arriv\u00e9e des secours destin\u00e9s \u00e0 combattre un sinistre dangereux pour les personnes\u00bb, a fait savoir le parquet de Paris.<\/p>\n\n\n\n<p>Elle avait \u00e9t\u00e9 arr\u00eat\u00e9e par les forces de l\u2019ordre vers 18h dimanche dernier, pr\u00e8s de la place de la Nation, dans le 11e arrondissement de Paris<\/p>\n\n\n\n<p>Durant l\u2019interpellation, elle avait oppos\u00e9 une r\u00e9sistance. Sur elle, les fonctionnaires avaient retrouv\u00e9 un marteau, une paire de ciseaux et un masque \u00e0 gaz. Elle est d\u00e9j\u00e0 connue des services de police pour au moins deux faits de violence sur des agents de la force publique.<\/p>\n\n\n\n<p>\u00c2g\u00e9e de 38 ans, la m\u00e8re de famille se pr\u00e9sente sur les r\u00e9seaux sociaux comme travaillant dans le monde m\u00e9dical, et affirme \u00eatre oppos\u00e9e au vaccin contre le Covid-19. Elle a particip\u00e9 \u00e0 plusieurs manifestations, comme le Convoi de la libert\u00e9 ou le mouvement des Gilets Jaunes. Le 31 juillet, 2021, elle confiait \u00eatre soignante. \u00ab\u00a0J&rsquo;ai d\u00e9missionn\u00e9, parce que j&rsquo;estime que l&rsquo;on n&rsquo;a pas \u00e0 nous faire du chantage\u00a0\u00bb, disait-elle<\/p>\n","protected":false},"excerpt":{"rendered":"<p>La m\u00e8re de famille de 38 ans suspect\u00e9e d&rsquo;avoir commis des violences sur un pompier lors de la manifestation du 1er mai est d\u00e9f\u00e9r\u00e9e au parquet en vue d&rsquo;une comparution imm\u00e9diate d\u00e8s aujourd&rsquo;hui. La trentenaire, pr\u00e9sente dans la manifestation en tant que \u00abstreet medic\u00bb sera jug\u00e9e par le tribunal correctionnel pour \u00abviolences sur personne charg\u00e9e [&hellip;]<\/p>\n","protected":false},"author":2,"featured_media":21285,"comment_status":"open","ping_status":"open","sticky":false,"template":"","format":"standard","meta":{"_jetpack_memberships_contains_paid_content":false,"footnotes":"","jetpack_publicize_message":"","jetpack_publicize_feature_enabled":true,"jetpack_social_post_already_shared":true,"jetpack_social_options":{"image_generator_settings":{"template":"highway","default_image_id":0,"font":"","enabled":false},"version":2},"_wpas_customize_per_network":false},"categories":[405],"tags":[],"class_list":["post-21284","post","type-post","status-publish","format-standard","has-post-thumbnail","hentry","category-actu-france-monde"],"jetpack_publicize_connections":[],"jetpack_featured_media_url":"https:\/\/i0.wp.com\/www.iceagetv.com\/radiosite\/wp-content\/uploads\/2022\/05\/La-mere-de-famille-de-38-ans-suspectee-davoir-commis-des-violences-sur-un-pompier-lors-de-la-manifestation-du-1er-mai-est-deferee-au-parquet-en-vue-dune-comparution-immediate-des-aujourdhui.png?fit=793%2C366&ssl=1","jetpack_sharing_enabled":true,"_links":{"self":[{"href":"https:\/\/www.iceagetv.com\/radiosite\/wp-json\/wp\/v2\/posts\/21284","targetHints":{"allow":["GET"]}}],"collection":[{"href":"https:\/\/www.iceagetv.com\/radiosite\/wp-json\/wp\/v2\/posts"}],"about":[{"href":"https:\/\/www.iceagetv.com\/radiosite\/wp-json\/wp\/v2\/types\/post"}],"author":[{"embeddable":true,"href":"https:\/\/www.iceagetv.com\/radiosite\/wp-json\/wp\/v2\/users\/2"}],"replies":[{"embeddable":true,"href":"https:\/\/www.iceagetv.com\/radiosite\/wp-json\/wp\/v2\/comments?post=21284"}],"version-history":[{"count":1,"href":"https:\/\/www.iceagetv.com\/radiosite\/wp-json\/wp\/v2\/posts\/21284\/revisions"}],"predecessor-version":[{"id":21286,"href":"https:\/\/www.iceagetv.com\/radiosite\/wp-json\/wp\/v2\/posts\/21284\/revisions\/21286"}],"wp:featuredmedia":[{"embeddable":true,"href":"https:\/\/www.iceagetv.com\/radiosite\/wp-json\/wp\/v2\/media\/21285"}],"wp:attachment":[{"href":"https:\/\/www.iceagetv.com\/radiosite\/wp-json\/wp\/v2\/media?parent=21284"}],"wp:term":[{"taxonomy":"category","embeddable":true,"href":"https:\/\/www.iceagetv.com\/radiosite\/wp-json\/wp\/v2\/categories?post=21284"},{"taxonomy":"post_tag","embeddable":true,"href":"https:\/\/www.iceagetv.com\/radiosite\/wp-json\/wp\/v2\/tags?post=21284"}],"curies":[{"name":"wp","href":"https:\/\/api.w.org\/{rel}","templated":true}]}}