{"id":21288,"date":"2022-05-04T13:22:48","date_gmt":"2022-05-04T13:22:48","guid":{"rendered":"http:\/\/www.iceagetv.com\/radiosite\/?p=21288"},"modified":"2022-05-04T13:22:48","modified_gmt":"2022-05-04T13:22:48","slug":"gabriel-attal-annonce-a-lissue-du-conseil-des-ministres-que-le-gouvernement-de-jean-castex-restera-en-place-jusquau-13-mai-prochain-au-moins","status":"publish","type":"post","link":"https:\/\/www.iceagetv.com\/radiosite\/gabriel-attal-annonce-a-lissue-du-conseil-des-ministres-que-le-gouvernement-de-jean-castex-restera-en-place-jusquau-13-mai-prochain-au-moins\/","title":{"rendered":"Gabriel Attal annonce \u00e0 l&rsquo;issue du Conseil des ministres que le gouvernement de Jean Castex \u00ab\u00a0restera en place\u00a0\u00bb jusqu&rsquo;au 13 mai prochain au moins"},"content":{"rendered":"\n<p>Gabriel Attal annonce \u00e0 l&rsquo;issue du Conseil des ministres que le gouvernement de Jean Castex \u00ab\u00a0restera en place\u00a0\u00bb jusqu&rsquo;au 13 mai prochain au moins.&nbsp; \u00ab\u00a0Le premier quinquennat d\u2019Emmanuel Macron s\u2019ach\u00e8ve le 13 mai \u00e0 minuit, le gouvernement de Jean Castex restera en place jusqu\u2019au bout de ce premier quinquennat\u00a0\u00bb a d\u00e9clar\u00e9 le porte-parole du gouvernement.<\/p>\n\n\n\n<p>\u00abLe gouvernement est \u00e0 sa t\u00e2che pour agir, prot\u00e9ger les Fran\u00e7ais, prendre toutes les d\u00e9cisions n\u00e9cessaires, et le temps des d\u00e9cisions individuelles n&rsquo;est pas venu. Aucune proposition n&rsquo;a \u00e9t\u00e9 faite \u00e0 qui que ce soit en la mati\u00e8re\u00bb, a ajout\u00e9 Gabriel Attal, alors que la c\u00e9r\u00e9monie d&rsquo;investiture d&rsquo;Emmanuel Macron aura lieu samedi matin \u00e0 l&rsquo;\u00c9lys\u00e9e<\/p>\n","protected":false},"excerpt":{"rendered":"<p>Gabriel Attal annonce \u00e0 l&rsquo;issue du Conseil des ministres que le gouvernement de Jean Castex \u00ab\u00a0restera en place\u00a0\u00bb jusqu&rsquo;au 13 mai prochain au moins.&nbsp; \u00ab\u00a0Le premier quinquennat d\u2019Emmanuel Macron s\u2019ach\u00e8ve le 13 mai \u00e0 minuit, le gouvernement de Jean Castex restera en place jusqu\u2019au bout de ce premier quinquennat\u00a0\u00bb a d\u00e9clar\u00e9 le porte-parole du gouvernement. [&hellip;]<\/p>\n","protected":false},"author":2,"featured_media":21289,"comment_status":"open","ping_status":"open","sticky":false,"template":"","format":"standard","meta":{"_jetpack_memberships_contains_paid_content":false,"footnotes":"","jetpack_publicize_message":"","jetpack_publicize_feature_enabled":true,"jetpack_social_post_already_shared":true,"jetpack_social_options":{"image_generator_settings":{"template":"highway","default_image_id":0,"font":"","enabled":false},"version":2},"_wpas_customize_per_network":false},"categories":[405],"tags":[],"class_list":["post-21288","post","type-post","status-publish","format-standard","has-post-thumbnail","hentry","category-actu-france-monde"],"jetpack_publicize_connections":[],"jetpack_featured_media_url":"https:\/\/i0.wp.com\/www.iceagetv.com\/radiosite\/wp-content\/uploads\/2022\/05\/Gabriel-Attal-annonce-a-lissue-du-Conseil-des-ministres-que-le-gouvernement-de-Jean-Castex.jpg?fit=679%2C293&ssl=1","jetpack_sharing_enabled":true,"_links":{"self":[{"href":"https:\/\/www.iceagetv.com\/radiosite\/wp-json\/wp\/v2\/posts\/21288","targetHints":{"allow":["GET"]}}],"collection":[{"href":"https:\/\/www.iceagetv.com\/radiosite\/wp-json\/wp\/v2\/posts"}],"about":[{"href":"https:\/\/www.iceagetv.com\/radiosite\/wp-json\/wp\/v2\/types\/post"}],"author":[{"embeddable":true,"href":"https:\/\/www.iceagetv.com\/radiosite\/wp-json\/wp\/v2\/users\/2"}],"replies":[{"embeddable":true,"href":"https:\/\/www.iceagetv.com\/radiosite\/wp-json\/wp\/v2\/comments?post=21288"}],"version-history":[{"count":1,"href":"https:\/\/www.iceagetv.com\/radiosite\/wp-json\/wp\/v2\/posts\/21288\/revisions"}],"predecessor-version":[{"id":21290,"href":"https:\/\/www.iceagetv.com\/radiosite\/wp-json\/wp\/v2\/posts\/21288\/revisions\/21290"}],"wp:featuredmedia":[{"embeddable":true,"href":"https:\/\/www.iceagetv.com\/radiosite\/wp-json\/wp\/v2\/media\/21289"}],"wp:attachment":[{"href":"https:\/\/www.iceagetv.com\/radiosite\/wp-json\/wp\/v2\/media?parent=21288"}],"wp:term":[{"taxonomy":"category","embeddable":true,"href":"https:\/\/www.iceagetv.com\/radiosite\/wp-json\/wp\/v2\/categories?post=21288"},{"taxonomy":"post_tag","embeddable":true,"href":"https:\/\/www.iceagetv.com\/radiosite\/wp-json\/wp\/v2\/tags?post=21288"}],"curies":[{"name":"wp","href":"https:\/\/api.w.org\/{rel}","templated":true}]}}