{"id":21303,"date":"2022-05-05T12:53:22","date_gmt":"2022-05-05T12:53:22","guid":{"rendered":"http:\/\/www.iceagetv.com\/radiosite\/?p=21303"},"modified":"2022-05-05T12:53:22","modified_gmt":"2022-05-05T12:53:22","slug":"la-pandemie-de-covid-19-a-cause-entre-13-et-17-millions-de-morts-dans-le-monde-entre-janvier-2020-et-la-fin-de-2021-selon-loms","status":"publish","type":"post","link":"https:\/\/www.iceagetv.com\/radiosite\/la-pandemie-de-covid-19-a-cause-entre-13-et-17-millions-de-morts-dans-le-monde-entre-janvier-2020-et-la-fin-de-2021-selon-loms\/","title":{"rendered":"La pand\u00e9mie de Covid-19 a caus\u00e9 entre 13 et 17 millions de morts dans le monde entre janvier 2020 et la fin de 2021, selon l\u2019OMS"},"content":{"rendered":"\n<p>La pand\u00e9mie de Covid-19 \u00e9tait responsable de la mort de 13 \u00e0 17 millions de personnes \u00e0 la fin 2021, soit beaucoup plus que le nombre de morts officiellement recens\u00e9s, selon une nouvelle estimation de l\u2019Organisation mondiale de la sant\u00e9 (OMS) publi\u00e9e jeudi 5 mai. Ces chiffres tr\u00e8s attendus, permettent de donner une id\u00e9e plus r\u00e9aliste des effets d\u00e9vastateurs (y compris indirects) de la pire pand\u00e9mie depuis un si\u00e8cle et qui continue de faire des milliers de morts chaque semaine.<\/p>\n\n\n\n<p>\u00ab De nouvelles estimations de l\u2019Organisation mondiale de la sant\u00e9 montrent que le bilan total associ\u00e9 directement ou indirectement avec la pand\u00e9mie de Covid-19 entre le 1er janvier 2020 et le 31 d\u00e9cembre 2021 est d\u2019environ 14,9 millions de morts (une fourchette de 13,3 \u00e0 16,6 millions) \u00bb, a r\u00e9v\u00e9l\u00e9 l\u2019organisation dans un communiqu\u00e9. Ces chiffres confirment l\u2019estimation donn\u00e9e par une \u00e9tude publi\u00e9e le 10 mars dans la revue The Lancet et donnant un bilan d\u2019environ 18 millions de morts.<\/p>\n\n\n\n<p>Depuis le d\u00e9but de la pand\u00e9mie, les chiffres des pays membres compil\u00e9s par l\u2019OMS arrivent \u00e0 un total de 5,4&nbsp;millions de morts sur la m\u00eame p\u00e9riode, mais l\u2019OMS a averti de longue date que ces chiffres sous-estimaient la r\u00e9alit\u00e9.&nbsp;<em>\u00ab&nbsp;Ces donn\u00e9es, qui donnent \u00e0 r\u00e9fl\u00e9chir, soulignent non seulement l\u2019impact de la pand\u00e9mie, mais aussi la n\u00e9cessit\u00e9 pour tous les pays d\u2019investir dans des syst\u00e8mes de sant\u00e9 plus r\u00e9silients qui peuvent soutenir les services de sant\u00e9, essentiels pendant les crises, y compris des syst\u00e8mes d\u2019information sanitaire plus solides&nbsp;\u00bb<\/em>, a d\u00e9clar\u00e9 le directeur g\u00e9n\u00e9ral de l\u2019OMS, Tedros Adhanom Ghebreyesus.<\/p>\n\n\n\n<h2 class=\"wp-block-heading\">Asie, Europe et Am\u00e9rique les plus concern\u00e9s<\/h2>\n\n\n\n<p>La surmortalit\u00e9 est calcul\u00e9e en faisant la diff\u00e9rence entre le nombre de d\u00e9c\u00e8s r\u00e9els et le nombre de d\u00e9c\u00e8s estim\u00e9s en l\u2019absence de pand\u00e9mie, en se basant sur des statistiques existantes. La surmortalit\u00e9 comporte aussi bien les d\u00e9c\u00e8s directement provoqu\u00e9s la maladie que ceux qui l\u2019ont \u00e9t\u00e9 indirectement en raison de l\u2019impact de la pand\u00e9mie sur les syst\u00e8mes de sant\u00e9 et la soci\u00e9t\u00e9 en g\u00e9n\u00e9ral.<\/p>\n\n\n\n<p>Les causes indirectes de d\u00e9c\u00e8s li\u00e9es au Covid peuvent \u00eatre notamment dues \u00e0 des structures de sant\u00e9 surcharg\u00e9es et forc\u00e9es par exemple de retarder des proc\u00e9dures chirurgicales ou des s\u00e9ances de chimioth\u00e9rapie pour des malades du cancer. L\u2019OMS a d\u00e9clar\u00e9 que la plupart des d\u00e9c\u00e8s exc\u00e9dentaires (84&nbsp;%) \u00e9taient concentr\u00e9s en Asie du Sud-Est, en Europe et dans les Am\u00e9riques. Quelque 10 pays repr\u00e9sentaient \u00e0 eux seuls 68&nbsp;% du total de la surmortalit\u00e9.<\/p>\n\n\n\n<p>Les pays \u00e0 revenu \u00e9lev\u00e9 repr\u00e9sentaient 15&nbsp;% des d\u00e9c\u00e8s exc\u00e9dentaires contre 28&nbsp;% pour les pays \u00e0 revenu interm\u00e9diaire sup\u00e9rieur et 53&nbsp;% aux pays \u00e0 revenu interm\u00e9diaire inf\u00e9rieur. Quant aux pays \u00e0 faible revenu ils repr\u00e9sentaient 4&nbsp;%. Le nombre de morts dans le monde \u00e9tait plus \u00e9lev\u00e9 chez les hommes que chez les femmes &#8211; 57&nbsp;% d\u2019hommes, 43&nbsp;% de femmes &#8211; et plus \u00e9lev\u00e9 chez les personnes \u00e2g\u00e9es.<\/p>\n","protected":false},"excerpt":{"rendered":"<p>La pand\u00e9mie de Covid-19 \u00e9tait responsable de la mort de 13 \u00e0 17 millions de personnes \u00e0 la fin 2021, soit beaucoup plus que le nombre de morts officiellement recens\u00e9s, selon une nouvelle estimation de l\u2019Organisation mondiale de la sant\u00e9 (OMS) publi\u00e9e jeudi 5 mai. Ces chiffres tr\u00e8s attendus, permettent de donner une id\u00e9e plus [&hellip;]<\/p>\n","protected":false},"author":2,"featured_media":21304,"comment_status":"open","ping_status":"open","sticky":false,"template":"","format":"standard","meta":{"_jetpack_memberships_contains_paid_content":false,"footnotes":"","jetpack_publicize_message":"","jetpack_publicize_feature_enabled":true,"jetpack_social_post_already_shared":true,"jetpack_social_options":{"image_generator_settings":{"template":"highway","default_image_id":0,"font":"","enabled":false},"version":2},"_wpas_customize_per_network":false},"categories":[405],"tags":[],"class_list":["post-21303","post","type-post","status-publish","format-standard","has-post-thumbnail","hentry","category-actu-france-monde"],"jetpack_publicize_connections":[],"jetpack_featured_media_url":"https:\/\/i0.wp.com\/www.iceagetv.com\/radiosite\/wp-content\/uploads\/2022\/05\/La-pandemie-de-Covid-19-a-cause-entre-13-et-17-millions-de-morts-dans-le-monde-entre-janvier-2020-et-la-fin-de-2021-selon-lOMS.png?fit=482%2C348&ssl=1","jetpack_sharing_enabled":true,"_links":{"self":[{"href":"https:\/\/www.iceagetv.com\/radiosite\/wp-json\/wp\/v2\/posts\/21303","targetHints":{"allow":["GET"]}}],"collection":[{"href":"https:\/\/www.iceagetv.com\/radiosite\/wp-json\/wp\/v2\/posts"}],"about":[{"href":"https:\/\/www.iceagetv.com\/radiosite\/wp-json\/wp\/v2\/types\/post"}],"author":[{"embeddable":true,"href":"https:\/\/www.iceagetv.com\/radiosite\/wp-json\/wp\/v2\/users\/2"}],"replies":[{"embeddable":true,"href":"https:\/\/www.iceagetv.com\/radiosite\/wp-json\/wp\/v2\/comments?post=21303"}],"version-history":[{"count":1,"href":"https:\/\/www.iceagetv.com\/radiosite\/wp-json\/wp\/v2\/posts\/21303\/revisions"}],"predecessor-version":[{"id":21305,"href":"https:\/\/www.iceagetv.com\/radiosite\/wp-json\/wp\/v2\/posts\/21303\/revisions\/21305"}],"wp:featuredmedia":[{"embeddable":true,"href":"https:\/\/www.iceagetv.com\/radiosite\/wp-json\/wp\/v2\/media\/21304"}],"wp:attachment":[{"href":"https:\/\/www.iceagetv.com\/radiosite\/wp-json\/wp\/v2\/media?parent=21303"}],"wp:term":[{"taxonomy":"category","embeddable":true,"href":"https:\/\/www.iceagetv.com\/radiosite\/wp-json\/wp\/v2\/categories?post=21303"},{"taxonomy":"post_tag","embeddable":true,"href":"https:\/\/www.iceagetv.com\/radiosite\/wp-json\/wp\/v2\/tags?post=21303"}],"curies":[{"name":"wp","href":"https:\/\/api.w.org\/{rel}","templated":true}]}}