{"id":21307,"date":"2022-05-06T07:17:03","date_gmt":"2022-05-06T07:17:03","guid":{"rendered":"http:\/\/www.iceagetv.com\/radiosite\/?p=21307"},"modified":"2022-05-06T07:17:03","modified_gmt":"2022-05-06T07:17:03","slug":"le-conseil-national-du-ps-a-adopte-a-62-cette-nuit-laccord-avec-les-insoumis-pour-les-legislatives-un-changement-historique-au-terme-de-debats-tendus","status":"publish","type":"post","link":"https:\/\/www.iceagetv.com\/radiosite\/le-conseil-national-du-ps-a-adopte-a-62-cette-nuit-laccord-avec-les-insoumis-pour-les-legislatives-un-changement-historique-au-terme-de-debats-tendus\/","title":{"rendered":"Le Conseil national du PS a adopt\u00e9 \u00e0 62% cette nuit l&rsquo;accord avec Les Insoumis pour les l\u00e9gislatives, un changement historique, au terme de d\u00e9bats tendus"},"content":{"rendered":"\n<p>Le Conseil national du PS a adopt\u00e9 \u00e0 62% cette nuit l&rsquo;accord avec LFI pour les \u00e9lections l\u00e9gislatives de juin, un changement d&rsquo;orientation historique, au terme de d\u00e9bats parfois tendus qui ont en partie prolong\u00e9 la fronde d\u00e9j\u00e0 engag\u00e9e de figures du parti. L&rsquo;accord a \u00e9t\u00e9 adopt\u00e9 par 167 voix pour, 101 contre, et 24 absentions.<\/p>\n\n\n\n<p>Les d\u00e9bats ont dur\u00e9 quatre heures et ont fait alterner partisans et opposants de l&rsquo;alliance LFI, EELV et PCF pour les l\u00e9gislatives des 12 et 19 juin.<em>close<\/em><em>volume_off<\/em>https:\/\/www.dailymotion.com\/embed\/video\/x87dx4k?ads_params=main&amp;api=postMessage&amp;autoplay=true&amp;controls=false&amp;id=sw_infeed_v_el_x87dx4k&amp;mute=true&amp;origin=https%3A%2F%2Fwww.jeanmarcmorandini.com&amp;sharing-enable=false&amp;syndication=273773<\/p>\n\n\n\n<p>\u00ab\u00a0C&rsquo;est un moment de clarification, ce vote dit \u00e0 quel espace politique nous appartenons\u00a0\u00bb, \u00ab\u00a0\u00e0 gauche\u00a0\u00bb et pas avec Emmanuel Macron, a conclu le premier secr\u00e9taire Olivier Faure depuis le si\u00e8ge d&rsquo;Ivry-sur-Seine.<\/p>\n\n\n\n<p>Plusieurs dizaines des 303 membres du Conseil national \u00e9taient pr\u00e9sents &#8211;les autres ont particip\u00e9 en visioconf\u00e9rence. \u00ab\u00a0Mitterrand, c&rsquo;\u00e9tait \u00e7a la radicalit\u00e9, et pourtant nous l&rsquo;avons fait\u00a0\u00bb, s&rsquo;est exclam\u00e9 Olivier Faure. \u00ab\u00a0A force de dire que nous sommes un parti de gouvernement, nous pouvons oublier nos propres racines, qui sont en partie dans la radicalit\u00e9\u00a0\u00bb. Le porte-parole Pierre Jouvet a rapport\u00e9 la fa\u00e7on dont se sont d\u00e9roul\u00e9es les tractations qu&rsquo;il a men\u00e9es avec LFI, et a justifi\u00e9 les compromis pass\u00e9s: \u00ab\u00a0Il n&rsquo;est pas forc\u00e9ment \u00e9vident pour les derniers rentrants (le PS) de ne pas accepter le cadre propos\u00e9\u00a0\u00bb sur les circonscriptions, le programme et la strat\u00e9gie.<\/p>\n\n\n\n<p>La maire de Vaulx-en-Velin H\u00e9l\u00e8ne Geoffroy, cheffe du courant minoritaire, s&rsquo;est insurg\u00e9e: \u00ab\u00a0L&rsquo;accord que vous avez n\u00e9goci\u00e9 demande de nous excuser, de faire repentance, de nier une partie de notre histoire\u00a0\u00bb. Le s\u00e9nateur du Val-d&rsquo;Oise Rachid Temal, aussi oppos\u00e9 \u00e0 l&rsquo;accord, a tonn\u00e9 \u00e0 propos de certains candidats dissidents qui ne manqueront pas de se d\u00e9clarer apr\u00e8s le vote: \u00ab\u00a0Il va falloir que Jean-Luc M\u00e9lenchon accepte l&rsquo;insoumission. Soyez candidats si vous le souhaitez, c\u2019est \u00e7a l&rsquo;insoumission\u00a0\u00bb.<\/p>\n\n\n\n<p>Une autre s\u00e9natrice, Laurence Rossignol, a soutenu l&rsquo;accord, arguant: \u00ab\u00a0Il nous remet dans la gauche, nous en \u00e9tions sortis. Nous n&rsquo;\u00e9tions plus fr\u00e9quentables\u00a0\u00bb. Avant de tenter de rassurer: \u00ab\u00a0LFI n&rsquo;est pas la force centrale de la gauche, elle est temporairement dominante, c\u2019est un moment \u00e0 passer\u00a0\u00bb.<\/p>\n\n\n\n<p>La d\u00e9put\u00e9e Christine Pir\u00e8s-Beaune a confi\u00e9 \u00eatre \u00ab\u00a0triste ce soir. On n&rsquo;a pas pu imposer un accord meilleur que celui-l\u00e0 mais elle est o\u00f9 l&rsquo;alternative? C&rsquo;est le coeur serr\u00e9 que je vous dis que je voterai cet accord.\u00a0\u00bb Selon la liste consult\u00e9e par l&rsquo;AFP, sur les 70 circonscriptions obtenues, une bonne vingtaine sont gagnables.<\/p>\n\n\n\n<p>Mais les circonscriptions de trois sortants ont \u00e9t\u00e9 sacrifi\u00e9es: David Habib dans les Pyr\u00e9n\u00e9es-Atlantiques, Christian Hutin dans le Nord (qui ne souhaitait pas se repr\u00e9senter) et Mich\u00e8le Victory dans l&rsquo;Ard\u00e8che. Auxquelles s&rsquo;ajoute la 1\u00e8re circonscription dans la Loire de R\u00e9gis Juanico (G\u00e9n\u00e9rations), que le PS pensait r\u00e9cup\u00e9rer. Lamia El Araaje, dont l&rsquo;\u00e9lection en 2021 a \u00e9t\u00e9 invalid\u00e9e en 2022, s&rsquo;estime elle aussi flou\u00e9e, l&rsquo;accord investissant Danielle Simonnet.<\/p>\n\n\n\n<p>Une motion a \u00e9t\u00e9 vot\u00e9e au Conseil pour donner mandat de ren\u00e9gocier en faveur de la socialiste. L&rsquo;Assembl\u00e9e sortante compte vingt-six d\u00e9put\u00e9s PS, plus trois apparent\u00e9s. Malgr\u00e9 des \u00ab\u00a0r\u00e9serves concernant l&rsquo;Europe\u00a0\u00bb, la maire de Lille Martine Aubry, figure historique du PS, a soutenu l&rsquo;accord, estimant que \u00ab\u00a0les \u00e9lecteurs de gauche ont exprim\u00e9 lors du premier tour des \u00e9lections pr\u00e9sidentielles une forte aspiration au rassemblement et \u00e0 l&rsquo;unit\u00e9\u00a0\u00bb.<\/p>\n\n\n\n<p>Plusieurs maires de grandes villes ont \u00e9galement appel\u00e9 \u00e0 le soutenir. Parmi eux Johanna Rolland (Nantes) qui a dirig\u00e9 la campagne d&rsquo;Anne Hidalgo \u00e0 l&rsquo;Elys\u00e9e, Beno\u00eet Payan (Marseille) ou encore Mathieu Klein (Nancy). La direction socialiste fait toutefois face \u00e0 la fronde de personnalit\u00e9s du parti.<\/p>\n\n\n\n<p>L&rsquo;ancien pr\u00e9sident Fran\u00e7ois Hollande a \u00ab\u00a0r\u00e9cus\u00e9 l&rsquo;accord sur le fond et les circonscriptions\u00a0\u00bb, tandis que son ancien Premier ministre Bernard Cazeneuve a mis sa menace \u00e0 ex\u00e9cution en quittant le parti.<\/p>\n\n\n\n<p>Un autre ex-chef du gouvernement, Jean-Marc Ayrault, a d\u00e9plor\u00e9 aupr\u00e8s de l&rsquo;AFP un \u00ab\u00a0rafistolage\u00a0\u00bb et une \u00ab\u00a0forme de d\u00e9mission\u00a0\u00bb qui risque de fracturer le PS. Ils s&rsquo;offusquent tous d&rsquo;une alliance avec un Jean-Luc M\u00e9lenchon antagoniste historique du PS. Mais aussi de l&rsquo;inclusion dans l&rsquo;accord de la \u00ab\u00a0d\u00e9sob\u00e9issance\u00a0\u00bb aux trait\u00e9s europ\u00e9ens en cas de blocage pour appliquer le programme, ou encore de nombreuses mesures sociales qu&rsquo;ils estiment impossibles \u00e0 financer.<\/p>\n\n\n\n<p>Anne Hidalgo a pour sa part indiqu\u00e9 \u00e0 l&rsquo;AFP \u00ab\u00a0ne pas souhaiter emp\u00eacher un accord \u00e9lectoral qui vise \u00e0 combattre la r\u00e9gression \u00e9cologique et sociale\u00a0\u00bb.<\/p>\n\n\n\n<p>Tout en critiquant un texte qui \u00ab\u00a0ne respecte pas les personnes\u00a0\u00bb et qui \u00ab\u00a0ne porte pas les garanties n\u00e9cessaires sur l&rsquo;Otan, l&rsquo;Europe de la d\u00e9fense ou la la\u00efcit\u00e9\u00a0\u00bb.<\/p>\n\n\n\n<p>La pr\u00e9sidente de la r\u00e9gion Occitanie Carole Delga a d&rsquo;ores et d\u00e9j\u00e0 pr\u00e9sent\u00e9 des candidats hors accord. Et la pr\u00e9sidente du groupe socialiste \u00e0 l&rsquo;Assembl\u00e9e Val\u00e9rie Rabault a fait savoir en interne qu&rsquo;elle ne soutiendrait pas l&rsquo;accord, selon un message consult\u00e9 par l&rsquo;AFP.<\/p>\n","protected":false},"excerpt":{"rendered":"<p>Le Conseil national du PS a adopt\u00e9 \u00e0 62% cette nuit l&rsquo;accord avec LFI pour les \u00e9lections l\u00e9gislatives de juin, un changement d&rsquo;orientation historique, au terme de d\u00e9bats parfois tendus qui ont en partie prolong\u00e9 la fronde d\u00e9j\u00e0 engag\u00e9e de figures du parti. L&rsquo;accord a \u00e9t\u00e9 adopt\u00e9 par 167 voix pour, 101 contre, et 24 [&hellip;]<\/p>\n","protected":false},"author":2,"featured_media":21308,"comment_status":"open","ping_status":"open","sticky":false,"template":"","format":"standard","meta":{"_jetpack_memberships_contains_paid_content":false,"footnotes":"","jetpack_publicize_message":"","jetpack_publicize_feature_enabled":true,"jetpack_social_post_already_shared":true,"jetpack_social_options":{"image_generator_settings":{"template":"highway","default_image_id":0,"font":"","enabled":false},"version":2},"_wpas_customize_per_network":false},"categories":[405],"tags":[],"class_list":["post-21307","post","type-post","status-publish","format-standard","has-post-thumbnail","hentry","category-actu-france-monde"],"jetpack_publicize_connections":[],"jetpack_featured_media_url":"https:\/\/i0.wp.com\/www.iceagetv.com\/radiosite\/wp-content\/uploads\/2022\/05\/Le-Conseil-national-du-PS-a-adopte-a-62.jpg?fit=679%2C293&ssl=1","jetpack_sharing_enabled":true,"_links":{"self":[{"href":"https:\/\/www.iceagetv.com\/radiosite\/wp-json\/wp\/v2\/posts\/21307","targetHints":{"allow":["GET"]}}],"collection":[{"href":"https:\/\/www.iceagetv.com\/radiosite\/wp-json\/wp\/v2\/posts"}],"about":[{"href":"https:\/\/www.iceagetv.com\/radiosite\/wp-json\/wp\/v2\/types\/post"}],"author":[{"embeddable":true,"href":"https:\/\/www.iceagetv.com\/radiosite\/wp-json\/wp\/v2\/users\/2"}],"replies":[{"embeddable":true,"href":"https:\/\/www.iceagetv.com\/radiosite\/wp-json\/wp\/v2\/comments?post=21307"}],"version-history":[{"count":1,"href":"https:\/\/www.iceagetv.com\/radiosite\/wp-json\/wp\/v2\/posts\/21307\/revisions"}],"predecessor-version":[{"id":21309,"href":"https:\/\/www.iceagetv.com\/radiosite\/wp-json\/wp\/v2\/posts\/21307\/revisions\/21309"}],"wp:featuredmedia":[{"embeddable":true,"href":"https:\/\/www.iceagetv.com\/radiosite\/wp-json\/wp\/v2\/media\/21308"}],"wp:attachment":[{"href":"https:\/\/www.iceagetv.com\/radiosite\/wp-json\/wp\/v2\/media?parent=21307"}],"wp:term":[{"taxonomy":"category","embeddable":true,"href":"https:\/\/www.iceagetv.com\/radiosite\/wp-json\/wp\/v2\/categories?post=21307"},{"taxonomy":"post_tag","embeddable":true,"href":"https:\/\/www.iceagetv.com\/radiosite\/wp-json\/wp\/v2\/tags?post=21307"}],"curies":[{"name":"wp","href":"https:\/\/api.w.org\/{rel}","templated":true}]}}