{"id":21316,"date":"2022-05-06T16:20:46","date_gmt":"2022-05-06T16:20:46","guid":{"rendered":"http:\/\/www.iceagetv.com\/radiosite\/?p=21316"},"modified":"2022-05-06T16:20:46","modified_gmt":"2022-05-06T16:20:46","slug":"la-reine-elizabeth-ii-nautorisera-pas-le-prince-harry-son-epouse-meghan-et-le-prince-andrew-a-apparaitre-au-balcon-de-buckingham-pour-le-jubile-prevu-le-2-juin-prochain","status":"publish","type":"post","link":"https:\/\/www.iceagetv.com\/radiosite\/la-reine-elizabeth-ii-nautorisera-pas-le-prince-harry-son-epouse-meghan-et-le-prince-andrew-a-apparaitre-au-balcon-de-buckingham-pour-le-jubile-prevu-le-2-juin-prochain\/","title":{"rendered":"La reine Elizabeth II n&rsquo;autorisera pas le prince Harry, son \u00e9pouse Meghan, et le prince Andrew \u00e0 appara\u00eetre au balcon de Buckingham pour le Jubil\u00e9 pr\u00e9vu le 2 juin prochain"},"content":{"rendered":"\n<p>La reine Elizabeth II n&rsquo;autorisera pas le prince Harry, son \u00e9pouse Meghan, et le prince Andrew \u00e0 appara\u00eetre au balcon de Buckingham pour le Jubil\u00e9 pr\u00e9vu le 2 juin prochain, annonce le palais.&nbsp;\u00ab\u00a0Apr\u00e8s m\u00fbre r\u00e9flexion, la reine a d\u00e9cid\u00e9 que la traditionnelle apparition au balcon pour le Salut aux couleurs (Trooping the Colour) le jeudi 2 juin sera cette ann\u00e9e limit\u00e9e \u00e0 Sa Majest\u00e9 et aux membres de la famille royale qui effectuent des engagements publics officiels au nom de la reine\u00a0\u00bb, a indiqu\u00e9 un porte-parole du palais.<\/p>\n\n\n\n<p>Quatre jours de festivit\u00e9s, joyeusement attendues par les Britanniques, sont pr\u00e9vus du 2 au 5 juin pour le jubil\u00e9 de platine marquant les 70 ans de r\u00e8gne de la reine Elizabeth II, 96 ans, in\u00e9gal\u00e9s au Royaume-Uni.<\/p>\n\n\n\n<p>Ils commenceront avec \u00ab&nbsp;Trooping the Colour&nbsp;\u00bb, la parade qui c\u00e9l\u00e8bre officiellement l\u2019anniversaire de la souveraine chaque ann\u00e9e.<\/p>\n\n\n\n<p>Les sp\u00e9culations allaient bon train sur la pr\u00e9sence ou non au balcon du prince Harry et de Meghan, une ex-actrice am\u00e9ricaine avec qui il vit en Californie apr\u00e8s leur d\u00e9cision de se mettre en retrait de la monarchie britannique en 2020, ainsi que sur celle du prince Andrew, fils de la reine, priv\u00e9 de tout r\u00f4le officiel en raison de ses liens avec l\u2019affaire Epstein.<\/p>\n\n\n\n<p>Au total, 18 membres de la famille royale, dont le prince h\u00e9ritier Charles et sa femme Camilla, ainsi que son fils William, son \u00e9pouse Kate et leurs trois enfants, sont attendus au balcon \u00e0 l\u2019occasion de cette grande parade militaire, qui avait \u00e9t\u00e9 annul\u00e9e deux ann\u00e9es de suite en 2020 et 2021 en raison de la pand\u00e9mie.<\/p>\n\n\n\n<p>Une source au sein du palais cit\u00e9e par l\u2019agence PA n\u2019a pas exclu que Harry, Meghan et Andrew puissent prendre part \u00e0 d\u2019autres \u00e9v\u00e9nements pr\u00e9vus dans le cadre des festivit\u00e9s.<\/p>\n","protected":false},"excerpt":{"rendered":"<p>La reine Elizabeth II n&rsquo;autorisera pas le prince Harry, son \u00e9pouse Meghan, et le prince Andrew \u00e0 appara\u00eetre au balcon de Buckingham pour le Jubil\u00e9 pr\u00e9vu le 2 juin prochain, annonce le palais.&nbsp;\u00ab\u00a0Apr\u00e8s m\u00fbre r\u00e9flexion, la reine a d\u00e9cid\u00e9 que la traditionnelle apparition au balcon pour le Salut aux couleurs (Trooping the Colour) le jeudi [&hellip;]<\/p>\n","protected":false},"author":2,"featured_media":21317,"comment_status":"open","ping_status":"open","sticky":false,"template":"","format":"standard","meta":{"_jetpack_memberships_contains_paid_content":false,"footnotes":"","jetpack_publicize_message":"","jetpack_publicize_feature_enabled":true,"jetpack_social_post_already_shared":true,"jetpack_social_options":{"image_generator_settings":{"template":"highway","default_image_id":0,"font":"","enabled":false},"version":2},"_wpas_customize_per_network":false},"categories":[405],"tags":[],"class_list":["post-21316","post","type-post","status-publish","format-standard","has-post-thumbnail","hentry","category-actu-france-monde"],"jetpack_publicize_connections":[],"jetpack_featured_media_url":"https:\/\/i0.wp.com\/www.iceagetv.com\/radiosite\/wp-content\/uploads\/2022\/05\/La-reine-Elizabeth-II-nautorisera-pas-le-prince-Harry.jpg?fit=679%2C293&ssl=1","jetpack_sharing_enabled":true,"_links":{"self":[{"href":"https:\/\/www.iceagetv.com\/radiosite\/wp-json\/wp\/v2\/posts\/21316","targetHints":{"allow":["GET"]}}],"collection":[{"href":"https:\/\/www.iceagetv.com\/radiosite\/wp-json\/wp\/v2\/posts"}],"about":[{"href":"https:\/\/www.iceagetv.com\/radiosite\/wp-json\/wp\/v2\/types\/post"}],"author":[{"embeddable":true,"href":"https:\/\/www.iceagetv.com\/radiosite\/wp-json\/wp\/v2\/users\/2"}],"replies":[{"embeddable":true,"href":"https:\/\/www.iceagetv.com\/radiosite\/wp-json\/wp\/v2\/comments?post=21316"}],"version-history":[{"count":1,"href":"https:\/\/www.iceagetv.com\/radiosite\/wp-json\/wp\/v2\/posts\/21316\/revisions"}],"predecessor-version":[{"id":21318,"href":"https:\/\/www.iceagetv.com\/radiosite\/wp-json\/wp\/v2\/posts\/21316\/revisions\/21318"}],"wp:featuredmedia":[{"embeddable":true,"href":"https:\/\/www.iceagetv.com\/radiosite\/wp-json\/wp\/v2\/media\/21317"}],"wp:attachment":[{"href":"https:\/\/www.iceagetv.com\/radiosite\/wp-json\/wp\/v2\/media?parent=21316"}],"wp:term":[{"taxonomy":"category","embeddable":true,"href":"https:\/\/www.iceagetv.com\/radiosite\/wp-json\/wp\/v2\/categories?post=21316"},{"taxonomy":"post_tag","embeddable":true,"href":"https:\/\/www.iceagetv.com\/radiosite\/wp-json\/wp\/v2\/tags?post=21316"}],"curies":[{"name":"wp","href":"https:\/\/api.w.org\/{rel}","templated":true}]}}