{"id":21327,"date":"2022-05-07T13:01:20","date_gmt":"2022-05-07T13:01:20","guid":{"rendered":"http:\/\/www.iceagetv.com\/radiosite\/?p=21327"},"modified":"2022-05-07T13:01:20","modified_gmt":"2022-05-07T13:01:20","slug":"ceremonie-de-reelection-demmanuel-macron-le-peuple-francais-na-pas-prolonge-le-mandat-qui-sacheve-mais-a-confie-a-un-president-nouveau-un-mandat-nouveau","status":"publish","type":"post","link":"https:\/\/www.iceagetv.com\/radiosite\/ceremonie-de-reelection-demmanuel-macron-le-peuple-francais-na-pas-prolonge-le-mandat-qui-sacheve-mais-a-confie-a-un-president-nouveau-un-mandat-nouveau\/","title":{"rendered":"C\u00e9r\u00e9monie de r\u00e9\u00e9lection d&rsquo;Emmanuel Macron : \u00ab\u00a0Le peuple fran\u00e7ais n&rsquo;a pas prolong\u00e9 le mandat qui s&rsquo;ach\u00e8ve mais a confi\u00e9 \u00e0 un pr\u00e9sident nouveau, un mandat nouveau"},"content":{"rendered":"\n<p><strong>Emmanuel Macron prend la parole : \u00ab\u00a0<\/strong>Le peuple fran\u00e7ais n&rsquo;a pas prolong\u00e9 le mandat qui s&rsquo;ach\u00e8ve. Ce peuple nouveau, diff\u00e9rent d&rsquo;il y a cinq ans, a confi\u00e9 \u00e0 un pr\u00e9sident nouveau, un mandat nouveau. Il nous faut inventer une nouvelle m\u00e9thode en associant les forces vives, en planifiant, en r\u00e9formant. Notre pays peut ainsi d\u00e9cider de grandes ambitions nationales.<\/p>\n\n\n\n<p>Ce sera le fondement de la renaissance d\u00e9mocratique dont nous avons besoin et chacun aura sa part de responsabilit\u00e9. C&rsquo;est dans les temps les plus difficiles que la France r\u00e9v\u00e8le le meilleur d&rsquo;elle-m\u00eame. Nous en sommes l\u00e0, \u00e0 ce moment o\u00f9 la France bascule. Ayant le courage de regarder notre avenir en France et soyons fid\u00e8le \u00e0 nos valeurs de libert\u00e9, \u00e9galit\u00e9, fraternit\u00e9 et la\u00efcit\u00e9. Continuons d&rsquo;aimer la R\u00e9publique.\u00a0\u00bbEmmanuel Macron: \u00ab\u00a0Ce peuple nouveau, diff\u00e9rend d&rsquo;il y a cinq ans, a confi\u00e9 \u00e0 un pr\u00e9sident nouveau un mandat nouveauLe Pr\u00e9sident Macron est accueilli en premier lieu par Laurent Fabius, pr\u00e9sident du Conseil constitutionnel afin de recevoir le collier de Grand ma\u00eetre de l&rsquo;ordre de la L\u00e9gion d&rsquo;honneur. Le g\u00e9n\u00e9ral Puga, grand chancelier de l\u2019\u00e9cole de la L\u00e9gion d&rsquo;honneur, prononcera cette phrase : \u00abNous vous reconnaissons comme grand ma\u00eetre de l&rsquo;ordre de la L\u00e9gion d&rsquo;honneur\u00bb. Emmanuel Macron s&rsquo;exprimera ensuite devant ses invit\u00e9s.Plusieurs membres du gouvernement sont pr\u00e9sents. Parmi eux Olivier V\u00e9ran, \u00c9lisabeth Borne et Jean Castex.\u00a0\u00a0Nicolas Sarkozy\u00a0accept\u00e9 l\u2019invitation d\u2019Emmanuel Macron. Fran\u00e7ois Hollande est aussi pr\u00e9sent. Une premi\u00e8re dans l\u2019histoire de la cinqui\u00e8me R\u00e9publique.<strong>De nombreuses personnalit\u00e9s sont pr\u00e9sentes \u00e0 l&rsquo;Elys\u00e9e pour assister \u00e0 la c\u00e9r\u00e9monie qui se veut plus simple que la pr\u00e9c\u00e9dente<\/strong><\/p>\n\n\n\n<p>Il s&rsquo;agit avant tout d&rsquo;une c\u00e9r\u00e9monie t\u00e9l\u00e9vis\u00e9e, retransmise en direct sur toutes les grandes cha\u00eenes et r\u00e9alis\u00e9e par J\u00e9r\u00f4me Revon, ma\u00eetre d&rsquo;oeuvre de plusieurs grandes c\u00e9r\u00e9monies du quinquennat et conseiller d&rsquo;Emmanuel Macron pendant sa campagne. Une quinzaine de cam\u00e9ras ont \u00e9t\u00e9 install\u00e9es dans la cour, le palais et le jardin, \u00ab\u00a0un dispositif important, comme pour un gros match de foot\u00a0\u00bb, a expliqu\u00e9 le r\u00e9alisateur \u00e0 l&rsquo;AFP. Une r\u00e9p\u00e9tition vendredi soir a permis de r\u00e9gler les derniers d\u00e9tails.<\/p>\n\n\n\n<p>Mais l&rsquo;\u00e9v\u00e9nement sera beaucoup moins spectaculaire que l&rsquo;investiture du 14 mai 2017, lorsque des centaines de journalistes et d&rsquo;invit\u00e9s guettaient dans la cour d&rsquo;honneur, et jusque sur les toits, l&rsquo;arriv\u00e9e du jeune pr\u00e9sident de 39 ans sur le long tapis rouge et le d\u00e9part de son pr\u00e9d\u00e9cesseur Fran\u00e7ois Hollande dans la foul\u00e9e.<\/p>\n\n\n\n<p>Cette fois, la c\u00e9r\u00e9monie sera sobre, par respect du protocole mais aussi par volont\u00e9 politique apr\u00e8s la nette victoire d&rsquo;Emmanuel Macron marqu\u00e9e n\u00e9anmoins par un score record de son adversaire d&rsquo;extr\u00eame droite Marine Le Pen.<\/p>\n\n\n\n<p>La seule touche personnelle du pr\u00e9sident r\u00e9\u00e9lu portera sur le choix des 450 invit\u00e9s, avec des cat\u00e9gories qui seront honor\u00e9es, apr\u00e8s les crises travers\u00e9es durant le premier quinquennat et pour ouvrir sur l&rsquo;avenir<\/p>\n","protected":false},"excerpt":{"rendered":"<p>Emmanuel Macron prend la parole : \u00ab\u00a0Le peuple fran\u00e7ais n&rsquo;a pas prolong\u00e9 le mandat qui s&rsquo;ach\u00e8ve. Ce peuple nouveau, diff\u00e9rent d&rsquo;il y a cinq ans, a confi\u00e9 \u00e0 un pr\u00e9sident nouveau, un mandat nouveau. Il nous faut inventer une nouvelle m\u00e9thode en associant les forces vives, en planifiant, en r\u00e9formant. Notre pays peut ainsi d\u00e9cider [&hellip;]<\/p>\n","protected":false},"author":2,"featured_media":21328,"comment_status":"open","ping_status":"open","sticky":false,"template":"","format":"standard","meta":{"_jetpack_memberships_contains_paid_content":false,"footnotes":"","jetpack_publicize_message":"","jetpack_publicize_feature_enabled":true,"jetpack_social_post_already_shared":true,"jetpack_social_options":{"image_generator_settings":{"template":"highway","default_image_id":0,"font":"","enabled":false},"version":2},"_wpas_customize_per_network":false},"categories":[405],"tags":[],"class_list":["post-21327","post","type-post","status-publish","format-standard","has-post-thumbnail","hentry","category-actu-france-monde"],"jetpack_publicize_connections":[],"jetpack_featured_media_url":"https:\/\/i0.wp.com\/www.iceagetv.com\/radiosite\/wp-content\/uploads\/2022\/05\/Ceremonie-de-reelection-dEmmanuel-Macron.jpg?fit=679%2C293&ssl=1","jetpack_sharing_enabled":true,"_links":{"self":[{"href":"https:\/\/www.iceagetv.com\/radiosite\/wp-json\/wp\/v2\/posts\/21327","targetHints":{"allow":["GET"]}}],"collection":[{"href":"https:\/\/www.iceagetv.com\/radiosite\/wp-json\/wp\/v2\/posts"}],"about":[{"href":"https:\/\/www.iceagetv.com\/radiosite\/wp-json\/wp\/v2\/types\/post"}],"author":[{"embeddable":true,"href":"https:\/\/www.iceagetv.com\/radiosite\/wp-json\/wp\/v2\/users\/2"}],"replies":[{"embeddable":true,"href":"https:\/\/www.iceagetv.com\/radiosite\/wp-json\/wp\/v2\/comments?post=21327"}],"version-history":[{"count":1,"href":"https:\/\/www.iceagetv.com\/radiosite\/wp-json\/wp\/v2\/posts\/21327\/revisions"}],"predecessor-version":[{"id":21329,"href":"https:\/\/www.iceagetv.com\/radiosite\/wp-json\/wp\/v2\/posts\/21327\/revisions\/21329"}],"wp:featuredmedia":[{"embeddable":true,"href":"https:\/\/www.iceagetv.com\/radiosite\/wp-json\/wp\/v2\/media\/21328"}],"wp:attachment":[{"href":"https:\/\/www.iceagetv.com\/radiosite\/wp-json\/wp\/v2\/media?parent=21327"}],"wp:term":[{"taxonomy":"category","embeddable":true,"href":"https:\/\/www.iceagetv.com\/radiosite\/wp-json\/wp\/v2\/categories?post=21327"},{"taxonomy":"post_tag","embeddable":true,"href":"https:\/\/www.iceagetv.com\/radiosite\/wp-json\/wp\/v2\/tags?post=21327"}],"curies":[{"name":"wp","href":"https:\/\/api.w.org\/{rel}","templated":true}]}}