{"id":21333,"date":"2022-05-08T14:47:49","date_gmt":"2022-05-08T14:47:49","guid":{"rendered":"http:\/\/www.iceagetv.com\/radiosite\/?p=21333"},"modified":"2022-05-08T14:47:49","modified_gmt":"2022-05-08T14:47:49","slug":"coronavirus-selon-une-etude-les-personnes-hospitalisees-sembleraient-presenter-des-difficultes-de-reflexion-liees-au-vieillissement-premature-du-cerveau","status":"publish","type":"post","link":"https:\/\/www.iceagetv.com\/radiosite\/coronavirus-selon-une-etude-les-personnes-hospitalisees-sembleraient-presenter-des-difficultes-de-reflexion-liees-au-vieillissement-premature-du-cerveau\/","title":{"rendered":"Coronavirus : Selon une \u00e9tude, les personnes hospitalis\u00e9es sembleraient pr\u00e9senter des difficult\u00e9s de r\u00e9flexion li\u00e9es au vieillissement pr\u00e9matur\u00e9 du cerveau"},"content":{"rendered":"\n<p>Dans une \u00e9tude publi\u00e9e d\u00e9but mai dans la revue EClinicalMedicine, les chercheurs de l\u2019Universit\u00e9 de Cambridge ont en effet r\u00e9v\u00e9l\u00e9 un d\u00e9clin cognitif persistant chez certains patients. D\u2019apr\u00e8s David Menon, principal auteur de l\u2019\u00e9tude, \u00able Covid-19 entra\u00eene des probl\u00e8mes avec divers organes du corps, y compris le cerveau, nos fonctions cognitives et notre sant\u00e9 mentale\u00bb.<\/p>\n\n\n\n<p>\u00abSi vous avez un vaccin et toutes vos doses de rappel, la maladie sera moins \u00e9prouvante et l\u2019ensemble de ses sympt\u00f4mes att\u00e9nu\u00e9s\u00bb, a-t-il affirm\u00e9 dans les colonnes du Guardian.<\/p>\n\n\n\n<p>Apr\u00e8s avoir r\u00e9alis\u00e9 des tests cognitifs sur des patients infect\u00e9s par le virus, les experts ont ainsi compar\u00e9 leurs performances avec celles d\u2019un groupe de personnes n\u2019ayant jamais contract\u00e9 le Covid.<\/p>\n\n\n\n<p>Outre des effets persistants pendant au moins six mois apr\u00e8s l\u2019infection, les r\u00e9sultats des individus hospitalis\u00e9s sont apparus significativement inf\u00e9rieurs. La vitesse de traitement de l\u2019information serait particuli\u00e8rement plus lente pour ces patients.<\/p>\n\n\n\n<p>Par ailleurs, la perte cognitive comparable \u00e0 celle qui survient entre 50 et 70 ans serait \u00e9quivalente \u00e0 une perte de dix points de Quotient Intellectuel (QI).<\/p>\n","protected":false},"excerpt":{"rendered":"<p>Dans une \u00e9tude publi\u00e9e d\u00e9but mai dans la revue EClinicalMedicine, les chercheurs de l\u2019Universit\u00e9 de Cambridge ont en effet r\u00e9v\u00e9l\u00e9 un d\u00e9clin cognitif persistant chez certains patients. D\u2019apr\u00e8s David Menon, principal auteur de l\u2019\u00e9tude, \u00able Covid-19 entra\u00eene des probl\u00e8mes avec divers organes du corps, y compris le cerveau, nos fonctions cognitives et notre sant\u00e9 mentale\u00bb. [&hellip;]<\/p>\n","protected":false},"author":2,"featured_media":21334,"comment_status":"open","ping_status":"open","sticky":false,"template":"","format":"standard","meta":{"_jetpack_memberships_contains_paid_content":false,"footnotes":"","jetpack_publicize_message":"","jetpack_publicize_feature_enabled":true,"jetpack_social_post_already_shared":true,"jetpack_social_options":{"image_generator_settings":{"template":"highway","default_image_id":0,"font":"","enabled":false},"version":2},"_wpas_customize_per_network":false},"categories":[405],"tags":[],"class_list":["post-21333","post","type-post","status-publish","format-standard","has-post-thumbnail","hentry","category-actu-france-monde"],"jetpack_publicize_connections":[],"jetpack_featured_media_url":"https:\/\/i0.wp.com\/www.iceagetv.com\/radiosite\/wp-content\/uploads\/2022\/05\/Selon-une-etude-les-personnes-hospitalisees-sembleraient-presenter-des-difficultes-de-reflexion-liees-au-vieillissement-premature-du-cerveau.jpg?fit=679%2C293&ssl=1","jetpack_sharing_enabled":true,"_links":{"self":[{"href":"https:\/\/www.iceagetv.com\/radiosite\/wp-json\/wp\/v2\/posts\/21333","targetHints":{"allow":["GET"]}}],"collection":[{"href":"https:\/\/www.iceagetv.com\/radiosite\/wp-json\/wp\/v2\/posts"}],"about":[{"href":"https:\/\/www.iceagetv.com\/radiosite\/wp-json\/wp\/v2\/types\/post"}],"author":[{"embeddable":true,"href":"https:\/\/www.iceagetv.com\/radiosite\/wp-json\/wp\/v2\/users\/2"}],"replies":[{"embeddable":true,"href":"https:\/\/www.iceagetv.com\/radiosite\/wp-json\/wp\/v2\/comments?post=21333"}],"version-history":[{"count":1,"href":"https:\/\/www.iceagetv.com\/radiosite\/wp-json\/wp\/v2\/posts\/21333\/revisions"}],"predecessor-version":[{"id":21335,"href":"https:\/\/www.iceagetv.com\/radiosite\/wp-json\/wp\/v2\/posts\/21333\/revisions\/21335"}],"wp:featuredmedia":[{"embeddable":true,"href":"https:\/\/www.iceagetv.com\/radiosite\/wp-json\/wp\/v2\/media\/21334"}],"wp:attachment":[{"href":"https:\/\/www.iceagetv.com\/radiosite\/wp-json\/wp\/v2\/media?parent=21333"}],"wp:term":[{"taxonomy":"category","embeddable":true,"href":"https:\/\/www.iceagetv.com\/radiosite\/wp-json\/wp\/v2\/categories?post=21333"},{"taxonomy":"post_tag","embeddable":true,"href":"https:\/\/www.iceagetv.com\/radiosite\/wp-json\/wp\/v2\/tags?post=21333"}],"curies":[{"name":"wp","href":"https:\/\/api.w.org\/{rel}","templated":true}]}}