{"id":21336,"date":"2022-05-08T14:49:24","date_gmt":"2022-05-08T14:49:24","guid":{"rendered":"http:\/\/www.iceagetv.com\/radiosite\/?p=21336"},"modified":"2022-05-08T14:49:31","modified_gmt":"2022-05-08T14:49:31","slug":"irlande-du-nord-les-nationalistes-remportent-une-election-pour-la-premiere-fois","status":"publish","type":"post","link":"https:\/\/www.iceagetv.com\/radiosite\/irlande-du-nord-les-nationalistes-remportent-une-election-pour-la-premiere-fois\/","title":{"rendered":"Irlande du Nord : les nationalistes remportent une \u00e9lection pour la premi\u00e8re fois"},"content":{"rendered":"\n<p>Samedi 7 mai, le parti Sinn Fein, favorable \u00e0 une r\u00e9unification avec la R\u00e9publique d&rsquo;Irlande, a remport\u00e9 une \u00e9lection en Irlande du Nord. &nbsp;<\/p>\n\n\n\n<p>Pour la premi\u00e8re fois en Irlande du Nord,&nbsp;<a href=\"https:\/\/www.francetvinfo.fr\/monde\/royaume-uni\/irlande-du-nord-les-unionistes-reconnaissent-la-victoire-du-sinn-fein-qui-salue-une-nouvelle-ere_5124391.html\" target=\"_blank\" rel=\"noreferrer noopener\">le Sinn Fein<\/a>, parti nationaliste, remporte une \u00e9lection et prend la t\u00eate du gouvernement.&nbsp;<em>\u00ab\u00a0C&rsquo;est un moment capital pour notre vie politique et notre peuple\u00a0\u00bb<\/em>, assure Michelle O\u2019Neill, vice-pr\u00e9sidente du Sinn Fein. Depuis sa cr\u00e9ation en 1921, l&rsquo;Irlande du Nord \u00e9tait dirig\u00e9e par les unionistes, partisans de l&rsquo;appartenance au Royaume-Uni. Les nationalistes proposent eux un r\u00e9f\u00e9rendum pour fusionner avec la R\u00e9publique d&rsquo;Irlande. &nbsp;<\/p>\n\n\n\n<h2 class=\"wp-block-heading\">3&nbsp;500 morts pendant la guerre civile&nbsp;<\/h2>\n\n\n\n<p>Jusqu&rsquo;en 1998, la guerre civile entre protestants unionistes et catholiques nationalistes a caus\u00e9 3&nbsp;500 morts. Dans certaines villes, les divisions perdurent. Pour beaucoup, les affrontements ne pourraient plus avoir lieu, puisque la question identitaire est moins centrale. La troisi\u00e8me force du pays est le parti Alliance qui ne prend pas position sur la r\u00e9unification.&nbsp;<em>\u00ab\u00a0Aujourd&rsquo;hui, le vote pour notre parti montre que les gens veulent plus que cela\u00a0\u00bb<\/em>, affirme Naomi Long, chef du parti Alliance.&nbsp;<\/p>\n","protected":false},"excerpt":{"rendered":"<p>Samedi 7 mai, le parti Sinn Fein, favorable \u00e0 une r\u00e9unification avec la R\u00e9publique d&rsquo;Irlande, a remport\u00e9 une \u00e9lection en Irlande du Nord. &nbsp; Pour la premi\u00e8re fois en Irlande du Nord,&nbsp;le Sinn Fein, parti nationaliste, remporte une \u00e9lection et prend la t\u00eate du gouvernement.&nbsp;\u00ab\u00a0C&rsquo;est un moment capital pour notre vie politique et notre peuple\u00a0\u00bb, [&hellip;]<\/p>\n","protected":false},"author":2,"featured_media":21337,"comment_status":"open","ping_status":"open","sticky":false,"template":"","format":"standard","meta":{"_jetpack_memberships_contains_paid_content":false,"footnotes":"","jetpack_publicize_message":"","jetpack_publicize_feature_enabled":true,"jetpack_social_post_already_shared":true,"jetpack_social_options":{"image_generator_settings":{"template":"highway","default_image_id":0,"font":"","enabled":false},"version":2},"_wpas_customize_per_network":false},"categories":[405],"tags":[],"class_list":["post-21336","post","type-post","status-publish","format-standard","has-post-thumbnail","hentry","category-actu-france-monde"],"jetpack_publicize_connections":[],"jetpack_featured_media_url":"https:\/\/i0.wp.com\/www.iceagetv.com\/radiosite\/wp-content\/uploads\/2022\/05\/Irlande-du-Nord.jpg?fit=680%2C383&ssl=1","jetpack_sharing_enabled":true,"_links":{"self":[{"href":"https:\/\/www.iceagetv.com\/radiosite\/wp-json\/wp\/v2\/posts\/21336","targetHints":{"allow":["GET"]}}],"collection":[{"href":"https:\/\/www.iceagetv.com\/radiosite\/wp-json\/wp\/v2\/posts"}],"about":[{"href":"https:\/\/www.iceagetv.com\/radiosite\/wp-json\/wp\/v2\/types\/post"}],"author":[{"embeddable":true,"href":"https:\/\/www.iceagetv.com\/radiosite\/wp-json\/wp\/v2\/users\/2"}],"replies":[{"embeddable":true,"href":"https:\/\/www.iceagetv.com\/radiosite\/wp-json\/wp\/v2\/comments?post=21336"}],"version-history":[{"count":1,"href":"https:\/\/www.iceagetv.com\/radiosite\/wp-json\/wp\/v2\/posts\/21336\/revisions"}],"predecessor-version":[{"id":21338,"href":"https:\/\/www.iceagetv.com\/radiosite\/wp-json\/wp\/v2\/posts\/21336\/revisions\/21338"}],"wp:featuredmedia":[{"embeddable":true,"href":"https:\/\/www.iceagetv.com\/radiosite\/wp-json\/wp\/v2\/media\/21337"}],"wp:attachment":[{"href":"https:\/\/www.iceagetv.com\/radiosite\/wp-json\/wp\/v2\/media?parent=21336"}],"wp:term":[{"taxonomy":"category","embeddable":true,"href":"https:\/\/www.iceagetv.com\/radiosite\/wp-json\/wp\/v2\/categories?post=21336"},{"taxonomy":"post_tag","embeddable":true,"href":"https:\/\/www.iceagetv.com\/radiosite\/wp-json\/wp\/v2\/tags?post=21336"}],"curies":[{"name":"wp","href":"https:\/\/api.w.org\/{rel}","templated":true}]}}