{"id":21339,"date":"2022-05-09T16:28:46","date_gmt":"2022-05-09T16:28:46","guid":{"rendered":"http:\/\/www.iceagetv.com\/radiosite\/?p=21339"},"modified":"2022-05-09T16:28:46","modified_gmt":"2022-05-09T16:28:46","slug":"le-chef-yannick-alleno-reagit-pour-la-premiere-fois-a-la-mort-de-son-fils-hier-en-plein-paris-tue-par-un-homme-en-fuite-qui-avait-derobe-une-voiture-le-suspect-est-un-membre-de-la-communaute-des-ge","status":"publish","type":"post","link":"https:\/\/www.iceagetv.com\/radiosite\/le-chef-yannick-alleno-reagit-pour-la-premiere-fois-a-la-mort-de-son-fils-hier-en-plein-paris-tue-par-un-homme-en-fuite-qui-avait-derobe-une-voiture-le-suspect-est-un-membre-de-la-communaute-des-ge\/","title":{"rendered":"Le Chef Yannick All\u00e9no r\u00e9agit pour la premi\u00e8re fois \u00e0 la mort de son fils hier en plein Paris, tu\u00e9 par un homme en fuite qui avait d\u00e9rob\u00e9 une voiture &#8211; Le suspect est un membre de la communaut\u00e9 des gens du voyage"},"content":{"rendered":"\n<p><strong>Dans un communiqu\u00e9 de presse transmis au site du Figaro, la famille d&rsquo;Antoine All\u00e9no s&rsquo;exprime pour la premi\u00e8re fois.<\/strong>&nbsp;\u00abC&rsquo;est avec une profonde tristesse que le Chef Yannick All\u00e9no, sa maman Isabelle, son fr\u00e8re Thomas, sa famille, ainsi que les \u00e9quipes du Groupe Yannick All\u00e9no vous font part du d\u00e9c\u00e8s de leur fils, fr\u00e8re, coll\u00e8gue et ami, Antoine, victime d&rsquo;un accident de la route survenu dans la nuit du 8 mai \u00e0 Paris\u00bb, peut-on lire.<\/p>\n\n\n\n<p>Et d&rsquo;ajouter: \u00abEn cette p\u00e9riode douloureuse, la famille All\u00e9no et leurs proches sont tr\u00e8s sensibles \u00e0 la bienveillance et \u00e0 la compr\u00e9hension de tous, dans le respect de leur intimit\u00e9\u00bb.<\/p>\n\n\n\n<p>Vers 23 heures, une voiture de luxe provenant de l&rsquo;avenue Bosquet (7e arrondissement) a percut\u00e9 un VTC et un scooter tous les deux \u00e0 l&rsquo;arr\u00eat au feu rouge avant de prendre la fuite. Le deux-roues a \u00e9t\u00e9 renvers\u00e9 au sol, comme ses deux occupants.<\/p>\n\n\n\n<p>Un jeune homme de 24 ans qui le conduisait est d\u00e9c\u00e9d\u00e9. Il s&rsquo;agit du fils du chef \u00e9toil\u00e9 Yannick All\u00e9no, Antoine All\u00e9no. La jeune femme qui l&rsquo;accompagnait a \u00e9t\u00e9 gri\u00e8vement bless\u00e9e et transport\u00e9e \u00e0 l&rsquo;h\u00f4pital Cochin, mais son pronostic vital n&rsquo;est pas engag\u00e9.<\/p>\n\n\n\n<p><strong>Le chauffard qui avait d\u00e9rob\u00e9 l&rsquo;Audi RS6 impliqu\u00e9e dans l&rsquo;accident a finalement \u00e9t\u00e9 interpell\u00e9 peu apr\u00e8s le drame par un policier de la DSPAP (direction de la s\u00e9curit\u00e9 de proximit\u00e9 de l&rsquo;agglom\u00e9ration parisienne) qui \u00e9tait hors service.<\/strong><\/p>\n\n\n\n<p><strong>\u00ab\u00a0Le suspect est un membre de la communaut\u00e9 des gens du voyage. Il s\u2019appelle Francky D. et est n\u00e9 en 1997. Il avait 1,30 g d\u2019alcool dans le sang au moment de l\u2019accident\u00a0\u00bb, selon TF1.<\/strong><\/p>\n\n\n\n<p>La cha\u00eene pr\u00e9cise que suspect \u00ab\u00a0faisait l\u2019objet d\u2019une fiche de recherche, car il devait purger une peine de prison de 3 mois\u00a0\u00bb et \u00ab\u00a0son permis de conduire \u00e9tait r\u00e9voqu\u00e9\u00a0\u00bb. Il est d\u00e9j\u00e0 connu de la justice pour une multitude d\u2019affaires de vol, de recel, d\u2019armes, de violences\u2026<\/p>\n\n\n\n<p>Il a d\u00e9rob\u00e9 la surpuissante Audi RS6 devant le restaurant \u00ab\u00a0Coya\u00a0\u00bb, rue du Bac dans le 7e arrondissement. L\u00e0 il s&rsquo;\u00e9tait fait passer aupr\u00e8s du voiturier pour un client avant de prendre la fuite, et de provoquer cet accident mortel, et de prendre la fuite \u00e0 nouveau avant d&rsquo;\u00eatre interpell\u00e9.<\/p>\n\n\n\n<p><strong>10h33:<\/strong><strong>&nbsp;Selon&nbsp;<a href=\"https:\/\/www.lefigaro.fr\/faits-divers\/paris-le-fils-du-chef-yannick-alleno-tue-par-un-fuyard-a-bord-d-un-vehicule-vole-20220509\" target=\"_blank\" rel=\"noreferrer noopener\">Le Figaro<\/a>, Antoine All\u00e9no, fils du chef triplement \u00e9toil\u00e9 Yannick All\u00e9no, est d\u00e9c\u00e9d\u00e9 hier soir apr\u00e8s avoir \u00e9t\u00e9 percut\u00e9 par un fuyard qui conduisait une voiture vol\u00e9e dans le 7\u00e8me arrondissement de Paris. D&rsquo;apr\u00e8s nos confr\u00e8res, en fin de soir\u00e9e, un individu a vol\u00e9 une Audi RS6 dans cet arrondissement de la capitale.<\/strong><\/p>\n\n\n\n<p>\u00ab\u00a0Alors qu&rsquo;il prenait la fuite, il a percut\u00e9 un VTC et un scooter tous deux arr\u00eat\u00e9s \u00e0 un feu rouge \u00e0 proximit\u00e9 de l&rsquo;avenue Bosquet\u00a0\u00bb, indique le Figaro. Le scooter en question \u00e9tait conduit par Antoine All\u00e9no, 24 ans.<\/p>\n\n\n\n<p>De leur c\u00f4t\u00e9, le conducteur du VTC et la passag\u00e8re du scooter, qui souffrent de multiples contusions, ont \u00e9t\u00e9 transport\u00e9s \u00e0 l&rsquo;h\u00f4pital. Leur pronostic vital n&rsquo;est pas engag\u00e9.<\/p>\n\n\n\n<p>Le chauffard a pris la fuite apr\u00e8s les faits. Peu de temps apr\u00e8s, il a \u00e9t\u00e9 interpell\u00e9 par un policier hors service de la Direction de la s\u00e9curit\u00e9 de proximit\u00e9 de l&rsquo;agglom\u00e9ration parisienne (DSPAP). Le Figaro pr\u00e9cise que le suspect \u00e9tait recherch\u00e9 notamment pour conduite en \u00e9tat d&rsquo;ivresse.<\/p>\n","protected":false},"excerpt":{"rendered":"<p>Dans un communiqu\u00e9 de presse transmis au site du Figaro, la famille d&rsquo;Antoine All\u00e9no s&rsquo;exprime pour la premi\u00e8re fois.&nbsp;\u00abC&rsquo;est avec une profonde tristesse que le Chef Yannick All\u00e9no, sa maman Isabelle, son fr\u00e8re Thomas, sa famille, ainsi que les \u00e9quipes du Groupe Yannick All\u00e9no vous font part du d\u00e9c\u00e8s de leur fils, fr\u00e8re, coll\u00e8gue et [&hellip;]<\/p>\n","protected":false},"author":2,"featured_media":21340,"comment_status":"open","ping_status":"open","sticky":false,"template":"","format":"standard","meta":{"_jetpack_memberships_contains_paid_content":false,"footnotes":"","jetpack_publicize_message":"","jetpack_publicize_feature_enabled":true,"jetpack_social_post_already_shared":true,"jetpack_social_options":{"image_generator_settings":{"template":"highway","default_image_id":0,"font":"","enabled":false},"version":2},"_wpas_customize_per_network":false},"categories":[405],"tags":[],"class_list":["post-21339","post","type-post","status-publish","format-standard","has-post-thumbnail","hentry","category-actu-france-monde"],"jetpack_publicize_connections":[],"jetpack_featured_media_url":"https:\/\/i0.wp.com\/www.iceagetv.com\/radiosite\/wp-content\/uploads\/2022\/05\/Le-Chef-Yannick-Alleno.jpg?fit=500%2C261&ssl=1","jetpack_sharing_enabled":true,"_links":{"self":[{"href":"https:\/\/www.iceagetv.com\/radiosite\/wp-json\/wp\/v2\/posts\/21339","targetHints":{"allow":["GET"]}}],"collection":[{"href":"https:\/\/www.iceagetv.com\/radiosite\/wp-json\/wp\/v2\/posts"}],"about":[{"href":"https:\/\/www.iceagetv.com\/radiosite\/wp-json\/wp\/v2\/types\/post"}],"author":[{"embeddable":true,"href":"https:\/\/www.iceagetv.com\/radiosite\/wp-json\/wp\/v2\/users\/2"}],"replies":[{"embeddable":true,"href":"https:\/\/www.iceagetv.com\/radiosite\/wp-json\/wp\/v2\/comments?post=21339"}],"version-history":[{"count":1,"href":"https:\/\/www.iceagetv.com\/radiosite\/wp-json\/wp\/v2\/posts\/21339\/revisions"}],"predecessor-version":[{"id":21341,"href":"https:\/\/www.iceagetv.com\/radiosite\/wp-json\/wp\/v2\/posts\/21339\/revisions\/21341"}],"wp:featuredmedia":[{"embeddable":true,"href":"https:\/\/www.iceagetv.com\/radiosite\/wp-json\/wp\/v2\/media\/21340"}],"wp:attachment":[{"href":"https:\/\/www.iceagetv.com\/radiosite\/wp-json\/wp\/v2\/media?parent=21339"}],"wp:term":[{"taxonomy":"category","embeddable":true,"href":"https:\/\/www.iceagetv.com\/radiosite\/wp-json\/wp\/v2\/categories?post=21339"},{"taxonomy":"post_tag","embeddable":true,"href":"https:\/\/www.iceagetv.com\/radiosite\/wp-json\/wp\/v2\/tags?post=21339"}],"curies":[{"name":"wp","href":"https:\/\/api.w.org\/{rel}","templated":true}]}}