{"id":21345,"date":"2022-05-09T16:38:26","date_gmt":"2022-05-09T16:38:26","guid":{"rendered":"http:\/\/www.iceagetv.com\/radiosite\/?p=21345"},"modified":"2022-05-09T16:38:26","modified_gmt":"2022-05-09T16:38:26","slug":"ceremonies-du-9-mai-vladimir-poutine-un-chef-de-plus-en-plus-isole-sur-la-scene-internationale","status":"publish","type":"post","link":"https:\/\/www.iceagetv.com\/radiosite\/ceremonies-du-9-mai-vladimir-poutine-un-chef-de-plus-en-plus-isole-sur-la-scene-internationale\/","title":{"rendered":"C\u00e9r\u00e9monies du 9-Mai : Vladimir Poutine, un chef de plus en plus isol\u00e9 sur la sc\u00e8ne internationale"},"content":{"rendered":"\n<p>Lundi 9 mai, pour la premi\u00e8re fois de son long r\u00e8gne, Vladimir Poutine \u00e9tait seul dans la tribune pr\u00e9sidentielle plac\u00e9e sur la place Rouge, entour\u00e9 uniquement de ses g\u00e9n\u00e9raux et de v\u00e9t\u00e9rans, pour donner le coup d\u2019envoi des c\u00e9l\u00e9brations du 9-Mai marquant le 77e anniversaire de la victoire sovi\u00e9tique dans la seconde guerre mondiale. \u00ab La Russie n\u2019a que deux alli\u00e9s, sa flotte et son arm\u00e9e \u00bb, dit l\u2019adage attribu\u00e9 \u00e0 l\u2019empereur Alexandre III.<\/p>\n\n\n\n<p>Le Kremlin avait indiqu\u00e9 qu\u2019aucun chef d\u2019Etat \u00e9tranger n\u2019avait \u00e9t\u00e9 invit\u00e9, disant voir dans cette premi\u00e8re un non-\u00e9v\u00e9nement. Mais l\u2019enjeu \u00e9tait bien d\u2019\u00e9viter une rebuffade plus insultante encore que lors de l\u2019\u00e9dition 2015, quand les refus s\u2019\u00e9taient accumul\u00e9s, un an apr\u00e8s l\u2019annexion de la Crim\u00e9e et en pleine guerre du Donbass.<\/p>\n\n\n\n<p>La Russie isol\u00e9e mais combative, c\u2019est le message qu\u2019a fait passer Vladimir Poutine lors de son discours. Le pr\u00e9sident russe a largement tir\u00e9 le parall\u00e8le entre les exploits des soldats sovi\u00e9tiques lors de la Grande Guerre patriotique de 1941-1945 et le conflit en Ukraine. \u00ab Aujourd\u2019hui comme hier, vous vous battez pour notre peuple dans le Donbass, pour la s\u00e9curit\u00e9 de notre patrie, la Russie, a-t-il lanc\u00e9 aux soldats d\u00e9ploy\u00e9s en Ukraine, pays dont il n\u2019a pas une seule fois prononc\u00e9 le nom. Pour qu\u2019il n\u2019y ait pas de place dans le monde pour les bourreaux et les nazis. \u00bb<\/p>\n\n\n\n<p>Face \u00e0 une menace inacceptable \u00bb<br>Il a ensuite donn\u00e9 le d\u00e9part de la parade militaire moscovite, d\u00e9monstration de force et \u00e9v\u00e9nement toujours grandiose sur lequel planait fortement l\u2019ombre du conflit en Ukraine. Principale singularit\u00e9, les d\u00e9fil\u00e9s \u00e0 Moscou et en province s\u2019annon\u00e7aient moins fournis que les ann\u00e9es pr\u00e9c\u00e9dentes, avec environ 35 % de mat\u00e9riel et d\u2019hommes engag\u00e9s de moins qu\u2019en 2021, selon l\u2019estimation du magazine Forbes.<\/p>\n","protected":false},"excerpt":{"rendered":"<p>Lundi 9 mai, pour la premi\u00e8re fois de son long r\u00e8gne, Vladimir Poutine \u00e9tait seul dans la tribune pr\u00e9sidentielle plac\u00e9e sur la place Rouge, entour\u00e9 uniquement de ses g\u00e9n\u00e9raux et de v\u00e9t\u00e9rans, pour donner le coup d\u2019envoi des c\u00e9l\u00e9brations du 9-Mai marquant le 77e anniversaire de la victoire sovi\u00e9tique dans la seconde guerre mondiale. \u00ab [&hellip;]<\/p>\n","protected":false},"author":2,"featured_media":21346,"comment_status":"open","ping_status":"open","sticky":false,"template":"","format":"standard","meta":{"_jetpack_memberships_contains_paid_content":false,"footnotes":"","jetpack_publicize_message":"","jetpack_publicize_feature_enabled":true,"jetpack_social_post_already_shared":true,"jetpack_social_options":{"image_generator_settings":{"template":"highway","default_image_id":0,"font":"","enabled":false},"version":2},"_wpas_customize_per_network":false},"categories":[405],"tags":[],"class_list":["post-21345","post","type-post","status-publish","format-standard","has-post-thumbnail","hentry","category-actu-france-monde"],"jetpack_publicize_connections":[],"jetpack_featured_media_url":"https:\/\/i0.wp.com\/www.iceagetv.com\/radiosite\/wp-content\/uploads\/2022\/05\/Ceremonies-du-9-Mai.jpg?fit=664%2C443&ssl=1","jetpack_sharing_enabled":true,"_links":{"self":[{"href":"https:\/\/www.iceagetv.com\/radiosite\/wp-json\/wp\/v2\/posts\/21345","targetHints":{"allow":["GET"]}}],"collection":[{"href":"https:\/\/www.iceagetv.com\/radiosite\/wp-json\/wp\/v2\/posts"}],"about":[{"href":"https:\/\/www.iceagetv.com\/radiosite\/wp-json\/wp\/v2\/types\/post"}],"author":[{"embeddable":true,"href":"https:\/\/www.iceagetv.com\/radiosite\/wp-json\/wp\/v2\/users\/2"}],"replies":[{"embeddable":true,"href":"https:\/\/www.iceagetv.com\/radiosite\/wp-json\/wp\/v2\/comments?post=21345"}],"version-history":[{"count":1,"href":"https:\/\/www.iceagetv.com\/radiosite\/wp-json\/wp\/v2\/posts\/21345\/revisions"}],"predecessor-version":[{"id":21347,"href":"https:\/\/www.iceagetv.com\/radiosite\/wp-json\/wp\/v2\/posts\/21345\/revisions\/21347"}],"wp:featuredmedia":[{"embeddable":true,"href":"https:\/\/www.iceagetv.com\/radiosite\/wp-json\/wp\/v2\/media\/21346"}],"wp:attachment":[{"href":"https:\/\/www.iceagetv.com\/radiosite\/wp-json\/wp\/v2\/media?parent=21345"}],"wp:term":[{"taxonomy":"category","embeddable":true,"href":"https:\/\/www.iceagetv.com\/radiosite\/wp-json\/wp\/v2\/categories?post=21345"},{"taxonomy":"post_tag","embeddable":true,"href":"https:\/\/www.iceagetv.com\/radiosite\/wp-json\/wp\/v2\/tags?post=21345"}],"curies":[{"name":"wp","href":"https:\/\/api.w.org\/{rel}","templated":true}]}}