{"id":21357,"date":"2022-05-11T14:46:25","date_gmt":"2022-05-11T14:46:25","guid":{"rendered":"http:\/\/www.iceagetv.com\/radiosite\/?p=21357"},"modified":"2022-05-11T14:46:25","modified_gmt":"2022-05-11T14:46:25","slug":"un-homme-arme-dun-couteau-tue-par-la-police-dans-une-zone-commerciale-de-marseille-lagresseur-menacant-setait-precipite-sur-les-forces-de-lordr","status":"publish","type":"post","link":"https:\/\/www.iceagetv.com\/radiosite\/un-homme-arme-dun-couteau-tue-par-la-police-dans-une-zone-commerciale-de-marseille-lagresseur-menacant-setait-precipite-sur-les-forces-de-lordr\/","title":{"rendered":"Un homme arm\u00e9 d&rsquo;un couteau tu\u00e9 par la police dans une zone commerciale de Marseille &#8211; L&rsquo;agresseur, \u00ab\u00a0mena\u00e7ant\u00a0\u00bb, s&rsquo;\u00e9tait pr\u00e9cipit\u00e9 sur les forces de l&rsquo;ordr"},"content":{"rendered":"\n<p>Un homme arm\u00e9 d&rsquo;un couteau a \u00e9t\u00e9 abattu par la police en d\u00e9but d&rsquo;apr\u00e8s-midi dans une zone commerciale de&nbsp;Marseille, a appris l&rsquo;AFP&nbsp;de source polici\u00e8re, selon qui l&rsquo;agresseur, \u00ab&nbsp;mena\u00e7ant&nbsp;\u00bb, s&rsquo;\u00e9tait pr\u00e9cipit\u00e9 sur les forces de l&rsquo;ordre&nbsp;mais sans faire de bless\u00e9. \u00ab&nbsp;Merci aux policiers courageux qui ont neutralis\u00e9 un individu mena\u00e7ant, muni d&rsquo;un couteau, dans une zone commerciale \u00e0 Marseille. L&rsquo;assaillant est d\u00e9c\u00e9d\u00e9. Aucun autre bless\u00e9&nbsp;\u00bb, a tweet\u00e9 le ministre de l&rsquo;Int\u00e9rieur, G\u00e9rald Darmanin. \u00c0 ce stade de l&rsquo;enqu\u00eate, la piste terroriste n&rsquo;est pas \u00e9voqu\u00e9e.<\/p>\n\n\n\n<p>Les faits se sont produits aux alentours de\u00a013\u00a0heures dans un magasin de la zone commerciale de La Valentine, dans l&rsquo;est de Marseille, o\u00f9 la police avait \u00e9t\u00e9 appel\u00e9e apr\u00e8s que cet homme eut\u00a0\u00e9t\u00e9 rep\u00e9r\u00e9 avec une arme blanche. L&rsquo;homme \u00ab\u00a0s&rsquo;est pr\u00e9cipit\u00e9 sur la police\u00a0\u00bb et les forces de l&rsquo;ordre l&rsquo;ont jug\u00e9 \u00ab\u00a0suffisamment mena\u00e7ant\u00a0\u00bb pour faire usage de leur arme de service, a indiqu\u00e9 une source polici\u00e8re \u00e0 l&rsquo;AFP. Aucun bless\u00e9 n&rsquo;est \u00e0 d\u00e9plorer, en dehors de l&rsquo;auteur de l&rsquo;agression, d\u00e9c\u00e9d\u00e9 des suites de ses blessures, selon la m\u00eame source.Un dispositif d&rsquo;aide psychologique a \u00e9t\u00e9 mis en place par la pr\u00e9fecture de police pour les t\u00e9moins pr\u00e9sents sur place. L&rsquo;enqu\u00eate a \u00e9t\u00e9 confi\u00e9e \u00e0 la police judiciaire, ainsi qu&rsquo;\u00e0 l&rsquo;IGPN, la police des polices, syst\u00e9matiquement saisie lorsqu&rsquo;un policier fait usage de son arme de service.<\/p>\n","protected":false},"excerpt":{"rendered":"<p>Un homme arm\u00e9 d&rsquo;un couteau a \u00e9t\u00e9 abattu par la police en d\u00e9but d&rsquo;apr\u00e8s-midi dans une zone commerciale de&nbsp;Marseille, a appris l&rsquo;AFP&nbsp;de source polici\u00e8re, selon qui l&rsquo;agresseur, \u00ab&nbsp;mena\u00e7ant&nbsp;\u00bb, s&rsquo;\u00e9tait pr\u00e9cipit\u00e9 sur les forces de l&rsquo;ordre&nbsp;mais sans faire de bless\u00e9. \u00ab&nbsp;Merci aux policiers courageux qui ont neutralis\u00e9 un individu mena\u00e7ant, muni d&rsquo;un couteau, dans une zone [&hellip;]<\/p>\n","protected":false},"author":2,"featured_media":21358,"comment_status":"open","ping_status":"open","sticky":false,"template":"","format":"standard","meta":{"_jetpack_memberships_contains_paid_content":false,"footnotes":"","jetpack_publicize_message":"","jetpack_publicize_feature_enabled":true,"jetpack_social_post_already_shared":true,"jetpack_social_options":{"image_generator_settings":{"template":"highway","default_image_id":0,"font":"","enabled":false},"version":2},"_wpas_customize_per_network":false},"categories":[405],"tags":[],"class_list":["post-21357","post","type-post","status-publish","format-standard","has-post-thumbnail","hentry","category-actu-france-monde"],"jetpack_publicize_connections":[],"jetpack_featured_media_url":"https:\/\/i0.wp.com\/www.iceagetv.com\/radiosite\/wp-content\/uploads\/2022\/05\/Un-homme-arme-dun-couteau-tue-par-la-police-dans-une-zone-commerciale-de-Marseille.jpg?fit=679%2C293&ssl=1","jetpack_sharing_enabled":true,"_links":{"self":[{"href":"https:\/\/www.iceagetv.com\/radiosite\/wp-json\/wp\/v2\/posts\/21357","targetHints":{"allow":["GET"]}}],"collection":[{"href":"https:\/\/www.iceagetv.com\/radiosite\/wp-json\/wp\/v2\/posts"}],"about":[{"href":"https:\/\/www.iceagetv.com\/radiosite\/wp-json\/wp\/v2\/types\/post"}],"author":[{"embeddable":true,"href":"https:\/\/www.iceagetv.com\/radiosite\/wp-json\/wp\/v2\/users\/2"}],"replies":[{"embeddable":true,"href":"https:\/\/www.iceagetv.com\/radiosite\/wp-json\/wp\/v2\/comments?post=21357"}],"version-history":[{"count":1,"href":"https:\/\/www.iceagetv.com\/radiosite\/wp-json\/wp\/v2\/posts\/21357\/revisions"}],"predecessor-version":[{"id":21359,"href":"https:\/\/www.iceagetv.com\/radiosite\/wp-json\/wp\/v2\/posts\/21357\/revisions\/21359"}],"wp:featuredmedia":[{"embeddable":true,"href":"https:\/\/www.iceagetv.com\/radiosite\/wp-json\/wp\/v2\/media\/21358"}],"wp:attachment":[{"href":"https:\/\/www.iceagetv.com\/radiosite\/wp-json\/wp\/v2\/media?parent=21357"}],"wp:term":[{"taxonomy":"category","embeddable":true,"href":"https:\/\/www.iceagetv.com\/radiosite\/wp-json\/wp\/v2\/categories?post=21357"},{"taxonomy":"post_tag","embeddable":true,"href":"https:\/\/www.iceagetv.com\/radiosite\/wp-json\/wp\/v2\/tags?post=21357"}],"curies":[{"name":"wp","href":"https:\/\/api.w.org\/{rel}","templated":true}]}}