{"id":21364,"date":"2022-05-12T11:01:27","date_gmt":"2022-05-12T11:01:27","guid":{"rendered":"http:\/\/www.iceagetv.com\/radiosite\/?p=21364"},"modified":"2022-05-12T11:01:27","modified_gmt":"2022-05-12T11:01:27","slug":"deux-ressortissants-francais-arretes-en-iran-le-quai-dorsay-qui-condamne-cette-arrestation-sans-fondement-reclame-leur-liberation-immediate","status":"publish","type":"post","link":"https:\/\/www.iceagetv.com\/radiosite\/deux-ressortissants-francais-arretes-en-iran-le-quai-dorsay-qui-condamne-cette-arrestation-sans-fondement-reclame-leur-liberation-immediate\/","title":{"rendered":"Deux ressortissants fran\u00e7ais arr\u00eat\u00e9s en Iran &#8211; Le Quai d&rsquo;Orsay, qui \u00ab\u00a0condamne cette arrestation sans fondement\u00a0\u00bb r\u00e9clame leur \u00ab\u00a0lib\u00e9ration imm\u00e9diate\u00a0\u00bb"},"content":{"rendered":"\n<p>Deux ressortissants fran\u00e7ais ont \u00e9t\u00e9 arr\u00eat\u00e9s en Iran, a annonc\u00e9 ce jeudi le minist\u00e8re fran\u00e7ais des Affaires \u00e9trang\u00e8res, qui a \u00ab\u00a0condamn\u00e9 cette arrestation sans fondement\u00a0\u00bb et r\u00e9clam\u00e9 leur \u00ab\u00a0lib\u00e9ration imm\u00e9diate\u00a0\u00bb.&nbsp;<\/p>\n\n\n\n<p>Le minist\u00e8re \u00ab\u00a0a \u00e9t\u00e9 inform\u00e9 de l&rsquo;arrestation de deux ressortissants fran\u00e7ais en Iran\u00a0\u00bb, selon un communiqu\u00e9 qui ne pr\u00e9cise pas leur identit\u00e9, au lendemain de l&rsquo;annonce par T\u00e9h\u00e9ran de l&rsquo;arrestation de deux Europ\u00e9ens \u00ab\u00a0entr\u00e9s dans le pays dans le but de d\u00e9clencher le chaos et d\u00e9stabiliser la soci\u00e9t\u00e9\u00a0\u00bb.<\/p>\n","protected":false},"excerpt":{"rendered":"<p>Deux ressortissants fran\u00e7ais ont \u00e9t\u00e9 arr\u00eat\u00e9s en Iran, a annonc\u00e9 ce jeudi le minist\u00e8re fran\u00e7ais des Affaires \u00e9trang\u00e8res, qui a \u00ab\u00a0condamn\u00e9 cette arrestation sans fondement\u00a0\u00bb et r\u00e9clam\u00e9 leur \u00ab\u00a0lib\u00e9ration imm\u00e9diate\u00a0\u00bb.&nbsp; Le minist\u00e8re \u00ab\u00a0a \u00e9t\u00e9 inform\u00e9 de l&rsquo;arrestation de deux ressortissants fran\u00e7ais en Iran\u00a0\u00bb, selon un communiqu\u00e9 qui ne pr\u00e9cise pas leur identit\u00e9, au lendemain de [&hellip;]<\/p>\n","protected":false},"author":2,"featured_media":21365,"comment_status":"open","ping_status":"open","sticky":false,"template":"","format":"standard","meta":{"_jetpack_memberships_contains_paid_content":false,"footnotes":"","jetpack_publicize_message":"","jetpack_publicize_feature_enabled":true,"jetpack_social_post_already_shared":true,"jetpack_social_options":{"image_generator_settings":{"template":"highway","default_image_id":0,"font":"","enabled":false},"version":2},"_wpas_customize_per_network":false},"categories":[405],"tags":[],"class_list":["post-21364","post","type-post","status-publish","format-standard","has-post-thumbnail","hentry","category-actu-france-monde"],"jetpack_publicize_connections":[],"jetpack_featured_media_url":"https:\/\/i0.wp.com\/www.iceagetv.com\/radiosite\/wp-content\/uploads\/2022\/05\/Deux-ressortissants-francais-arretes-en-Iran.jpg?fit=630%2C274&ssl=1","jetpack_sharing_enabled":true,"_links":{"self":[{"href":"https:\/\/www.iceagetv.com\/radiosite\/wp-json\/wp\/v2\/posts\/21364","targetHints":{"allow":["GET"]}}],"collection":[{"href":"https:\/\/www.iceagetv.com\/radiosite\/wp-json\/wp\/v2\/posts"}],"about":[{"href":"https:\/\/www.iceagetv.com\/radiosite\/wp-json\/wp\/v2\/types\/post"}],"author":[{"embeddable":true,"href":"https:\/\/www.iceagetv.com\/radiosite\/wp-json\/wp\/v2\/users\/2"}],"replies":[{"embeddable":true,"href":"https:\/\/www.iceagetv.com\/radiosite\/wp-json\/wp\/v2\/comments?post=21364"}],"version-history":[{"count":1,"href":"https:\/\/www.iceagetv.com\/radiosite\/wp-json\/wp\/v2\/posts\/21364\/revisions"}],"predecessor-version":[{"id":21366,"href":"https:\/\/www.iceagetv.com\/radiosite\/wp-json\/wp\/v2\/posts\/21364\/revisions\/21366"}],"wp:featuredmedia":[{"embeddable":true,"href":"https:\/\/www.iceagetv.com\/radiosite\/wp-json\/wp\/v2\/media\/21365"}],"wp:attachment":[{"href":"https:\/\/www.iceagetv.com\/radiosite\/wp-json\/wp\/v2\/media?parent=21364"}],"wp:term":[{"taxonomy":"category","embeddable":true,"href":"https:\/\/www.iceagetv.com\/radiosite\/wp-json\/wp\/v2\/categories?post=21364"},{"taxonomy":"post_tag","embeddable":true,"href":"https:\/\/www.iceagetv.com\/radiosite\/wp-json\/wp\/v2\/tags?post=21364"}],"curies":[{"name":"wp","href":"https:\/\/api.w.org\/{rel}","templated":true}]}}