{"id":21367,"date":"2022-05-12T14:48:18","date_gmt":"2022-05-12T14:48:18","guid":{"rendered":"http:\/\/www.iceagetv.com\/radiosite\/?p=21367"},"modified":"2022-05-12T14:48:18","modified_gmt":"2022-05-12T14:48:18","slug":"eric-zemmour-qui-etait-juge-en-appel-pour-avoir-qualifie-le-marechal-petain-de-sauveur-des-juifs-a-ete-relaxe","status":"publish","type":"post","link":"https:\/\/www.iceagetv.com\/radiosite\/eric-zemmour-qui-etait-juge-en-appel-pour-avoir-qualifie-le-marechal-petain-de-sauveur-des-juifs-a-ete-relaxe\/","title":{"rendered":"Eric Zemmour, qui \u00e9tait jug\u00e9 en appel pour avoir qualifi\u00e9 le mar\u00e9chal P\u00e9tain de \u00ab\u00a0sauveur\u00a0\u00bb des Juifs, a \u00e9t\u00e9 relax\u00e9"},"content":{"rendered":"\n<p>La cour d&rsquo;appel de Paris a confirm\u00e9 jeudi la relaxe prononc\u00e9e en premi\u00e8re instance en faveur d&rsquo;Eric Zemmour jug\u00e9 pour \u00ab\u00a0contestation de crime contre l&rsquo;humanit\u00e9\u00a0\u00bb pour avoir soutenu que le mar\u00e9chal P\u00e9tain avait \u00ab\u00a0sauv\u00e9\u00a0\u00bb des juifs fran\u00e7ais durant la Seconde Guerre mondiale. \u00ab\u00a0La cour confirme la d\u00e9cision de premi\u00e8re instance\u00a0\u00bb, a indiqu\u00e9 le pr\u00e9sident de la cour d&rsquo;appel.<\/p>\n\n\n\n<p>L&rsquo;ancien candidat \u00e0 la pr\u00e9sidence de la R\u00e9publique n&rsquo;\u00e9tait pas pr\u00e9sent \u00e0 l&rsquo;audience mais son avocat, Me Olivier Pardo a exprim\u00e9 son \u00ab\u00a0immense satisfaction\u00a0\u00bb apr\u00e8s la d\u00e9cision de la cour. \u00ab\u00a0C&rsquo;est un message \u00e0 tous ceux qui veulent lancer des attaques infamantes, utilisant les drames de la Seconde Guerre mondiale pour des affaires politiques. C&rsquo;est la libert\u00e9 d&rsquo;expression qui a gagn\u00e9\u00a0\u00bb, a-t-il dit \u00e0 la sortie de la salle d&rsquo;audience.<\/p>\n\n\n\n<p>La cour n&rsquo;a pas suivi les r\u00e9quisitions de l&rsquo;avocat g\u00e9n\u00e9ral qui, lors du proc\u00e8s en appel, en janvier, avait r\u00e9clam\u00e9 une peine de 100 jours-amendes \u00e0 100 euros, soit une peine de 10.000 euros d&rsquo;amende. Les propos contest\u00e9s d&rsquo;Eric Zemmour remontent au 14 octobre 2019, lors d&rsquo;un d\u00e9bat, dans l&rsquo;\u00e9mission \u00ab\u00a0Face \u00e0 l&rsquo;info\u00a0\u00bb dont il \u00e9tait le chroniqueur vedette sur CNews, avec Bernard-Henri L\u00e9vy. \u00ab\u00a0Un jour (&#8230;) vous avez os\u00e9 dire que P\u00e9tain avait sauv\u00e9 les juifs fran\u00e7ais. C&rsquo;est une monstruosit\u00e9, c&rsquo;est du r\u00e9visionnisme\u00a0\u00bb, s&rsquo;\u00e9tait indign\u00e9 \u00ab\u00a0BHL\u00a0\u00bb.<\/p>\n\n\n\n<p>\u00ab\u00a0C&rsquo;est encore une fois le r\u00e9el, je suis d\u00e9sol\u00e9\u00a0\u00bb, lui avait r\u00e9pondu Eric Zemmour. Lors du proc\u00e8s en premi\u00e8re instance, Eric Zemmour s&rsquo;\u00e9tait d\u00e9fendu de toute contestation de crime contre l&rsquo;humanit\u00e9 et avait estim\u00e9 que le d\u00e9bat sur le r\u00f4le du r\u00e9gime de Vichy (1940-1944) envers les citoyens juifs fran\u00e7ais devait \u00eatre tranch\u00e9 par les historiens et non par la justice.<\/p>\n\n\n\n<p>Dans son jugement le relaxant, le tribunal avait estim\u00e9 que les propos contest\u00e9s de M. Zemmour avaient \u00e9t\u00e9 prononc\u00e9s \u00ab\u00a0\u00e0 br\u00fble-pourpoint lors d&rsquo;un d\u00e9bat sur la guerre en Syrie\u00a0\u00bb. Le tribunal avait n\u00e9anmoins reconnu que ses mots contenaient \u00ab\u00a0la n\u00e9gation de la participation (de P\u00e9tain) \u00e0 la politique d&rsquo;extermination des juifs men\u00e9e par le r\u00e9gime nazi\u00a0\u00bb.<\/p>\n\n\n\n<p>Les sorties controvers\u00e9es d&rsquo;Eric Zemmour lui ont valu une quinzaine de poursuites en justice, notamment pour injure raciale, provocation \u00e0 la haine ou contestation de crime contre l&rsquo;humanit\u00e9. Il a \u00e9t\u00e9 condamn\u00e9 \u00e0 plusieurs reprises par des tribunaux au p\u00e9nal, dont la derni\u00e8re fois en janvier 2022 pour \u00ab\u00a0provocation \u00e0 la haine et \u00e0 la violence\u00a0\u00bb et \u00ab\u00a0injures publiques envers un groupe de personnes en raison de leur origine\u00a0\u00bb pour des propos sur les mineurs migrants isol\u00e9s. Il a fait appel de ce jugement. Il a aussi \u00e9t\u00e9 d\u00e9finitivement condamn\u00e9 \u00e0 deux reprises pour \u00ab\u00a0provocation \u00e0 la haine\u00a0\u00bb, pour des propos tenus en 2010 et 2016.<\/p>\n","protected":false},"excerpt":{"rendered":"<p>La cour d&rsquo;appel de Paris a confirm\u00e9 jeudi la relaxe prononc\u00e9e en premi\u00e8re instance en faveur d&rsquo;Eric Zemmour jug\u00e9 pour \u00ab\u00a0contestation de crime contre l&rsquo;humanit\u00e9\u00a0\u00bb pour avoir soutenu que le mar\u00e9chal P\u00e9tain avait \u00ab\u00a0sauv\u00e9\u00a0\u00bb des juifs fran\u00e7ais durant la Seconde Guerre mondiale. \u00ab\u00a0La cour confirme la d\u00e9cision de premi\u00e8re instance\u00a0\u00bb, a indiqu\u00e9 le pr\u00e9sident de [&hellip;]<\/p>\n","protected":false},"author":2,"featured_media":21368,"comment_status":"open","ping_status":"open","sticky":false,"template":"","format":"standard","meta":{"_jetpack_memberships_contains_paid_content":false,"footnotes":"","jetpack_publicize_message":"","jetpack_publicize_feature_enabled":true,"jetpack_social_post_already_shared":true,"jetpack_social_options":{"image_generator_settings":{"template":"highway","default_image_id":0,"font":"","enabled":false},"version":2},"_wpas_customize_per_network":false},"categories":[405],"tags":[],"class_list":["post-21367","post","type-post","status-publish","format-standard","has-post-thumbnail","hentry","category-actu-france-monde"],"jetpack_publicize_connections":[],"jetpack_featured_media_url":"https:\/\/i0.wp.com\/www.iceagetv.com\/radiosite\/wp-content\/uploads\/2022\/05\/Eric-Zemmour-qui-etait-juge-en-appel-pour-avoir-qualifie.jpg?fit=679%2C293&ssl=1","jetpack_sharing_enabled":true,"_links":{"self":[{"href":"https:\/\/www.iceagetv.com\/radiosite\/wp-json\/wp\/v2\/posts\/21367","targetHints":{"allow":["GET"]}}],"collection":[{"href":"https:\/\/www.iceagetv.com\/radiosite\/wp-json\/wp\/v2\/posts"}],"about":[{"href":"https:\/\/www.iceagetv.com\/radiosite\/wp-json\/wp\/v2\/types\/post"}],"author":[{"embeddable":true,"href":"https:\/\/www.iceagetv.com\/radiosite\/wp-json\/wp\/v2\/users\/2"}],"replies":[{"embeddable":true,"href":"https:\/\/www.iceagetv.com\/radiosite\/wp-json\/wp\/v2\/comments?post=21367"}],"version-history":[{"count":1,"href":"https:\/\/www.iceagetv.com\/radiosite\/wp-json\/wp\/v2\/posts\/21367\/revisions"}],"predecessor-version":[{"id":21369,"href":"https:\/\/www.iceagetv.com\/radiosite\/wp-json\/wp\/v2\/posts\/21367\/revisions\/21369"}],"wp:featuredmedia":[{"embeddable":true,"href":"https:\/\/www.iceagetv.com\/radiosite\/wp-json\/wp\/v2\/media\/21368"}],"wp:attachment":[{"href":"https:\/\/www.iceagetv.com\/radiosite\/wp-json\/wp\/v2\/media?parent=21367"}],"wp:term":[{"taxonomy":"category","embeddable":true,"href":"https:\/\/www.iceagetv.com\/radiosite\/wp-json\/wp\/v2\/categories?post=21367"},{"taxonomy":"post_tag","embeddable":true,"href":"https:\/\/www.iceagetv.com\/radiosite\/wp-json\/wp\/v2\/tags?post=21367"}],"curies":[{"name":"wp","href":"https:\/\/api.w.org\/{rel}","templated":true}]}}