{"id":21377,"date":"2022-05-12T19:21:15","date_gmt":"2022-05-12T19:21:15","guid":{"rendered":"http:\/\/www.iceagetv.com\/radiosite\/?p=21377"},"modified":"2022-05-12T19:21:15","modified_gmt":"2022-05-12T19:21:15","slug":"legislatives-jean-luc-melenchon-annonce-quil-ne-se-represente-pas-a-marseille-manuel-bompard-investi-par-la-france-insoumise","status":"publish","type":"post","link":"https:\/\/www.iceagetv.com\/radiosite\/legislatives-jean-luc-melenchon-annonce-quil-ne-se-represente-pas-a-marseille-manuel-bompard-investi-par-la-france-insoumise\/","title":{"rendered":"L\u00e9gislatives: Jean-Luc M\u00e9lenchon annonce qu&rsquo;il ne se repr\u00e9sente pas \u00e0 Marseille &#8211; Manuel Bompard investi par La France insoumise"},"content":{"rendered":"\n<p>Le leader insoumis Jean-Luc M\u00e9lenchon annonce \u00e0 Marseille qu&rsquo;il ne se repr\u00e9sentera pas dans sa circonscription des Bouches-du-Rh\u00f4ne pour les l\u00e9gislatives en juin prochain. Son directeur de campagne, l&rsquo;eurod\u00e9put\u00e9 Manuel Bompard, a \u00e9t\u00e9 investi par LFI.<\/p>\n\n\n\n<p>\u00ab\u00a0&lsquo;Alors monsieur, pourquoi vous ne serez pas candidat aux l\u00e9gislatives ?&rsquo; me demande-t-on. Parce que c&rsquo;est Bompard qui le sera, c&rsquo;est une des figures parmi les plus \u00e9minentes de la nouvelle g\u00e9n\u00e9ration, je vous le confie, il faut l&rsquo;\u00e9lire\u00a0\u00bb, a l\u00e2ch\u00e9 le leader de la France Insoumise, lors d&rsquo;un \u00ab\u00a0ap\u00e9ro populaire\u00a0\u00bb en plein air : \u00ab\u00a0On va gagner et je serai Premier ministre\u00a0\u00bb, a-t-il conclu, devant quelque 300 militants.<\/p>\n","protected":false},"excerpt":{"rendered":"<p>Le leader insoumis Jean-Luc M\u00e9lenchon annonce \u00e0 Marseille qu&rsquo;il ne se repr\u00e9sentera pas dans sa circonscription des Bouches-du-Rh\u00f4ne pour les l\u00e9gislatives en juin prochain. Son directeur de campagne, l&rsquo;eurod\u00e9put\u00e9 Manuel Bompard, a \u00e9t\u00e9 investi par LFI. \u00ab\u00a0&lsquo;Alors monsieur, pourquoi vous ne serez pas candidat aux l\u00e9gislatives ?&rsquo; me demande-t-on. Parce que c&rsquo;est Bompard qui le [&hellip;]<\/p>\n","protected":false},"author":2,"featured_media":21378,"comment_status":"open","ping_status":"open","sticky":false,"template":"","format":"standard","meta":{"_jetpack_memberships_contains_paid_content":false,"footnotes":"","jetpack_publicize_message":"","jetpack_publicize_feature_enabled":true,"jetpack_social_post_already_shared":true,"jetpack_social_options":{"image_generator_settings":{"template":"highway","default_image_id":0,"font":"","enabled":false},"version":2},"_wpas_customize_per_network":false},"categories":[405],"tags":[],"class_list":["post-21377","post","type-post","status-publish","format-standard","has-post-thumbnail","hentry","category-actu-france-monde"],"jetpack_publicize_connections":[],"jetpack_featured_media_url":"https:\/\/i0.wp.com\/www.iceagetv.com\/radiosite\/wp-content\/uploads\/2022\/05\/Jean-Luc-Melenchon-annonce-quil-ne-se-represente-pas-a-Marseille.jpg?fit=679%2C293&ssl=1","jetpack_sharing_enabled":true,"_links":{"self":[{"href":"https:\/\/www.iceagetv.com\/radiosite\/wp-json\/wp\/v2\/posts\/21377","targetHints":{"allow":["GET"]}}],"collection":[{"href":"https:\/\/www.iceagetv.com\/radiosite\/wp-json\/wp\/v2\/posts"}],"about":[{"href":"https:\/\/www.iceagetv.com\/radiosite\/wp-json\/wp\/v2\/types\/post"}],"author":[{"embeddable":true,"href":"https:\/\/www.iceagetv.com\/radiosite\/wp-json\/wp\/v2\/users\/2"}],"replies":[{"embeddable":true,"href":"https:\/\/www.iceagetv.com\/radiosite\/wp-json\/wp\/v2\/comments?post=21377"}],"version-history":[{"count":1,"href":"https:\/\/www.iceagetv.com\/radiosite\/wp-json\/wp\/v2\/posts\/21377\/revisions"}],"predecessor-version":[{"id":21379,"href":"https:\/\/www.iceagetv.com\/radiosite\/wp-json\/wp\/v2\/posts\/21377\/revisions\/21379"}],"wp:featuredmedia":[{"embeddable":true,"href":"https:\/\/www.iceagetv.com\/radiosite\/wp-json\/wp\/v2\/media\/21378"}],"wp:attachment":[{"href":"https:\/\/www.iceagetv.com\/radiosite\/wp-json\/wp\/v2\/media?parent=21377"}],"wp:term":[{"taxonomy":"category","embeddable":true,"href":"https:\/\/www.iceagetv.com\/radiosite\/wp-json\/wp\/v2\/categories?post=21377"},{"taxonomy":"post_tag","embeddable":true,"href":"https:\/\/www.iceagetv.com\/radiosite\/wp-json\/wp\/v2\/tags?post=21377"}],"curies":[{"name":"wp","href":"https:\/\/api.w.org\/{rel}","templated":true}]}}