{"id":21380,"date":"2022-05-13T07:00:06","date_gmt":"2022-05-13T07:00:06","guid":{"rendered":"http:\/\/www.iceagetv.com\/radiosite\/?p=21380"},"modified":"2022-05-13T07:00:06","modified_gmt":"2022-05-13T07:00:06","slug":"coree-du-nord-premier-mort-du-covid-19-et-propagation-nationale-du-virus","status":"publish","type":"post","link":"https:\/\/www.iceagetv.com\/radiosite\/coree-du-nord-premier-mort-du-covid-19-et-propagation-nationale-du-virus\/","title":{"rendered":"Cor\u00e9e du Nord : Premier mort du Covid-19 et \u00ab propagation \u00bb nationale du virus"},"content":{"rendered":"\n<p><a href=\"https:\/\/www.20minutes.fr\/monde\/coree_du_nord\/\">La Cor\u00e9e du Nord<\/a>&nbsp;a annonc\u00e9 vendredi son premier mort du&nbsp;<a href=\"https:\/\/www.20minutes.fr\/societe\/covid-19\/\">&nbsp;Covid-19<\/a>, pr\u00e9cisant que le virus s\u2019est d\u00e9j\u00e0 r\u00e9pandu \u00e0 travers tout le pays et que des dizaines de milliers de personnes sont actuellement \u00ab isol\u00e9es et soign\u00e9es \u00bb.<\/p>\n\n\n\n<p>Ce pays reclus avait fait \u00e9tat jeudi de ses premiers cas de coronavirus, d\u00e9clarant passer en mode \u00ab pr\u00e9vention d\u2019urgence maximale des \u00e9pid\u00e9mies \u00bb, apr\u00e8s que des personnes ont \u00e9t\u00e9 test\u00e9es positives au sous-variant BA.2 d\u2019Omicron.<\/p>\n\n\n\n<h2 class=\"wp-block-heading\">Pas de vaccin\u00e9s<\/h2>\n\n\n\n<p>L\u2019agence de presse officielle KCNA a affirm\u00e9 vendredi que le leader<a href=\"https:\/\/www.20minutes.fr\/monde\/kim_jong_un\/\">\u00a0Kim Jong Un\u00a0<\/a>s\u2019\u00e9tait rendu au si\u00e8ge national de la pr\u00e9vention des \u00e9pid\u00e9mies o\u00f9 il a \u00ab pris connaissance de la propagation du Covid-19 dans tout le pays \u00bb.<\/p>\n\n\n\n<p>Six personnes victimes de \u00ab fi\u00e8vre \u00bb sont mortes dans le pays, dont une test\u00e9e positive au sous-variant BA.2 d\u2019Omicron, a indiqu\u00e9 KCNA. \u00ab Une fi\u00e8vre dont la cause n\u2019a pu \u00eatre identifi\u00e9e s\u2019est propag\u00e9e de mani\u00e8re explosive dans tout le pays \u00e0 partir de la fin avril \u00bb, selon KCNA.<\/p>\n\n\n\n<p>\u00ab Plus de 350.000 personnes ont pr\u00e9sent\u00e9 de la fi\u00e8vre en peu de temps et au moins 162.200 d\u2019entre elles sont compl\u00e8tement gu\u00e9ries \u00bb, a d\u00e9taill\u00e9 la m\u00eame source. \u00ab Rien que le 12 mai, quelque 18.000 personnes ont eu de la fi\u00e8vre \u00e0 travers tout le pays et, \u00e0 l\u2019heure actuelle, 187.800 personnes sont isol\u00e9es et soign\u00e9es \u00bb.<\/p>\n\n\n\n<p>Aucun des 25 millions d\u2019habitants n\u2019est vaccin\u00e9 contre le coronavirus, Pyongyang ayant rejet\u00e9 les offres de vaccination de l\u2019Organisation mondiale de la sant\u00e9, de la Chine et de la Russie.<\/p>\n\n\n\n<h2 class=\"wp-block-heading\">Mesures de confinement<\/h2>\n\n\n\n<p>Kim Jong Un, qui est apparu pour la premi\u00e8re fois \u00e0 la t\u00e9l\u00e9vision portant un masque, a pr\u00e9sid\u00e9 jeudi une r\u00e9union d\u2019urgence du bureau politique sur la situation \u00e9pid\u00e9mique. Il a ordonn\u00e9 des mesures de confinement pour tenter d\u2019enrayer la propagation du virus.<\/p>\n\n\n\n<p>\u00ab C\u2019est le d\u00e9fi le plus important et la t\u00e2che la plus importante auxquels notre parti doit faire face pour inverser rapidement cette situation de crise sanitaire \u00bb, a affirm\u00e9 KCNA.<\/p>\n\n\n\n<p>La Cor\u00e9e du Nord, qui a \u00e9t\u00e9 l\u2019une des premiers pays au monde \u00e0 fermer ses fronti\u00e8res en janvier 2020 apr\u00e8s l\u2019apparition du virus dans la Chine voisine, s\u2019est longtemps vant\u00e9e de sa capacit\u00e9 \u00e0 tenir le virus \u00e0 distance. Elle n\u2019avait jusqu\u2019\u00e0 pr\u00e9sent signal\u00e9 aucun cas confirm\u00e9 de Covid-19 \u00e0 l\u2019OMS.<\/p>\n\n\n\n<h2 class=\"wp-block-heading\">Crise sanitaire majeure ?<\/h2>\n\n\n\n<p>Le virus pourrait s\u2019\u00eatre d\u00e9j\u00e0 propag\u00e9 \u00e0 travers le pays, selon des analystes, \u00e0 l\u2019occasion notamment d\u2019importants \u00e9v\u00e9nements en avril \u00e0 Pyongyang, en particulier un d\u00e9fil\u00e9 militaire le 25 avril lors duquel ni les participants ni les spectateurs ne portaient de masque. \u00ab L\u2019organisation d\u2019une parade militaire \u00e0 laquelle a assist\u00e9 une grande foule, alors que l\u2019Omicron faisait rage en Chine voisine, montre que Pyongyang \u00e9tait trop confiant dans ses capacit\u00e9s \u00e0 combattre et \u00e0 pr\u00e9venir le virus \u00bb, a affirm\u00e9 \u00e0 l\u2019AFP Cheong Seong-chang, sp\u00e9cialiste de la Cor\u00e9e du Nord \u00e0 l\u2019Institut Sejong.<\/p>\n\n\n\n<p>Le pays pourrait faire face \u00e0 une crise sanitaire majeure, Omicron \u00e9tant hautement transmissible, a-t-il estim\u00e9, rappelant que Pyongyang a fait \u00e9tat de pr\u00e8s de 20.000 cas en une seule journ\u00e9e.<\/p>\n\n\n\n<p>\u00ab Si le nombre de d\u00e9c\u00e8s dus \u00e0 Omicron monte en fl\u00e8che, Pyongyang pourrait \u00eatre amen\u00e9 \u00e0 demander le soutien de la Chine \u00bb voisine, a-t-il ajout\u00e9. P\u00e9kin a offert jeudi son aide \u00e0 la Cor\u00e9e du Nord dont les infrastructures sanitaires sont notoirement d\u00e9faillantes. La Chine, seule grande \u00e9conomie du monde \u00e0 maintenir une politique z\u00e9ro Covid, est cependant aux prises avec de multiples foyers d\u2019Omicron en d\u00e9pit de stricts confinements et de d\u00e9pistages massifs \u00e0 travers le pays.<\/p>\n","protected":false},"excerpt":{"rendered":"<p>La Cor\u00e9e du Nord&nbsp;a annonc\u00e9 vendredi son premier mort du&nbsp;&nbsp;Covid-19, pr\u00e9cisant que le virus s\u2019est d\u00e9j\u00e0 r\u00e9pandu \u00e0 travers tout le pays et que des dizaines de milliers de personnes sont actuellement \u00ab isol\u00e9es et soign\u00e9es \u00bb. Ce pays reclus avait fait \u00e9tat jeudi de ses premiers cas de coronavirus, d\u00e9clarant passer en mode \u00ab [&hellip;]<\/p>\n","protected":false},"author":2,"featured_media":21381,"comment_status":"open","ping_status":"open","sticky":false,"template":"","format":"standard","meta":{"_jetpack_memberships_contains_paid_content":false,"footnotes":"","jetpack_publicize_message":"","jetpack_publicize_feature_enabled":true,"jetpack_social_post_already_shared":true,"jetpack_social_options":{"image_generator_settings":{"template":"highway","default_image_id":0,"font":"","enabled":false},"version":2},"_wpas_customize_per_network":false},"categories":[405],"tags":[],"class_list":["post-21380","post","type-post","status-publish","format-standard","has-post-thumbnail","hentry","category-actu-france-monde"],"jetpack_publicize_connections":[],"jetpack_featured_media_url":"https:\/\/i0.wp.com\/www.iceagetv.com\/radiosite\/wp-content\/uploads\/2022\/05\/Coree-du-Nord-Premier-mort-du-Covid-19.jpg?fit=500%2C261&ssl=1","jetpack_sharing_enabled":true,"_links":{"self":[{"href":"https:\/\/www.iceagetv.com\/radiosite\/wp-json\/wp\/v2\/posts\/21380","targetHints":{"allow":["GET"]}}],"collection":[{"href":"https:\/\/www.iceagetv.com\/radiosite\/wp-json\/wp\/v2\/posts"}],"about":[{"href":"https:\/\/www.iceagetv.com\/radiosite\/wp-json\/wp\/v2\/types\/post"}],"author":[{"embeddable":true,"href":"https:\/\/www.iceagetv.com\/radiosite\/wp-json\/wp\/v2\/users\/2"}],"replies":[{"embeddable":true,"href":"https:\/\/www.iceagetv.com\/radiosite\/wp-json\/wp\/v2\/comments?post=21380"}],"version-history":[{"count":1,"href":"https:\/\/www.iceagetv.com\/radiosite\/wp-json\/wp\/v2\/posts\/21380\/revisions"}],"predecessor-version":[{"id":21382,"href":"https:\/\/www.iceagetv.com\/radiosite\/wp-json\/wp\/v2\/posts\/21380\/revisions\/21382"}],"wp:featuredmedia":[{"embeddable":true,"href":"https:\/\/www.iceagetv.com\/radiosite\/wp-json\/wp\/v2\/media\/21381"}],"wp:attachment":[{"href":"https:\/\/www.iceagetv.com\/radiosite\/wp-json\/wp\/v2\/media?parent=21380"}],"wp:term":[{"taxonomy":"category","embeddable":true,"href":"https:\/\/www.iceagetv.com\/radiosite\/wp-json\/wp\/v2\/categories?post=21380"},{"taxonomy":"post_tag","embeddable":true,"href":"https:\/\/www.iceagetv.com\/radiosite\/wp-json\/wp\/v2\/tags?post=21380"}],"curies":[{"name":"wp","href":"https:\/\/api.w.org\/{rel}","templated":true}]}}