{"id":21405,"date":"2022-05-19T07:32:35","date_gmt":"2022-05-19T07:32:35","guid":{"rendered":"https:\/\/www.iceagetv.com\/radiosite\/?p=21405"},"modified":"2022-05-19T07:32:35","modified_gmt":"2022-05-19T07:32:35","slug":"emprisonne-pour-ne-pas-avoir-respecte-son-controle-judiciaire-patrick-balkany-demande-aujourdhui-sa-remise-en-liberte-il-souhaite-profiter-du-temps-quil-lui-reste-en-famille","status":"publish","type":"post","link":"https:\/\/www.iceagetv.com\/radiosite\/emprisonne-pour-ne-pas-avoir-respecte-son-controle-judiciaire-patrick-balkany-demande-aujourdhui-sa-remise-en-liberte-il-souhaite-profiter-du-temps-quil-lui-reste-en-famille\/","title":{"rendered":"Emprisonn\u00e9 pour ne pas avoir respect\u00e9 son contr\u00f4le judiciaire, Patrick Balkany demande aujourd&rsquo;hui sa remise en libert\u00e9 : \u00ab\u00a0Il souhaite profiter du temps qu&rsquo;il lui reste en famille\u00a0\u00bb"},"content":{"rendered":"\n<p>Patrick Balkany, qui a fait une demande d&rsquo;am\u00e9nagement de peine \u00e0 la suite de son incarc\u00e9ration \u00e0 Fleury-Merogis (Essonne), comparaitra aujourd&rsquo;hui devant le tribunal d&rsquo;application des peines d&rsquo;\u00c9vry, a indiqu\u00e9 le parquet sollicit\u00e9 par l&rsquo;AFP. L&rsquo;ancien maire LR de Levallois-Perret, incarc\u00e9r\u00e9 depuis le 7 f\u00e9vrier, a d\u00e9pos\u00e9 une requ\u00eate en lib\u00e9ration conditionnelle par le biais de ses avocats. Cette audience aura lieu au sein de la maison d&rsquo;arr\u00eat de Fleury-Merogis, selon eux.<\/p>\n\n\n\n<p>A l&rsquo;issue de cette audience, la justice d\u00e9cidera de sa lib\u00e9ration conditionnelle, de son placement sous bracelet \u00e9lectronique ou de son maintien en d\u00e9tention. Apr\u00e8s avoir effectu\u00e9 cinq mois de d\u00e9tention pour fraude fiscale, puis \u00e9t\u00e9 lib\u00e9r\u00e9 sous bracelet \u00e9lectronique pour raisons de sant\u00e9, l&rsquo;ancien \u00e9lu est retourn\u00e9 en prison en raison de nombreux manquements \u00e0 ses obligations, selon la justice.<\/p>\n\n\n\n<p>Le placement sous bracelet \u00e9lectronique de son \u00e9pouse Isabelle, toujours hospitalis\u00e9e depuis sa tentative de suicide en f\u00e9vrier, a \u00e9galement \u00e9t\u00e9 r\u00e9voqu\u00e9.<\/p>\n\n\n\n<p>Les \u00e9poux Balkany avaient \u00e9t\u00e9 reconnus coupables de ne pas avoir pay\u00e9 d&rsquo;imp\u00f4t sur la fortune entre 2010 et 2015 et d&rsquo;avoir pay\u00e9 un imp\u00f4t sur le revenu amplement sous-\u00e9valu\u00e9 entre 2009 et 2014, pour un total estim\u00e9 de quatre millions d&rsquo;euros de sommes \u00e9lud\u00e9es.<\/p>\n\n\n\n<p>Avec son \u00e9pouse, ils doivent \u00eatre rejug\u00e9s en octobre dans l&rsquo;affaire de blanchiment de fraude fiscale avec pour seul enjeu le quantum de leurs peines, apr\u00e8s une d\u00e9cision de la Cour de cassation, car d\u00e9j\u00e0 reconnus d\u00e9finitivement coupables de cette infraction.<\/p>\n\n\n\n<p>Patrick Balkany reste mis en examen \u00e0 Nanterre dans diff\u00e9rentes affaires, notamment pour \u00ab\u00a0d\u00e9tournement de fonds publics\u00a0\u00bb, soup\u00e7onn\u00e9 d&rsquo;avoir utilis\u00e9 des chauffeurs de la mairie de Levallois \u00e0 des fins personnelles.<\/p>\n\n\n\n<p>\u00ab\u00a0Notre client a d\u00e9j\u00e0 ex\u00e9cut\u00e9 vingt mois sous \u00e9crou. Il a 73 ans et souhaite profiter du temps qu&rsquo;il lui reste en famille\u00a0\u00bb, ont d\u00e9clar\u00e9 lundi \u00e0 l&rsquo;AFP ses avocats Romain Dieudonn\u00e9 et Robin Binsard, pr\u00e9cisant qu&rsquo;ils r\u00e9servaient \u00ab\u00a0leurs d\u00e9clarations pour l&rsquo;audience\u00a0\u00bb.<\/p>\n\n\n\n<p>La d\u00e9cision des trois magistrats du tribunal d&rsquo;application des peines d&rsquo;\u00c9vry sera \u00ab\u00a0probablement\u00a0\u00bb mise en d\u00e9lib\u00e9r\u00e9, selon eux.<\/p>\n","protected":false},"excerpt":{"rendered":"<p>Patrick Balkany, qui a fait une demande d&rsquo;am\u00e9nagement de peine \u00e0 la suite de son incarc\u00e9ration \u00e0 Fleury-Merogis (Essonne), comparaitra aujourd&rsquo;hui devant le tribunal d&rsquo;application des peines d&rsquo;\u00c9vry, a indiqu\u00e9 le parquet sollicit\u00e9 par l&rsquo;AFP. L&rsquo;ancien maire LR de Levallois-Perret, incarc\u00e9r\u00e9 depuis le 7 f\u00e9vrier, a d\u00e9pos\u00e9 une requ\u00eate en lib\u00e9ration conditionnelle par le biais [&hellip;]<\/p>\n","protected":false},"author":2,"featured_media":21406,"comment_status":"open","ping_status":"open","sticky":false,"template":"","format":"standard","meta":{"_jetpack_memberships_contains_paid_content":false,"footnotes":"","jetpack_publicize_message":"","jetpack_publicize_feature_enabled":true,"jetpack_social_post_already_shared":true,"jetpack_social_options":{"image_generator_settings":{"template":"highway","default_image_id":0,"font":"","enabled":false},"version":2},"_wpas_customize_per_network":false},"categories":[405],"tags":[],"class_list":["post-21405","post","type-post","status-publish","format-standard","has-post-thumbnail","hentry","category-actu-france-monde"],"jetpack_publicize_connections":[],"jetpack_featured_media_url":"https:\/\/i0.wp.com\/www.iceagetv.com\/radiosite\/wp-content\/uploads\/2022\/05\/b9723811457z.1_20200623142513_000glpg7a641.2-0_0.jpg?fit=200%2C87&ssl=1","jetpack_sharing_enabled":true,"_links":{"self":[{"href":"https:\/\/www.iceagetv.com\/radiosite\/wp-json\/wp\/v2\/posts\/21405","targetHints":{"allow":["GET"]}}],"collection":[{"href":"https:\/\/www.iceagetv.com\/radiosite\/wp-json\/wp\/v2\/posts"}],"about":[{"href":"https:\/\/www.iceagetv.com\/radiosite\/wp-json\/wp\/v2\/types\/post"}],"author":[{"embeddable":true,"href":"https:\/\/www.iceagetv.com\/radiosite\/wp-json\/wp\/v2\/users\/2"}],"replies":[{"embeddable":true,"href":"https:\/\/www.iceagetv.com\/radiosite\/wp-json\/wp\/v2\/comments?post=21405"}],"version-history":[{"count":1,"href":"https:\/\/www.iceagetv.com\/radiosite\/wp-json\/wp\/v2\/posts\/21405\/revisions"}],"predecessor-version":[{"id":21407,"href":"https:\/\/www.iceagetv.com\/radiosite\/wp-json\/wp\/v2\/posts\/21405\/revisions\/21407"}],"wp:featuredmedia":[{"embeddable":true,"href":"https:\/\/www.iceagetv.com\/radiosite\/wp-json\/wp\/v2\/media\/21406"}],"wp:attachment":[{"href":"https:\/\/www.iceagetv.com\/radiosite\/wp-json\/wp\/v2\/media?parent=21405"}],"wp:term":[{"taxonomy":"category","embeddable":true,"href":"https:\/\/www.iceagetv.com\/radiosite\/wp-json\/wp\/v2\/categories?post=21405"},{"taxonomy":"post_tag","embeddable":true,"href":"https:\/\/www.iceagetv.com\/radiosite\/wp-json\/wp\/v2\/tags?post=21405"}],"curies":[{"name":"wp","href":"https:\/\/api.w.org\/{rel}","templated":true}]}}