{"id":21423,"date":"2022-05-20T07:04:14","date_gmt":"2022-05-20T07:04:14","guid":{"rendered":"https:\/\/www.iceagetv.com\/radiosite\/?p=21423"},"modified":"2022-05-20T07:04:14","modified_gmt":"2022-05-20T07:04:14","slug":"plogoff-trois-membres-dune-meme-famille-les-parents-et-lun-des-enfants-meurent-apres-avoir-ete-emportes-par-une-vague-alors-quils-se-promenaient-sur-une-digue","status":"publish","type":"post","link":"https:\/\/www.iceagetv.com\/radiosite\/plogoff-trois-membres-dune-meme-famille-les-parents-et-lun-des-enfants-meurent-apres-avoir-ete-emportes-par-une-vague-alors-quils-se-promenaient-sur-une-digue\/","title":{"rendered":"Plogoff : Trois membres d\u2019une m\u00eame famille, les parents et l\u2019un des enfants, meurent apr\u00e8s avoir \u00e9t\u00e9 emport\u00e9s par une vague alors qu&rsquo;ils se promenaient sur une digue"},"content":{"rendered":"\n<p>Trois membres d\u2019une m\u00eame famille, les parents et l\u2019un des enfants qui se promenaient sur une digue hier en d\u00e9but de soir\u00e9e \u00e0 Plogoff (Finist\u00e8re), ont \u00e9t\u00e9 retrouv\u00e9s morts apr\u00e8s avoir \u00e9t\u00e9 emport\u00e9s par une vague, a-t-on appris aupr\u00e8s de la pr\u00e9fecture. Les deux adultes, \u00e2g\u00e9s de 55 ans pour le p\u00e8re et de 33 ans pour la m\u00e8re, avaient \u00e9t\u00e9 r\u00e9cup\u00e9r\u00e9s vers 19H30 en arr\u00eat cardio-respiratoire mais les secouristes ne sont pas parvenus \u00e0 les ranimer, a pr\u00e9cis\u00e9 \u00e0 l\u2019AFP le directeur de cabinet du pr\u00e9fet, David Foltz.<\/p>\n\n\n\n<p>Le corps sans vie de l\u2019enfant, \u00e2g\u00e9 de 12 ans, a \u00e9t\u00e9 rep\u00each\u00e9 peu apr\u00e8s 22h00, entra\u00eenant la suspension des recherches. Trois autres enfants de la famille, qui pour leur part n\u2019\u00e9taient pas mont\u00e9s sur la digue, sont sains et saufs mais choqu\u00e9s. Ils ont \u00e9t\u00e9 pris en charge par les services m\u00e9dicaux et psychologiques.<em>close<\/em><em>volume_off<\/em><\/p>\n\n\n\n<p>Le drame s\u2019est produit vers 18h40, soit un peu plus d\u2019une heure avant la mar\u00e9e haute, \u00e0 Pors-Loubous. La mer \u00e0 cet endroit, situ\u00e9 \u00e0 quelques kilom\u00e8tres de la pointe du Raz, \u00e9tait agit\u00e9e par une forte houle mais la m\u00e9t\u00e9o n\u2019\u00e9tait pas d\u00e9favorable, a pr\u00e9cis\u00e9 une porte-parole de la pr\u00e9fecture maritime.<\/p>\n\n\n\n<p>Une lame a soudain emport\u00e9 les trois personnes sur la digue. \u00ab Ils ont \u00e9t\u00e9 emport\u00e9s vers le large \u00bb, a expliqu\u00e9 le directeur de cabinet. Grosse mar\u00e9e et forte houle<\/p>\n\n\n\n<p>Des t\u00e9moins ont imm\u00e9diatement pr\u00e9venu les secours et d\u2019importants moyens ont \u00e9t\u00e9 d\u00e9ploy\u00e9s, notamment trois h\u00e9licopt\u00e8res, ainsi que des moyens de la SNSM (secours en mer) et des pompiers.<\/p>\n\n\n\n<p>Des marins-p\u00eacheurs sont \u00e9galement venus pr\u00eater main forte, notamment pour rechercher le corps du jeune gar\u00e7on, a relev\u00e9 David Foltz.<\/p>\n\n\n\n<p>Il n\u2019y a \u00ab pas d\u2019explication \u00bb \u00e0 un tel drame pour le moment, pas de raison m\u00e9t\u00e9o majeure, a-t-il comment\u00e9. En raison des grandes mar\u00e9es du d\u00e9but de semaine, les coefficients de mar\u00e9e, en d\u00e9crue, \u00e9taient encore \u00e9lev\u00e9s (90).<\/p>\n","protected":false},"excerpt":{"rendered":"<p>Trois membres d\u2019une m\u00eame famille, les parents et l\u2019un des enfants qui se promenaient sur une digue hier en d\u00e9but de soir\u00e9e \u00e0 Plogoff (Finist\u00e8re), ont \u00e9t\u00e9 retrouv\u00e9s morts apr\u00e8s avoir \u00e9t\u00e9 emport\u00e9s par une vague, a-t-on appris aupr\u00e8s de la pr\u00e9fecture. Les deux adultes, \u00e2g\u00e9s de 55 ans pour le p\u00e8re et de 33 [&hellip;]<\/p>\n","protected":false},"author":2,"featured_media":21424,"comment_status":"open","ping_status":"open","sticky":false,"template":"","format":"standard","meta":{"_jetpack_memberships_contains_paid_content":false,"footnotes":"","jetpack_publicize_message":"","jetpack_publicize_feature_enabled":true,"jetpack_social_post_already_shared":true,"jetpack_social_options":{"image_generator_settings":{"template":"highway","default_image_id":0,"font":"","enabled":false},"version":2},"_wpas_customize_per_network":false},"categories":[405],"tags":[],"class_list":["post-21423","post","type-post","status-publish","format-standard","has-post-thumbnail","hentry","category-actu-france-monde"],"jetpack_publicize_connections":[],"jetpack_featured_media_url":"https:\/\/i0.wp.com\/www.iceagetv.com\/radiosite\/wp-content\/uploads\/2022\/05\/plageduloch1-700x450_0.jpg?fit=680%2C294&ssl=1","jetpack_sharing_enabled":true,"_links":{"self":[{"href":"https:\/\/www.iceagetv.com\/radiosite\/wp-json\/wp\/v2\/posts\/21423","targetHints":{"allow":["GET"]}}],"collection":[{"href":"https:\/\/www.iceagetv.com\/radiosite\/wp-json\/wp\/v2\/posts"}],"about":[{"href":"https:\/\/www.iceagetv.com\/radiosite\/wp-json\/wp\/v2\/types\/post"}],"author":[{"embeddable":true,"href":"https:\/\/www.iceagetv.com\/radiosite\/wp-json\/wp\/v2\/users\/2"}],"replies":[{"embeddable":true,"href":"https:\/\/www.iceagetv.com\/radiosite\/wp-json\/wp\/v2\/comments?post=21423"}],"version-history":[{"count":1,"href":"https:\/\/www.iceagetv.com\/radiosite\/wp-json\/wp\/v2\/posts\/21423\/revisions"}],"predecessor-version":[{"id":21425,"href":"https:\/\/www.iceagetv.com\/radiosite\/wp-json\/wp\/v2\/posts\/21423\/revisions\/21425"}],"wp:featuredmedia":[{"embeddable":true,"href":"https:\/\/www.iceagetv.com\/radiosite\/wp-json\/wp\/v2\/media\/21424"}],"wp:attachment":[{"href":"https:\/\/www.iceagetv.com\/radiosite\/wp-json\/wp\/v2\/media?parent=21423"}],"wp:term":[{"taxonomy":"category","embeddable":true,"href":"https:\/\/www.iceagetv.com\/radiosite\/wp-json\/wp\/v2\/categories?post=21423"},{"taxonomy":"post_tag","embeddable":true,"href":"https:\/\/www.iceagetv.com\/radiosite\/wp-json\/wp\/v2\/tags?post=21423"}],"curies":[{"name":"wp","href":"https:\/\/api.w.org\/{rel}","templated":true}]}}