{"id":21435,"date":"2022-05-20T15:53:18","date_gmt":"2022-05-20T15:53:18","guid":{"rendered":"http:\/\/www.iceagetv.com\/radiosite\/?p=21435"},"modified":"2022-05-20T15:53:18","modified_gmt":"2022-05-20T15:53:18","slug":"nouveau-gouvernement-gerald-darmanin-reconduit-a-linterieur-bruno-le-maire-reconduit-a-leconomie-pap-ndiaye-a-leducation-nationale-damien-abad-nomme-ministre-des-soli","status":"publish","type":"post","link":"https:\/\/www.iceagetv.com\/radiosite\/nouveau-gouvernement-gerald-darmanin-reconduit-a-linterieur-bruno-le-maire-reconduit-a-leconomie-pap-ndiaye-a-leducation-nationale-damien-abad-nomme-ministre-des-soli\/","title":{"rendered":"Nouveau gouvernement: G\u00e9rald Darmanin reconduit \u00e0 l\u2019Int\u00e9rieur &#8211; Bruno Le Maire reconduit \u00e0 l\u2019Economie &#8211; Pap Ndiaye \u00e0 l\u2019Education nationale &#8211; Damien Abad nomm\u00e9 ministre des solidarit\u00e9s, de l\u2019autonomie et des personnes handicap\u00e9es"},"content":{"rendered":"\n<p><strong>Voici le nouveau gouvernement<\/strong><\/p>\n\n\n\n<p>&#8211; Bruno Le Maire est reconduit au minist\u00e8re de l\u2019Economie <\/p>\n\n\n\n<p>&#8211; G\u00e9rald Darmanin est reconduit au minist\u00e8re de l\u2019Int\u00e9rieur<\/p>\n\n\n\n<p>&#8211; Pap Ndiaye est nomm\u00e9 ministre de l\u2019Education nationale<\/p>\n\n\n\n<p>&#8211; Eric Dupont-Moretti reste au minist\u00e8re de la Justice<\/p>\n\n\n\n<p>&#8211; Gabriel Attal nomm\u00e9 ministre du Budget<\/p>\n\n\n\n<p>&#8211; Rima Abdul Malak est nomm\u00e9e ministre de la Culture<\/p>\n\n\n\n<p>&#8211; Catherine Colonna est nomm\u00e9e au minist\u00e8re de l\u2019Europe et des affaires \u00e9trang\u00e8res<\/p>\n\n\n\n<p>&#8211; S\u00e9bastien Lecornu est nomm\u00e9 ministre des arm\u00e9es<\/p>\n\n\n\n<p>&#8211; Brigitte Bourguignon est nomm\u00e9e ministre de la sant\u00e9 et de la pr\u00e9vention<\/p>\n\n\n\n<p>&#8211; Olivier Dussopt est nomm\u00e9 ministre du travail, du plein-emploi et de l\u2019insertion<\/p>\n\n\n\n<p>&#8211; Damien Abad nomm\u00e9 ministre des solidarit\u00e9s, de l\u2019autonomie et des personnes handicap\u00e9es<\/p>\n\n\n\n<p>&#8211; Marc Fesneau est nomm\u00e9 ministre de l\u2019agriculture et de la souverainet\u00e9 alimentaire<\/p>\n\n\n\n<p>&#8211; Stanislas Guerini est nomm\u00e9 ministre de la fonction publique<\/p>\n\n\n\n<p>&#8211; Ya\u00ebl Braun-Pivet est nomm\u00e9e ministre des outre-mer<\/p>\n\n\n\n<p>&#8211; Agn\u00e8s Pannier-Runacher est nomm\u00e9e ministre de la transition \u00e9nerg\u00e9tique<\/p>\n\n\n\n<p>&#8211; Am\u00e9lie Oud\u00e9a-Cast\u00e9ra est nomm\u00e9e ministre des sports et des Jeux olympiques<\/p>\n\n\n\n<p>&#8211; Olivier V\u00e9ran est nomm\u00e9 ministre d\u00e9l\u00e9gu\u00e9 charg\u00e9 des relations avec le Parlement et de la vie d\u00e9mocratique<\/p>\n\n\n\n<p>&#8211; Gabriel Attal est nomm\u00e9 ministre d\u00e9l\u00e9gu\u00e9 charg\u00e9 des comptes publics<\/p>\n\n\n\n<p>&#8211; Franck Riester est nomm\u00e9 ministre charg\u00e9 du commerce ext\u00e9rieur<\/p>\n\n\n\n<p>&#8211; Olivia Gr\u00e9goire est nomm\u00e9e porte-parole du gouvernement<\/p>\n\n\n\n<p>&#8211; Cl\u00e9ment Beaune est nomm\u00e9 secr\u00e9taire d\u2019Etat charg\u00e9 de l\u2019Europe<\/p>\n\n\n\n<p>&#8211; Sylvie Retailleau est nomm\u00e9e ministre de la recherche, de l\u2019enseignement sup\u00e9rieur et de l\u2019innovation<\/p>\n\n\n\n<p>&#8211; Am\u00e9lie de Montchalin nomm\u00e9e ministre de la transition \u00e9cologique et de la coh\u00e9sion des territoires<\/p>\n\n\n\n<p>&#8211; Christophe B\u00e9chu nomm\u00e9 ministre d\u00e9l\u00e9gu\u00e9 charg\u00e9 des collectivit\u00e9s territoriales<\/p>\n\n\n\n<p>&#8211; Isabelle Rome est nomm\u00e9e ministre d\u00e9l\u00e9gu\u00e9e charg\u00e9e de l\u2019\u00e9galit\u00e9 entre les femmes et les hommes, de la diversit\u00e9 et de l\u2019\u00e9galit\u00e9 des chances<\/p>\n\n\n\n<p>&#8211; Justine Benin est nomm\u00e9e secr\u00e9taire d\u2019Etat charg\u00e9e de la mer, aupr\u00e8s de la premi\u00e8re ministre, Elisabeth Borne<\/p>\n\n\n\n<p>&#8211; Charlotte Caubel est nomm\u00e9e secr\u00e9taire d\u2019Etat charg\u00e9e de l\u2019enfance<\/p>\n\n\n\n<p>&#8211; Chrysoula Zacharopoulou est nomm\u00e9e secr\u00e9taire d\u2019Etat charg\u00e9e du d\u00e9veloppement, de la francophonie et des partenariats internationaux, aupr\u00e8s de la ministre de l\u2019Europe et des affaires \u00e9trang\u00e8res<\/p>\n","protected":false},"excerpt":{"rendered":"<p>Voici le nouveau gouvernement &#8211; Bruno Le Maire est reconduit au minist\u00e8re de l\u2019Economie &#8211; G\u00e9rald Darmanin est reconduit au minist\u00e8re de l\u2019Int\u00e9rieur &#8211; Pap Ndiaye est nomm\u00e9 ministre de l\u2019Education nationale &#8211; Eric Dupont-Moretti reste au minist\u00e8re de la Justice &#8211; Gabriel Attal nomm\u00e9 ministre du Budget &#8211; Rima Abdul Malak est nomm\u00e9e ministre [&hellip;]<\/p>\n","protected":false},"author":2,"featured_media":21436,"comment_status":"open","ping_status":"open","sticky":false,"template":"","format":"standard","meta":{"_jetpack_memberships_contains_paid_content":false,"footnotes":"","jetpack_publicize_message":"","jetpack_publicize_feature_enabled":true,"jetpack_social_post_already_shared":true,"jetpack_social_options":{"image_generator_settings":{"template":"highway","default_image_id":0,"font":"","enabled":false},"version":2},"_wpas_customize_per_network":false},"categories":[405],"tags":[],"class_list":["post-21435","post","type-post","status-publish","format-standard","has-post-thumbnail","hentry","category-actu-france-monde"],"jetpack_publicize_connections":[],"jetpack_featured_media_url":"https:\/\/i0.wp.com\/www.iceagetv.com\/radiosite\/wp-content\/uploads\/2022\/05\/capture_decran_2022-05-20_a_16.44.29_0.jpg?fit=920%2C397&ssl=1","jetpack_sharing_enabled":true,"_links":{"self":[{"href":"https:\/\/www.iceagetv.com\/radiosite\/wp-json\/wp\/v2\/posts\/21435","targetHints":{"allow":["GET"]}}],"collection":[{"href":"https:\/\/www.iceagetv.com\/radiosite\/wp-json\/wp\/v2\/posts"}],"about":[{"href":"https:\/\/www.iceagetv.com\/radiosite\/wp-json\/wp\/v2\/types\/post"}],"author":[{"embeddable":true,"href":"https:\/\/www.iceagetv.com\/radiosite\/wp-json\/wp\/v2\/users\/2"}],"replies":[{"embeddable":true,"href":"https:\/\/www.iceagetv.com\/radiosite\/wp-json\/wp\/v2\/comments?post=21435"}],"version-history":[{"count":1,"href":"https:\/\/www.iceagetv.com\/radiosite\/wp-json\/wp\/v2\/posts\/21435\/revisions"}],"predecessor-version":[{"id":21437,"href":"https:\/\/www.iceagetv.com\/radiosite\/wp-json\/wp\/v2\/posts\/21435\/revisions\/21437"}],"wp:featuredmedia":[{"embeddable":true,"href":"https:\/\/www.iceagetv.com\/radiosite\/wp-json\/wp\/v2\/media\/21436"}],"wp:attachment":[{"href":"https:\/\/www.iceagetv.com\/radiosite\/wp-json\/wp\/v2\/media?parent=21435"}],"wp:term":[{"taxonomy":"category","embeddable":true,"href":"https:\/\/www.iceagetv.com\/radiosite\/wp-json\/wp\/v2\/categories?post=21435"},{"taxonomy":"post_tag","embeddable":true,"href":"https:\/\/www.iceagetv.com\/radiosite\/wp-json\/wp\/v2\/tags?post=21435"}],"curies":[{"name":"wp","href":"https:\/\/api.w.org\/{rel}","templated":true}]}}