{"id":21451,"date":"2022-05-22T16:35:16","date_gmt":"2022-05-22T16:35:16","guid":{"rendered":"http:\/\/www.iceagetv.com\/radiosite\/?p=21451"},"modified":"2022-05-22T16:35:16","modified_gmt":"2022-05-22T16:35:16","slug":"les-ministres-candidats-aux-elections-legislatives-les-12-et-19-juin-prochains-devront-demissionner-en-cas-de-defaite-y-compris-elisabeth-borne-la-premiere-ministre-confirme-lelysee","status":"publish","type":"post","link":"https:\/\/www.iceagetv.com\/radiosite\/les-ministres-candidats-aux-elections-legislatives-les-12-et-19-juin-prochains-devront-demissionner-en-cas-de-defaite-y-compris-elisabeth-borne-la-premiere-ministre-confirme-lelysee\/","title":{"rendered":"Les ministres candidats aux \u00e9lections l\u00e9gislatives, les 12 et 19 juin prochains, devront d\u00e9missionner en cas de d\u00e9faite, y compris Elisabeth Borne la Premi\u00e8re Ministre, confirme l&rsquo;Elys\u00e9e"},"content":{"rendered":"\n<p><strong>Les ministres candidats aux \u00e9lections l\u00e9gislatives, les 12 et 19 juin prochains, devront d\u00e9missionner en cas de d\u00e9faite<\/strong>,&nbsp;<\/p>\n\n\n\n<p>\u00ab\u00a0La tradition r\u00e9publicaine et r\u00e8gle \u00e9dict\u00e9e en 2017 est maintenue\u00a0\u00bb, affirme l&rsquo;Elys\u00e9e \u00e0 franceinfo, confirmant une information du Figaro.&nbsp;<em>close<\/em><em>volume_off<\/em><\/p>\n\n\n\n<p>Le Figaro qui pr\u00e9cise :&nbsp;<strong>\u00ab\u00a0Sur les 28 membres que compte au total le nouveau gouvernement, quinze ministres sont candidats<\/strong>&nbsp;aux \u00e9lections l\u00e9gislatives des 12 et 19 juin prochains. Bien que la situation soit nettement diff\u00e9rente de celle de 2017 &#8211; ils n&rsquo;\u00e9taient que six concern\u00e9s -, l&rsquo;\u00c9lys\u00e9e a d\u00e9cid\u00e9 de maintenir la consigne d\u00e9j\u00e0 \u00e9dict\u00e9e par Emmanuel Macron il y a cinq ans, et h\u00e9rit\u00e9e de Nicolas Sarkozy en 2007&Prime;<\/p>\n\n\n\n<p>Le gouvernement d&rsquo;Elisabeth Borne a \u00e9t\u00e9 nomm\u00e9 ce vendredi et doit se r\u00e9unir pour la premi\u00e8re fois ce lundi pour le premier Conseil des ministres du quinquennat. Compos\u00e9 de 28 ministres, 15 sont donc concern\u00e9s par cette r\u00e8gle lors du prochain scrutin l\u00e9gislatif.<\/p>\n\n\n\n<p>Elisabeth Borne, elle-m\u00eame : la Premi\u00e8re ministre brigue, pour la premi\u00e8re fois, la 6e circonscription du Calvados.&nbsp;Parmi les ministres potentiellement en danger,&nbsp;on retrouve celui de l&rsquo;Int\u00e9rieur.<\/p>\n\n\n\n<p>G\u00e9rald Darmanin est candidat dans la 10e circonscription du Nord, il y a d\u00e9j\u00e0 \u00e9t\u00e9 \u00e9lu entre 2012 et 2016 avec l&rsquo;\u00e9tiquette de l&rsquo;UMP.<\/p>\n\n\n\n<p>Am\u00e9lie de Montchalin, nouvelle ministre de la Transition \u00e9cologique et de la Coh\u00e9sion des territoires, elle est candidate \u00e0 sa r\u00e9\u00e9lection dans la 6e circonscription de l&rsquo;Essonne.<\/p>\n\n\n\n<p>Sont \u00e9galement candidats Brigitte Bourguignon, nouvelle ministre de la Sant\u00e9, dans la 6e du Pas-de-Calais, Olivier Dussopt, ministre du Travail, candidat dans la 2e de l&rsquo;Ard\u00e8che et Gabriel Attaln ministre des Comptes publics dans la 10e des Hauts-de-Seine.<\/p>\n","protected":false},"excerpt":{"rendered":"<p>Les ministres candidats aux \u00e9lections l\u00e9gislatives, les 12 et 19 juin prochains, devront d\u00e9missionner en cas de d\u00e9faite,&nbsp; \u00ab\u00a0La tradition r\u00e9publicaine et r\u00e8gle \u00e9dict\u00e9e en 2017 est maintenue\u00a0\u00bb, affirme l&rsquo;Elys\u00e9e \u00e0 franceinfo, confirmant une information du Figaro.&nbsp;closevolume_off Le Figaro qui pr\u00e9cise :&nbsp;\u00ab\u00a0Sur les 28 membres que compte au total le nouveau gouvernement, quinze ministres sont [&hellip;]<\/p>\n","protected":false},"author":2,"featured_media":21452,"comment_status":"open","ping_status":"open","sticky":false,"template":"","format":"standard","meta":{"_jetpack_memberships_contains_paid_content":false,"footnotes":"","jetpack_publicize_message":"","jetpack_publicize_feature_enabled":true,"jetpack_social_post_already_shared":true,"jetpack_social_options":{"image_generator_settings":{"template":"highway","default_image_id":0,"font":"","enabled":false},"version":2},"_wpas_customize_per_network":false},"categories":[405],"tags":[],"class_list":["post-21451","post","type-post","status-publish","format-standard","has-post-thumbnail","hentry","category-actu-france-monde"],"jetpack_publicize_connections":[],"jetpack_featured_media_url":"https:\/\/i0.wp.com\/www.iceagetv.com\/radiosite\/wp-content\/uploads\/2022\/05\/Les-ministres-candidats-aux-elections-legislatives.jpg?fit=679%2C293&ssl=1","jetpack_sharing_enabled":true,"_links":{"self":[{"href":"https:\/\/www.iceagetv.com\/radiosite\/wp-json\/wp\/v2\/posts\/21451","targetHints":{"allow":["GET"]}}],"collection":[{"href":"https:\/\/www.iceagetv.com\/radiosite\/wp-json\/wp\/v2\/posts"}],"about":[{"href":"https:\/\/www.iceagetv.com\/radiosite\/wp-json\/wp\/v2\/types\/post"}],"author":[{"embeddable":true,"href":"https:\/\/www.iceagetv.com\/radiosite\/wp-json\/wp\/v2\/users\/2"}],"replies":[{"embeddable":true,"href":"https:\/\/www.iceagetv.com\/radiosite\/wp-json\/wp\/v2\/comments?post=21451"}],"version-history":[{"count":1,"href":"https:\/\/www.iceagetv.com\/radiosite\/wp-json\/wp\/v2\/posts\/21451\/revisions"}],"predecessor-version":[{"id":21453,"href":"https:\/\/www.iceagetv.com\/radiosite\/wp-json\/wp\/v2\/posts\/21451\/revisions\/21453"}],"wp:featuredmedia":[{"embeddable":true,"href":"https:\/\/www.iceagetv.com\/radiosite\/wp-json\/wp\/v2\/media\/21452"}],"wp:attachment":[{"href":"https:\/\/www.iceagetv.com\/radiosite\/wp-json\/wp\/v2\/media?parent=21451"}],"wp:term":[{"taxonomy":"category","embeddable":true,"href":"https:\/\/www.iceagetv.com\/radiosite\/wp-json\/wp\/v2\/categories?post=21451"},{"taxonomy":"post_tag","embeddable":true,"href":"https:\/\/www.iceagetv.com\/radiosite\/wp-json\/wp\/v2\/tags?post=21451"}],"curies":[{"name":"wp","href":"https:\/\/api.w.org\/{rel}","templated":true}]}}