{"id":21454,"date":"2022-05-22T19:02:07","date_gmt":"2022-05-22T19:02:07","guid":{"rendered":"http:\/\/www.iceagetv.com\/radiosite\/?p=21454"},"modified":"2022-05-22T19:02:07","modified_gmt":"2022-05-22T19:02:07","slug":"accusations-de-viol-contre-le-ministre-damien-abad-il-publie-un-communique-pour-contester-les-faits-elisabeh-borne-affirme-que-bien-evidemment-elle-netait-pas-au-courant","status":"publish","type":"post","link":"https:\/\/www.iceagetv.com\/radiosite\/accusations-de-viol-contre-le-ministre-damien-abad-il-publie-un-communique-pour-contester-les-faits-elisabeh-borne-affirme-que-bien-evidemment-elle-netait-pas-au-courant\/","title":{"rendered":"Accusations de viol contre le Ministre Damien Abad : Il publie un communiqu\u00e9 pour \u00ab\u00a0contester les faits\u00a0\u00bb &#8211; Elisabeh Borne affirme \u00ab\u00a0que bien \u00e9videmment, elle n&rsquo;\u00e9tait pas au courant\u00a0\u00bb"},"content":{"rendered":"\n<p><strong>&nbsp;Au lendemain de la publication de l&rsquo;article de M\u00e9diapart, Damien Abad a publi\u00e9, dimanche, un communiqu\u00e9 dans lequel il nie ces faits<\/strong>. L&rsquo;homme politique mart\u00e8le : \u00ab\u00a0Je conteste avec la plus grande force ces accusations de violences sexuelles. Je conteste avoir exerc\u00e9 quelque forme de contrainte que ce soit sur aucune femme. Je conteste enfin tout abus de pouvoir li\u00e9 aux fonctions que j\u2019ai occup\u00e9es.\u00a0\u00bb<\/p>\n\n\n\n<p>Handicap\u00e9 en raison d&rsquo;une maladie cong\u00e9nitale rare, le ministre explique qu&rsquo;il est \u00ab\u00a0contraint aujourd\u2019hui de pr\u00e9ciser que, dans sa situation, l\u2019acte sexuel ne peut survenir qu\u2019avec l\u2019assistance et la bienveillance de [sa] partenaire\u00a0\u00bb et qu&rsquo;il ne lui est \u00ab\u00a0nullement possible d\u2019imposer telle ou telle pratique, tel ou tel geste\u00a0\u00bb. Damien Abad rappelle \u00e9galement son respect du \u00ab\u00a0consentement et la participation pleine et enti\u00e8re de l\u2019autre\u00a0\u00bb et compte tenu de ces \u00e9l\u00e9ments, \u00ab\u00a0rien n\u2019est possible\u00a0\u00bb.<\/p>\n\n\n\n<p><strong>Le parquet de Paris a \u00e9galement indiqu\u00e9 qu&rsquo;une premi\u00e8re plainte avait \u00e9t\u00e9 \u00ab\u00a0d\u00e9pos\u00e9e pour des faits de viol\u00a0\u00bb.<\/strong>&nbsp;Cette plainte a \u00e9t\u00e9 class\u00e9e \u00ab\u00a0sans suite le 6 avril 2012 du fait de la carence de la plaignante\u00a0\u00bb.&nbsp;Cette derni\u00e8re a ensuite d\u00e9pos\u00e9 une seconde plainte pour les m\u00eames faits qui a \u00e9t\u00e9 class\u00e9e sans suite le 5 d\u00e9cembre 2017 \u00ab\u00a0faute d&rsquo;infraction suffisamment caract\u00e9ris\u00e9e\u00a0\u00bb.&nbsp;<\/p>\n\n\n\n<p><strong>13h31:<\/strong>\u00a0Du c\u00f4t\u00e9 des R\u00e9publicains, dont le nouveau ministre qui vient de claquer la porte le secr\u00e9taire g\u00e9n\u00e9ral du parti, Aur\u00e9lien Pradi\u00e9 a r\u00e9pondu \u00e0 Mediapart qu\u2019il n\u2019avait pas \u00ab consult\u00e9 la bo\u00eete mail sur laquelle cette alerte lui a \u00e9t\u00e9 adress\u00e9e \u00bb. Il \u00e9voque n\u00e9anmoins\u00a0<strong>une confrontation en 2020 avec Damien Abad, \u00e0 la suite de t\u00e9moignages \u00ab de comportements inappropri\u00e9s qu\u2019il aurait eus avec des collaboratrices \u00bb\u2026<\/strong><\/p>\n\n\n\n<p>Elisabeth Borne sur les accusations de viol contre son ministre Damien Abad, s&rsquo;est exprim\u00e9e alors qu&rsquo;elle est en d\u00e9placement dans le Calvados, o\u00f9 elle se pr\u00e9sente aux \u00e9lections l\u00e9gislatives<\/p>\n\n\n\n<p>La Premi\u00e8re ministre Elisabeth Borne a d\u00e9clar\u00e9 dimanche avoir d\u00e9couvert samedi, \u00e0 la lecture d&rsquo;un article de Mediapart, les accusations de viols pr\u00e9sum\u00e9s datant de 2010 et 2011 visant Damien Abad, le ministre des Solidarit\u00e9s. \u00ab\u00a0Moi j&rsquo;ai d\u00e9couvert l&rsquo;article de Mediapart hier, je n&rsquo;ai pas plus d&rsquo;\u00e9l\u00e9ments que le fait que l&rsquo;affaire a \u00e9t\u00e9 class\u00e9e sans suite. Je peux vous assurer que s&rsquo;il y a de nouveaux \u00e9l\u00e9ments, si la justice est \u00e0 nouveau saisie, on tirera toutes les cons\u00e9quences de cette d\u00e9cision\u00a0\u00bb, a d\u00e9clar\u00e9 la cheffe du gouvernement aux m\u00e9dias en marge d&rsquo;un d\u00e9placement \u00e0 Thury-Harcourt (Calvados) pour la campagne des l\u00e9gislatives de juin. Mme Borne a affirm\u00e9 qu&rsquo;il ne pouvait y avoir \u00ab\u00a0aucune impunit\u00e9\u00a0\u00bb concernant les violences sexuelles.<\/p>\n\n\n\n<p>\u00ab\u00a0Bien \u00e9videmment je n&rsquo;\u00e9tais pas au courant. Je vais \u00eatre tr\u00e8s claire: sur tous ces sujets de harc\u00e8lement, d&rsquo;agression sexuelle, il ne peut y avoir aucune impunit\u00e9 et il faut continuer \u00e0 agir pour que les femmes qui peuvent \u00eatre victimes d&rsquo;agression, de harc\u00e8lement, puissent lib\u00e9rer leur parole, qu&rsquo;elles soient bien accueillies pour d\u00e9poser plainte\u00a0\u00bb, a-t-elle dit.<\/p>\n\n\n\n<p>Dans un article diffus\u00e9 samedi, le site d&rsquo;information Mediapart \u00e9crit que Damien Abad \u00ab\u00a0a \u00e9t\u00e9 nomm\u00e9 ministre des Solidarit\u00e9s en d\u00e9pit d&rsquo;un signalement pour des faits pr\u00e9sum\u00e9s de viols adress\u00e9 \u00e0 LREM et LR par l&rsquo;Observatoire des violences sexistes et sexuelles en politique\u00a0\u00bb.<\/p>\n","protected":false},"excerpt":{"rendered":"<p>&nbsp;Au lendemain de la publication de l&rsquo;article de M\u00e9diapart, Damien Abad a publi\u00e9, dimanche, un communiqu\u00e9 dans lequel il nie ces faits. L&rsquo;homme politique mart\u00e8le : \u00ab\u00a0Je conteste avec la plus grande force ces accusations de violences sexuelles. Je conteste avoir exerc\u00e9 quelque forme de contrainte que ce soit sur aucune femme. Je conteste enfin [&hellip;]<\/p>\n","protected":false},"author":2,"featured_media":21455,"comment_status":"open","ping_status":"open","sticky":false,"template":"","format":"standard","meta":{"_jetpack_memberships_contains_paid_content":false,"footnotes":"","jetpack_publicize_message":"","jetpack_publicize_feature_enabled":true,"jetpack_social_post_already_shared":true,"jetpack_social_options":{"image_generator_settings":{"template":"highway","default_image_id":0,"font":"","enabled":false},"version":2},"_wpas_customize_per_network":false},"categories":[405],"tags":[],"class_list":["post-21454","post","type-post","status-publish","format-standard","has-post-thumbnail","hentry","category-actu-france-monde"],"jetpack_publicize_connections":[],"jetpack_featured_media_url":"https:\/\/i0.wp.com\/www.iceagetv.com\/radiosite\/wp-content\/uploads\/2022\/05\/Accusations-de-viol-contre-le-Ministre-Damien-Abad.jpg?fit=679%2C293&ssl=1","jetpack_sharing_enabled":true,"_links":{"self":[{"href":"https:\/\/www.iceagetv.com\/radiosite\/wp-json\/wp\/v2\/posts\/21454","targetHints":{"allow":["GET"]}}],"collection":[{"href":"https:\/\/www.iceagetv.com\/radiosite\/wp-json\/wp\/v2\/posts"}],"about":[{"href":"https:\/\/www.iceagetv.com\/radiosite\/wp-json\/wp\/v2\/types\/post"}],"author":[{"embeddable":true,"href":"https:\/\/www.iceagetv.com\/radiosite\/wp-json\/wp\/v2\/users\/2"}],"replies":[{"embeddable":true,"href":"https:\/\/www.iceagetv.com\/radiosite\/wp-json\/wp\/v2\/comments?post=21454"}],"version-history":[{"count":1,"href":"https:\/\/www.iceagetv.com\/radiosite\/wp-json\/wp\/v2\/posts\/21454\/revisions"}],"predecessor-version":[{"id":21456,"href":"https:\/\/www.iceagetv.com\/radiosite\/wp-json\/wp\/v2\/posts\/21454\/revisions\/21456"}],"wp:featuredmedia":[{"embeddable":true,"href":"https:\/\/www.iceagetv.com\/radiosite\/wp-json\/wp\/v2\/media\/21455"}],"wp:attachment":[{"href":"https:\/\/www.iceagetv.com\/radiosite\/wp-json\/wp\/v2\/media?parent=21454"}],"wp:term":[{"taxonomy":"category","embeddable":true,"href":"https:\/\/www.iceagetv.com\/radiosite\/wp-json\/wp\/v2\/categories?post=21454"},{"taxonomy":"post_tag","embeddable":true,"href":"https:\/\/www.iceagetv.com\/radiosite\/wp-json\/wp\/v2\/tags?post=21454"}],"curies":[{"name":"wp","href":"https:\/\/api.w.org\/{rel}","templated":true}]}}