{"id":21464,"date":"2022-05-23T18:34:20","date_gmt":"2022-05-23T18:34:20","guid":{"rendered":"http:\/\/www.iceagetv.com\/radiosite\/?p=21464"},"modified":"2022-05-23T18:34:20","modified_gmt":"2022-05-23T18:34:20","slug":"pap-ndiaye-aux-manettes-dun-ministere-explosif-et-face-a-un-tir-de-barrage","status":"publish","type":"post","link":"https:\/\/www.iceagetv.com\/radiosite\/pap-ndiaye-aux-manettes-dun-ministere-explosif-et-face-a-un-tir-de-barrage\/","title":{"rendered":"Pap Ndiaye aux manettes d&rsquo;un minist\u00e8re explosif et face \u00e0 un tir de barrage"},"content":{"rendered":"\n<p>Aux manettes d&rsquo;un minist\u00e8re notoirement explosif, l&rsquo;historien doit aussi affronter un tir de barrage de l&rsquo;opposition, notamment l&rsquo;extr\u00eame-droite.\u00a0<\/p>\n\n\n\n<p>Son arriv\u00e9e rue de Grenelle est la \u00ab\u00a0<em>derni\u00e8re pierre de la d\u00e9construction de notre pays, de ses valeurs et se son avenir<\/em>\u00ab\u00a0, affirmait vendredi soir la dirigeante du Rassemblement national Marine Le Pen. Le pr\u00e9sident du parti, Jordan Bardella, le qualifie de \u00ab\u00a0<em>militant racialiste et anti-flics<\/em>\u00ab\u00a0.\u00a0<em>Emmanuel Macron avait dit qu&rsquo;il fallait d\u00e9construire l&rsquo;Histoire de France. Pap Ndiaye va s&rsquo;en charger<\/em>\u00ab\u00a0, a r\u00e9agi l&rsquo;autre candidat d&rsquo;extr\u00eame droite \u00e0 la pr\u00e9sidentielle Eric Zemmour (Reconqu\u00eate!).\u00a0<\/p>\n\n\n\n<p>D\u00e8s sa premi\u00e8re prise de parole apr\u00e8s l&rsquo;annonce de son gouvernement, la Premi\u00e8re ministre Elisabeth Borne est mont\u00e9e au cr\u00e9neau, vendredi au journal de 20H00 sur TF1.&nbsp;<\/p>\n\n\n\n<p>\u00ab\u00a0<em>C&rsquo;est parfaitement caricatural, ce qui ne m&rsquo;\u00e9tonne pas de la part des personnes que vous avez mentionn\u00e9es<\/em>\u00ab\u00a0, a-t-elle d\u00e9clar\u00e9 en r\u00e9f\u00e9rence aux propos de Marine Le Pen et Eric Zemmour. &nbsp;<\/p>\n\n\n\n<p>\u00ab\u00a0<em>Pap Ndiaye est un r\u00e9publicain tr\u00e8s engag\u00e9, quelqu&rsquo;un qui croit aux valeurs de la R\u00e9publique et c&rsquo;est bien \u00e9videmment ce qu&rsquo;il va porter en tant que ministre de l&rsquo;Education nationale<\/em>\u00ab\u00a0, a-t-elle plaid\u00e9.\u00a0<\/p>\n\n\n\n<p>La nomination rue de Grenelle de cet intellectuel, de m\u00e8re fran\u00e7aise et de p\u00e8re s\u00e9n\u00e9galais, est d&rsquo;autant plus remarqu\u00e9e que sa personnalit\u00e9 para\u00eet en rupture avec celle de son pr\u00e9d\u00e9cesseur Jean-Michel Blanquer, longtemps consid\u00e9r\u00e9 comme un maillon fort de la macronie avant que son \u00e9toile ne p\u00e2lisse ces derniers mois.&nbsp;<\/p>\n\n\n\n<p>M. Ndiaye, 56 ans, sp\u00e9cialiste de l&rsquo;Histoire des minorit\u00e9s, \u00ab\u00a0<em>est une personnalit\u00e9 extr\u00eamement respect\u00e9e, un tr\u00e8s grand universitaire<\/em>\u00ab\u00a0, a soulign\u00e9 Jean-Louis Bourlanges, d\u00e9put\u00e9 MoDem (centre) sur Franceinfo. &nbsp;<\/p>\n\n\n\n<p>\u00ab\u00a0<em>Mais nous passons quand m\u00eame d&rsquo;une culture politique exigeante en mati\u00e8re de la\u00efcit\u00e9 \u00e0 une culture politique tr\u00e8s diff\u00e9rente<\/em>\u00ab\u00a0.&nbsp;<\/p>\n\n\n\n<p>Le d\u00e9put\u00e9 de 75 ans ajoute \u00eatre \u00ab\u00a0<em>tr\u00e8s sensible au danger du wokisme, de la +cancel culture+<\/em>\u00ab\u00a0. \u00ab\u00a0<em>M\u00eame si je crois qu&rsquo;il faut accueillir les cultures nouvelles, je ne voudrais pas que les valeurs fondamentales de la\u00efcit\u00e9 et la libert\u00e9 de l&rsquo;esprit ne soient pas d\u00e9fendues avec la m\u00eame \u00e9nergie<\/em>\u00ab\u00a0, ajoute-t-il. \u00ab\u00a0<em>Passer d&rsquo;un syst\u00e8me \u00e0 l&rsquo;autre sans crier gare, \u00e7a nous interpelle<\/em>\u00ab\u00a0.&nbsp;<\/p>\n\n\n\n<p>Jean-Michel Blanquer se posait en fer de lance contre le \u00ab\u00a0<em>wokisme<\/em>\u00a0\u00bb et \u00ab\u00a0<em>l&rsquo;islamo-gauchisme<\/em>\u00ab\u00a0. Un combat tr\u00e8s m\u00e9diatique qui lui a valu des louanges (et pas seulement \u00e0 droite) mais aussi l&rsquo;exasp\u00e9ration d&rsquo;une partie des enseignants. Ils jugeaient que leur ministre devait surtout s&rsquo;efforcer de rem\u00e9dier aux in\u00e9galit\u00e9s du syst\u00e8me scolaire fran\u00e7ais et revaloriser le m\u00e9tier de professeur.&nbsp;<\/p>\n\n\n\n<p>En juin 2021, apr\u00e8s sa nomination \u00e0 la t\u00eate du Palais de la Porte Dor\u00e9e (qui comprend le Mus\u00e9e de l&rsquo;Histoire et de l&rsquo;Immigration), Pap Ndiaye avait d\u00e9clar\u00e9 au Monde \u00ab\u00a0<em>partager la plupart des causes<\/em>\u00a0\u00bb des militants qualifi\u00e9s de \u00ab\u00a0<em>woke<\/em>\u00ab\u00a0, \u00ab\u00a0<em>comme le f\u00e9minisme, la lutte pour la protection de l&rsquo;environnement ou l&rsquo;antiracisme<\/em>\u00ab\u00a0. &nbsp;<\/p>\n\n\n\n<p>\u00ab\u00a0<em>Mais je n&rsquo;approuve pas les discours moralisateurs ou sectaires de certains d&rsquo;entre eux<\/em>\u00ab\u00a0, ajoutait-il, disant se sentir \u00ab\u00a0<em>plus +cool+ que +woke+<\/em>\u00ab\u00a0. \u00ab\u00a0<em>C&rsquo;est sans doute une question de g\u00e9n\u00e9ration<\/em>\u00ab\u00a0.&nbsp;<\/p>\n\n\n\n<p>&#8211; \u00ab\u00a0<em>Urgences r\u00e9elles<\/em>\u00a0\u00bb &#8211;&nbsp;<\/p>\n\n\n\n<p>R\u00e9put\u00e9 partisan du consensus, la personnalit\u00e9 de ce novice en politique pourrait \u00eatre un atout pour favoriser la r\u00e9conciliation avec le monde enseignant, apr\u00e8s des mois d&rsquo;affrontement avec son pr\u00e9d\u00e9cesseur. &nbsp;<\/p>\n\n\n\n<p>Ceux qui ont travaill\u00e9 avec Pap Ndiaye louent sa capacit\u00e9 \u00e0 pacifier et d\u00e9nouer les pol\u00e9miques.&nbsp;<\/p>\n\n\n\n<p>Pour ses premiers mots sur le perron du minist\u00e8re de l&rsquo;Education, lors de la passation de pouvoir vendredi soir, le nouveau ministre a d&rsquo;abord rendu hommage \u00e0 \u00ab\u00a0<em>un coll\u00e8gue historien, Samuel Paty<\/em>\u00ab\u00a0, assassin\u00e9 en octobre 2020 par un jeune terroriste, et pr\u00f4n\u00e9 \u00ab\u00a0<em>le dialogue avec toute la communaut\u00e9 \u00e9ducative<\/em>\u00ab\u00a0.&nbsp;<\/p>\n\n\n\n<p>Car au-del\u00e0 des pol\u00e9miques, plusieurs chantiers de poids attendent le nouveau ministre. Parmi les plus urgents, la crise du recrutement des enseignants et la r\u00e9introduction des math\u00e9matiques dans le tronc commun au lyc\u00e9e.&nbsp;<\/p>\n\n\n\n<p>Le principal syndicat d&rsquo;enseignants du secondaire, le Snes-FSU, a d\u00e9j\u00e0 pr\u00e9venu: \u00ab\u00a0<em>L&rsquo;Education nationale ne se gouverne pas uniquement \u00e0 coup de symboles<\/em>\u00a0\u00bb et \u00ab\u00a0<em>les urgences sont r\u00e9elles, des r\u00e9ponses rapides sont attendues, notamment en mati\u00e8re salariale<\/em>\u00ab\u00a0.&nbsp;<\/p>\n","protected":false},"excerpt":{"rendered":"<p>Aux manettes d&rsquo;un minist\u00e8re notoirement explosif, l&rsquo;historien doit aussi affronter un tir de barrage de l&rsquo;opposition, notamment l&rsquo;extr\u00eame-droite.\u00a0 Son arriv\u00e9e rue de Grenelle est la \u00ab\u00a0derni\u00e8re pierre de la d\u00e9construction de notre pays, de ses valeurs et se son avenir\u00ab\u00a0, affirmait vendredi soir la dirigeante du Rassemblement national Marine Le Pen. Le pr\u00e9sident du parti, [&hellip;]<\/p>\n","protected":false},"author":2,"featured_media":21465,"comment_status":"open","ping_status":"open","sticky":false,"template":"","format":"standard","meta":{"_jetpack_memberships_contains_paid_content":false,"footnotes":"","jetpack_publicize_message":"","jetpack_publicize_feature_enabled":true,"jetpack_social_post_already_shared":true,"jetpack_social_options":{"image_generator_settings":{"template":"highway","default_image_id":0,"font":"","enabled":false},"version":2},"_wpas_customize_per_network":false},"categories":[405],"tags":[],"class_list":["post-21464","post","type-post","status-publish","format-standard","has-post-thumbnail","hentry","category-actu-france-monde"],"jetpack_publicize_connections":[],"jetpack_featured_media_url":"https:\/\/i0.wp.com\/www.iceagetv.com\/radiosite\/wp-content\/uploads\/2022\/05\/Pap-Ndiaye-aux-manettes-dun-ministere-explosif-et-face-a-un-tir-de-barrage.jpg?fit=968%2C545&ssl=1","jetpack_sharing_enabled":true,"_links":{"self":[{"href":"https:\/\/www.iceagetv.com\/radiosite\/wp-json\/wp\/v2\/posts\/21464","targetHints":{"allow":["GET"]}}],"collection":[{"href":"https:\/\/www.iceagetv.com\/radiosite\/wp-json\/wp\/v2\/posts"}],"about":[{"href":"https:\/\/www.iceagetv.com\/radiosite\/wp-json\/wp\/v2\/types\/post"}],"author":[{"embeddable":true,"href":"https:\/\/www.iceagetv.com\/radiosite\/wp-json\/wp\/v2\/users\/2"}],"replies":[{"embeddable":true,"href":"https:\/\/www.iceagetv.com\/radiosite\/wp-json\/wp\/v2\/comments?post=21464"}],"version-history":[{"count":1,"href":"https:\/\/www.iceagetv.com\/radiosite\/wp-json\/wp\/v2\/posts\/21464\/revisions"}],"predecessor-version":[{"id":21466,"href":"https:\/\/www.iceagetv.com\/radiosite\/wp-json\/wp\/v2\/posts\/21464\/revisions\/21466"}],"wp:featuredmedia":[{"embeddable":true,"href":"https:\/\/www.iceagetv.com\/radiosite\/wp-json\/wp\/v2\/media\/21465"}],"wp:attachment":[{"href":"https:\/\/www.iceagetv.com\/radiosite\/wp-json\/wp\/v2\/media?parent=21464"}],"wp:term":[{"taxonomy":"category","embeddable":true,"href":"https:\/\/www.iceagetv.com\/radiosite\/wp-json\/wp\/v2\/categories?post=21464"},{"taxonomy":"post_tag","embeddable":true,"href":"https:\/\/www.iceagetv.com\/radiosite\/wp-json\/wp\/v2\/tags?post=21464"}],"curies":[{"name":"wp","href":"https:\/\/api.w.org\/{rel}","templated":true}]}}