{"id":21467,"date":"2022-05-23T18:37:33","date_gmt":"2022-05-23T18:37:33","guid":{"rendered":"http:\/\/www.iceagetv.com\/radiosite\/?p=21467"},"modified":"2022-05-23T18:37:33","modified_gmt":"2022-05-23T18:37:33","slug":"elie-buzyn-lun-des-derniers-temoins-de-la-shoah-est-mort-a-lage-de-93-ans","status":"publish","type":"post","link":"https:\/\/www.iceagetv.com\/radiosite\/elie-buzyn-lun-des-derniers-temoins-de-la-shoah-est-mort-a-lage-de-93-ans\/","title":{"rendered":"Elie Buzyn, l&rsquo;un des derniers t\u00e9moins de la Shoah, est mort \u00e0 l&rsquo;\u00e2ge de 93 ans"},"content":{"rendered":"\n<p>Un \u00ab\u00a0militant du devoir de m\u00e9moire\u00a0\u00bb.&nbsp;<a href=\"https:\/\/www.francetvinfo.fr\/culture\/patrimoine\/histoire\/grand-temoin-elie-buzyn-survivant-d-auschwitz_2703066.html\">Elie Buzyn<\/a>, l&rsquo;un des derniers t\u00e9moins de la Shoah,&nbsp;est mort&nbsp;\u00e0 l&rsquo;\u00e2ge de 93&nbsp;ans lundi 23&nbsp;mai, a annonc\u00e9 sa fille, l&rsquo;ancienne ministre de la Sant\u00e9 Agn\u00e8s Buzyn, \u00e0 l&rsquo;AFP.&nbsp;<em>\u00ab\u00a0Il est d\u00e9c\u00e9d\u00e9 ce matin. Il \u00e9tait entour\u00e9 de sa famille\u00a0\u00bb<\/em>,&nbsp;a-t-elle d\u00e9clar\u00e9.&nbsp;<em>\u00ab\u00a0Il a fait un malaise hier soir juste apr\u00e8s une conf\u00e9rence de t\u00e9moignages, o\u00f9 il \u00e9tait avec des jeunes pour &lsquo;passer le relais&rsquo;, une conf\u00e9rence, qui a \u00e9t\u00e9 tr\u00e8s \u00e9mouvante, tr\u00e8s bouleversante, qui l&rsquo;a beaucoup touch\u00e9.\u00a0\u00bb&nbsp;<\/em><\/p>\n\n\n\n<p>Natif de Pologne, ce rescap\u00e9 du camp d&rsquo;Auschwitz (Pologne) avait \u00e9t\u00e9 arr\u00eat\u00e9 en ao\u00fbt 1944 dans le ghetto juif de Lodz, o\u00f9 sa famille \u00e9tait parqu\u00e9e. Elie Buzyn s&rsquo;\u00e9tait install\u00e9 en France en 1956.&nbsp;Il s&rsquo;\u00e9tait longtemps tu apr\u00e8s la Seconde Guerre mondiale, comme de nombreux autres survivants. Plus tard, il n&rsquo;a eu de cesse de s&#8217;employer \u00e0&nbsp;<a href=\"https:\/\/www.francetvinfo.fr\/culture\/patrimoine\/histoire\/video-shoah-a-89-ans-cette-ancienne-deportee-sillonne-la-france-pour-temoigner-aupres-des-collegiens-et-lyceens_4940532.html\">transmettre la m\u00e9moire de la Shoah<\/a>&nbsp;: en racontant son r\u00e9cit lors de conf\u00e9rences, ou en accompagnant plusieurs de ses petits-enfants ainsi que des groupes scolaires au camp d&rsquo;Auschwitz-Birkenau.&nbsp;<\/p>\n\n\n\n<h2 class=\"wp-block-heading\">Un \u00ab\u00a0infatigable combattant de la m\u00e9moire\u00a0\u00bb<\/h2>\n\n\n\n<p><em>\u00ab\u00a0Il a transmis le relais avec une constance et une d\u00e9termination incroyable jusqu&rsquo;au bout\u00a0\u00bb<\/em>, a&nbsp;salu\u00e9 aupr\u00e8s de l&rsquo;AFP le grand rabbin Ha\u00efm Korsia. Sur Twitter, Francis Kalifat, le&nbsp;pr\u00e9sident du Conseil repr\u00e9sentatif des institutions juives (Crif), a rendu hommage \u00e0 un&nbsp;<em>\u00ab\u00a0immense t\u00e9moin de la Shoah et infatigable combattant de la m\u00e9moire\u00a0\u00bb.&nbsp;\u00ab\u00a0Jusqu&rsquo;au bout, il a port\u00e9 la parole des victimes de la barbarie nazie. Sa m\u00e9moire nous oblige.\u00a0\u00bb<\/em><\/p>\n\n\n\n<p>Du c\u00f4t\u00e9 du gouvernement, Cl\u00e9ment Beaune, ministre d\u00e9l\u00e9gu\u00e9 charg\u00e9 de l&rsquo;Europe, a rendu hommage \u00e0&nbsp;<em>\u00ab\u00a0ce grand t\u00e9moin, cette lumi\u00e8re de la transmission\u00a0\u00bb<\/em>, invitant \u00e0 \u00eatre&nbsp;<em>\u00ab\u00a0\u00e0 la hauteur de son courage et de son message\u00a0\u00bb<\/em>.<\/p>\n","protected":false},"excerpt":{"rendered":"<p>Un \u00ab\u00a0militant du devoir de m\u00e9moire\u00a0\u00bb.&nbsp;Elie Buzyn, l&rsquo;un des derniers t\u00e9moins de la Shoah,&nbsp;est mort&nbsp;\u00e0 l&rsquo;\u00e2ge de 93&nbsp;ans lundi 23&nbsp;mai, a annonc\u00e9 sa fille, l&rsquo;ancienne ministre de la Sant\u00e9 Agn\u00e8s Buzyn, \u00e0 l&rsquo;AFP.&nbsp;\u00ab\u00a0Il est d\u00e9c\u00e9d\u00e9 ce matin. Il \u00e9tait entour\u00e9 de sa famille\u00a0\u00bb,&nbsp;a-t-elle d\u00e9clar\u00e9.&nbsp;\u00ab\u00a0Il a fait un malaise hier soir juste apr\u00e8s une conf\u00e9rence de [&hellip;]<\/p>\n","protected":false},"author":2,"featured_media":21468,"comment_status":"open","ping_status":"open","sticky":false,"template":"","format":"standard","meta":{"_jetpack_memberships_contains_paid_content":false,"footnotes":"","jetpack_publicize_message":"","jetpack_publicize_feature_enabled":true,"jetpack_social_post_already_shared":true,"jetpack_social_options":{"image_generator_settings":{"template":"highway","default_image_id":0,"font":"","enabled":false},"version":2},"_wpas_customize_per_network":false},"categories":[68],"tags":[],"class_list":["post-21467","post","type-post","status-publish","format-standard","has-post-thumbnail","hentry","category-actu-culturelle"],"jetpack_publicize_connections":[],"jetpack_featured_media_url":"https:\/\/i0.wp.com\/www.iceagetv.com\/radiosite\/wp-content\/uploads\/2022\/05\/Elie-Buzyn.png?fit=588%2C522&ssl=1","jetpack_sharing_enabled":true,"_links":{"self":[{"href":"https:\/\/www.iceagetv.com\/radiosite\/wp-json\/wp\/v2\/posts\/21467","targetHints":{"allow":["GET"]}}],"collection":[{"href":"https:\/\/www.iceagetv.com\/radiosite\/wp-json\/wp\/v2\/posts"}],"about":[{"href":"https:\/\/www.iceagetv.com\/radiosite\/wp-json\/wp\/v2\/types\/post"}],"author":[{"embeddable":true,"href":"https:\/\/www.iceagetv.com\/radiosite\/wp-json\/wp\/v2\/users\/2"}],"replies":[{"embeddable":true,"href":"https:\/\/www.iceagetv.com\/radiosite\/wp-json\/wp\/v2\/comments?post=21467"}],"version-history":[{"count":1,"href":"https:\/\/www.iceagetv.com\/radiosite\/wp-json\/wp\/v2\/posts\/21467\/revisions"}],"predecessor-version":[{"id":21469,"href":"https:\/\/www.iceagetv.com\/radiosite\/wp-json\/wp\/v2\/posts\/21467\/revisions\/21469"}],"wp:featuredmedia":[{"embeddable":true,"href":"https:\/\/www.iceagetv.com\/radiosite\/wp-json\/wp\/v2\/media\/21468"}],"wp:attachment":[{"href":"https:\/\/www.iceagetv.com\/radiosite\/wp-json\/wp\/v2\/media?parent=21467"}],"wp:term":[{"taxonomy":"category","embeddable":true,"href":"https:\/\/www.iceagetv.com\/radiosite\/wp-json\/wp\/v2\/categories?post=21467"},{"taxonomy":"post_tag","embeddable":true,"href":"https:\/\/www.iceagetv.com\/radiosite\/wp-json\/wp\/v2\/tags?post=21467"}],"curies":[{"name":"wp","href":"https:\/\/api.w.org\/{rel}","templated":true}]}}