{"id":21476,"date":"2022-05-25T07:07:41","date_gmt":"2022-05-25T07:07:41","guid":{"rendered":"http:\/\/www.iceagetv.com\/radiosite\/?p=21476"},"modified":"2022-05-25T07:07:41","modified_gmt":"2022-05-25T07:07:41","slug":"etats-unis-au-moins-20-morts-dont-19-enfants-dans-une-fusillade-dans-une-ecole-du-texas","status":"publish","type":"post","link":"https:\/\/www.iceagetv.com\/radiosite\/etats-unis-au-moins-20-morts-dont-19-enfants-dans-une-fusillade-dans-une-ecole-du-texas\/","title":{"rendered":"\u00c9TATS-UNIS: AU MOINS 20 MORTS, DONT 19 ENFANTS, DANS UNE FUSILLADE DANS UNE \u00c9COLE DU TEXAS"},"content":{"rendered":"\n<p>Au moins 19 enfants sont morts dans une fusillade dans une \u00e9cole primaire au Texas ce mardi.<\/p>\n\n\n\n<p>Au moins 20 personnes sont mortes, dont 19 enfants, lors d&rsquo;une fusillade ce mardi dans une \u00e9cole primaire \u00e0 Uvalde, au Texas, selon un nouveau bilan officiel fourni le d\u00e9partement de la S\u00e9curit\u00e9 de l&rsquo;Etat. Ce nombre n&rsquo;inclut par le tireur, qui a \u00e9t\u00e9 tu\u00e9. Un pr\u00e9c\u00e9dent bilan, annonc\u00e9 par le gouverneur Greg Abott, faisait \u00e9tat de la mort de 14 enfants et un adulte<\/p>\n\n\n\n<blockquote class=\"wp-block-quote is-layout-flow wp-block-quote-is-layout-flow\"><p>Le tireur \u00ab\u00a0a tu\u00e9, d&rsquo;une fa\u00e7on atroce et insens\u00e9e, 14 \u00e9l\u00e8ves et il a tu\u00e9 un enseignant\u00a0\u00bb, d\u00e9clarait plus t\u00f4t Greg Abbott, en pr\u00e9cisant que le suspect, \u00e2g\u00e9 de 18 ans, \u00e9tait \u00e9galement d\u00e9c\u00e9d\u00e9 dans ce drame qui a frapp\u00e9 l&rsquo;\u00e9cole primaire Robb de la ville d&rsquo;Uvalde, situ\u00e9e \u00e0 environ 130 kilom\u00e8tres \u00e0 l&rsquo;ouest de San Antonio.<\/p><cite>Le pr\u00e9sident Biden est tenu inform\u00e9\u00a0\u00bb de la tuerie, a indiqu\u00e9 la porte-parole de la pr\u00e9sidence Karine Jean-Pierre. \u00ab\u00a0Ses pri\u00e8res vont aux familles frapp\u00e9es par cet \u00e9v\u00e9nement \u00e9pouvantable et il s&rsquo;exprimera ce soir \u00e0 son retour \u00e0 la Maison Blanche\u00a0\u00bb apr\u00e8s son voyage en Asie, a-t-elle ajout\u00e9.<br>Les fusillades dans les lieux publics sont quasiment quotidiennes aux Etats-Unis et la criminalit\u00e9 par armes \u00e0 feu est en augmentation dans les grandes villes comme New York, Chicago, Miami ou San Francisco, notamment depuis la pand\u00e9mie de 2020.<br>Mi-mai, l&rsquo;Am\u00e9rique\u00a0<a href=\"https:\/\/www.bfmtv.com\/tech\/attentat-de-buffalo-facebook-diffuse-toujours-des-images-accompagnees-de-publicites_AN-202205200152.html\">a \u00e9t\u00e9 endeuill\u00e9e par une fusillade raciste qui a caus\u00e9 la mort de 10 Afro-Am\u00e9ricains dans un supermarch\u00e9 de Buffalo<\/a>, dans l&rsquo;Etat de New York.<\/cite><\/blockquote>\n","protected":false},"excerpt":{"rendered":"<p>Au moins 19 enfants sont morts dans une fusillade dans une \u00e9cole primaire au Texas ce mardi. Au moins 20 personnes sont mortes, dont 19 enfants, lors d&rsquo;une fusillade ce mardi dans une \u00e9cole primaire \u00e0 Uvalde, au Texas, selon un nouveau bilan officiel fourni le d\u00e9partement de la S\u00e9curit\u00e9 de l&rsquo;Etat. Ce nombre n&rsquo;inclut [&hellip;]<\/p>\n","protected":false},"author":2,"featured_media":21477,"comment_status":"open","ping_status":"open","sticky":false,"template":"","format":"standard","meta":{"_jetpack_memberships_contains_paid_content":false,"footnotes":"","jetpack_publicize_message":"","jetpack_publicize_feature_enabled":true,"jetpack_social_post_already_shared":true,"jetpack_social_options":{"image_generator_settings":{"template":"highway","default_image_id":0,"font":"","enabled":false},"version":2},"_wpas_customize_per_network":false},"categories":[405],"tags":[],"class_list":["post-21476","post","type-post","status-publish","format-standard","has-post-thumbnail","hentry","category-actu-france-monde"],"jetpack_publicize_connections":[],"jetpack_featured_media_url":"https:\/\/i0.wp.com\/www.iceagetv.com\/radiosite\/wp-content\/uploads\/2022\/05\/AU-MOINS-20-MORTS-DONT-19-ENFANTS.jpg?fit=800%2C450&ssl=1","jetpack_sharing_enabled":true,"_links":{"self":[{"href":"https:\/\/www.iceagetv.com\/radiosite\/wp-json\/wp\/v2\/posts\/21476","targetHints":{"allow":["GET"]}}],"collection":[{"href":"https:\/\/www.iceagetv.com\/radiosite\/wp-json\/wp\/v2\/posts"}],"about":[{"href":"https:\/\/www.iceagetv.com\/radiosite\/wp-json\/wp\/v2\/types\/post"}],"author":[{"embeddable":true,"href":"https:\/\/www.iceagetv.com\/radiosite\/wp-json\/wp\/v2\/users\/2"}],"replies":[{"embeddable":true,"href":"https:\/\/www.iceagetv.com\/radiosite\/wp-json\/wp\/v2\/comments?post=21476"}],"version-history":[{"count":1,"href":"https:\/\/www.iceagetv.com\/radiosite\/wp-json\/wp\/v2\/posts\/21476\/revisions"}],"predecessor-version":[{"id":21478,"href":"https:\/\/www.iceagetv.com\/radiosite\/wp-json\/wp\/v2\/posts\/21476\/revisions\/21478"}],"wp:featuredmedia":[{"embeddable":true,"href":"https:\/\/www.iceagetv.com\/radiosite\/wp-json\/wp\/v2\/media\/21477"}],"wp:attachment":[{"href":"https:\/\/www.iceagetv.com\/radiosite\/wp-json\/wp\/v2\/media?parent=21476"}],"wp:term":[{"taxonomy":"category","embeddable":true,"href":"https:\/\/www.iceagetv.com\/radiosite\/wp-json\/wp\/v2\/categories?post=21476"},{"taxonomy":"post_tag","embeddable":true,"href":"https:\/\/www.iceagetv.com\/radiosite\/wp-json\/wp\/v2\/tags?post=21476"}],"curies":[{"name":"wp","href":"https:\/\/api.w.org\/{rel}","templated":true}]}}