{"id":21489,"date":"2022-05-26T08:17:45","date_gmt":"2022-05-26T08:17:45","guid":{"rendered":"http:\/\/www.iceagetv.com\/radiosite\/?p=21489"},"modified":"2022-05-26T08:17:45","modified_gmt":"2022-05-26T08:17:45","slug":"le-gouvernement-veut-lever-le-pied-sur-les-petits-exces-de-vitesse","status":"publish","type":"post","link":"https:\/\/www.iceagetv.com\/radiosite\/le-gouvernement-veut-lever-le-pied-sur-les-petits-exces-de-vitesse\/","title":{"rendered":"Le gouvernement veut lever le pied sur les petits exc\u00e8s de vitesse"},"content":{"rendered":"\n<p>A quelques jours du premier tour des \u00e9lections l\u00e9gislatives, le&nbsp;<a href=\"https:\/\/www.20minutes.fr\/dossier\/ministre_de_l_interieur\">minist\u00e8re de l&rsquo;Int\u00e9rieur<\/a>&nbsp;fait un pas en direction des automobilistes. La place Beauvau a fait savoir ce mercredi \u00e0 plusieurs journalistes qu\u2019elle souhaitait assouplir les sanctions pour les petits exc\u00e8s de vitesse, \u00e0 savoir moins de 5 km\/h. \u00ab Ce n\u2019est pas totalement arbitr\u00e9, mais l\u2019id\u00e9e, c\u2019est que vous ne perdiez plus un point \u00bb, indique une source bien inform\u00e9e. En revanche, l\u2019infraction serait toujours sanctionn\u00e9e par une amende de 68 euros. Une mesure loin d\u2019\u00eatre symbolique puisque&nbsp;<a href=\"https:\/\/www.20minutes.fr\/societe\/3280175-20220429-securite-routiere-supprim\">pr\u00e8s de 6 contraventions sur 10<\/a>&nbsp;(58 %) concernent des exc\u00e8s de moins de 5 km\/h, comme l\u2019avait indiqu\u00e9 en avril dernier le minist\u00e8re de l\u2019Int\u00e9rieur \u00e0 la s\u00e9natrice Fran\u00e7oise Dumont (LR, Var).<\/p>\n\n\n\n<p>Le permis de conduire et la carte grise seront \u00ab \u00e9galement totalement num\u00e9ris\u00e9s \u00bb, a pr\u00e9cis\u00e9 le minist\u00e8re, qui esp\u00e8re mettre en \u0153uvre la num\u00e9risation d\u2019ici \u00ab un an et demi, deux ans \u00bb. Cette mesure doit permettre de garantir que la personne sanctionn\u00e9e est bien le conducteur fautif et non un tiers afin d\u2019emp\u00eacher les fausses d\u00e9clarations de conducteur pour \u00e9viter le retrait de points. \u00ab On ne pourra plus dire que c\u2019\u00e9tait mamie qui conduisait \u00bb, ironise-t-on place Beauvau.<\/p>\n\n\n\n<h2 class=\"wp-block-heading\">\u00ab Pas d\u2019incidence sur les chiffres de la S\u00e9curit\u00e9 routi\u00e8re \u00bb<\/h2>\n\n\n\n<p>\u00ab C\u2019est un bon signal \u00bb, salue Pierre Chasseray, d\u00e9l\u00e9gu\u00e9 g\u00e9n\u00e9ral de l\u2019association 40 Millions d\u2019automobilistes. Cette mesure, dit-il, \u00ab va permettre de prouver que le fait de ne pas sanctionner les exc\u00e8s entre 1 et 5 km\/h ne g\u00e9n\u00e9rera aucune \u00e9pid\u00e9mie d\u2019accidents en France, cela n\u2019aura pas d\u2019incidence sur les chiffres de la S\u00e9curit\u00e9 routi\u00e8re \u00bb. Selon lui, le gouvernement doit m\u00eame aller plus loin, et d\u00e9montrer que les radars ne sont pas des \u00ab pompes \u00e0 fric \u00bb. \u00ab Il faut que l\u2019\u00e9tat envoie un signal, et ce signal, c\u2019est de ne pas prendre l\u2019argent aussi sur les petits exc\u00e8s de vitesse. \u00bb<\/p>\n\n\n\n<p>De son c\u00f4t\u00e9, Anne Lavaud, la d\u00e9l\u00e9gu\u00e9e g\u00e9n\u00e9rale de l\u2019association Pr\u00e9vention Routi\u00e8re, ne comprend pas l\u2019int\u00e9r\u00eat de cette mesure qu\u2019elle estime dangereuse. \u00ab Il est d\u00e9j\u00e0 possible de r\u00e9cup\u00e9rer des points en faisant des stages. Et surtout, sur ces exc\u00e8s de vitesse l\u00e0, au bout de six mois, on r\u00e9cup\u00e8re le point perdu si d\u2019autres infractions n\u2019ont pas \u00e9t\u00e9 commises entre-temps par le conducteur. La perte de points est donc surtout dissuasive pour les r\u00e9cidivistes \u00bb, souligne-t-elle. Elle rappelle \u00e9galement que les radars automatiques appliquent une marge de tol\u00e9rance. \u00ab Si vous \u00eates verbalis\u00e9 1 km\/h au-dessus de la vitesse limite, en r\u00e9alit\u00e9 vous \u00eates 6 km\/h au-dessus. \u00bb<\/p>\n\n\n\n<h2 class=\"wp-block-heading\">2.947 morts en 2021<\/h2>\n\n\n\n<p>Cette mesure, conclut-elle, peut \u00eatre prise \u00ab comme une invitation \u00e0 rouler plus vite, au moment o\u00f9 les chiffres de la S\u00e9curit\u00e9 routi\u00e8re repartent \u00e0 la hausse \u00bb. Un total de 2.947 personnes sont mortes sur les routes de France m\u00e9tropolitaine en 2021, un bilan en baisse de 9 % par rapport \u00e0 2019, avant la pand\u00e9mie, selon la S\u00e9curit\u00e9 routi\u00e8re.<\/p>\n","protected":false},"excerpt":{"rendered":"<p>A quelques jours du premier tour des \u00e9lections l\u00e9gislatives, le&nbsp;minist\u00e8re de l&rsquo;Int\u00e9rieur&nbsp;fait un pas en direction des automobilistes. La place Beauvau a fait savoir ce mercredi \u00e0 plusieurs journalistes qu\u2019elle souhaitait assouplir les sanctions pour les petits exc\u00e8s de vitesse, \u00e0 savoir moins de 5 km\/h. \u00ab Ce n\u2019est pas totalement arbitr\u00e9, mais l\u2019id\u00e9e, c\u2019est [&hellip;]<\/p>\n","protected":false},"author":2,"featured_media":21490,"comment_status":"open","ping_status":"open","sticky":false,"template":"","format":"standard","meta":{"_jetpack_memberships_contains_paid_content":false,"footnotes":"","jetpack_publicize_message":"","jetpack_publicize_feature_enabled":true,"jetpack_social_post_already_shared":true,"jetpack_social_options":{"image_generator_settings":{"template":"highway","default_image_id":0,"font":"","enabled":false},"version":2},"_wpas_customize_per_network":false},"categories":[405],"tags":[],"class_list":["post-21489","post","type-post","status-publish","format-standard","has-post-thumbnail","hentry","category-actu-france-monde"],"jetpack_publicize_connections":[],"jetpack_featured_media_url":"https:\/\/i0.wp.com\/www.iceagetv.com\/radiosite\/wp-content\/uploads\/2022\/05\/Le-gouvernement-veut-lever-le-pied-sur-les-petits-exces-de-vitesse.png?fit=524%2C362&ssl=1","jetpack_sharing_enabled":true,"_links":{"self":[{"href":"https:\/\/www.iceagetv.com\/radiosite\/wp-json\/wp\/v2\/posts\/21489","targetHints":{"allow":["GET"]}}],"collection":[{"href":"https:\/\/www.iceagetv.com\/radiosite\/wp-json\/wp\/v2\/posts"}],"about":[{"href":"https:\/\/www.iceagetv.com\/radiosite\/wp-json\/wp\/v2\/types\/post"}],"author":[{"embeddable":true,"href":"https:\/\/www.iceagetv.com\/radiosite\/wp-json\/wp\/v2\/users\/2"}],"replies":[{"embeddable":true,"href":"https:\/\/www.iceagetv.com\/radiosite\/wp-json\/wp\/v2\/comments?post=21489"}],"version-history":[{"count":1,"href":"https:\/\/www.iceagetv.com\/radiosite\/wp-json\/wp\/v2\/posts\/21489\/revisions"}],"predecessor-version":[{"id":21491,"href":"https:\/\/www.iceagetv.com\/radiosite\/wp-json\/wp\/v2\/posts\/21489\/revisions\/21491"}],"wp:featuredmedia":[{"embeddable":true,"href":"https:\/\/www.iceagetv.com\/radiosite\/wp-json\/wp\/v2\/media\/21490"}],"wp:attachment":[{"href":"https:\/\/www.iceagetv.com\/radiosite\/wp-json\/wp\/v2\/media?parent=21489"}],"wp:term":[{"taxonomy":"category","embeddable":true,"href":"https:\/\/www.iceagetv.com\/radiosite\/wp-json\/wp\/v2\/categories?post=21489"},{"taxonomy":"post_tag","embeddable":true,"href":"https:\/\/www.iceagetv.com\/radiosite\/wp-json\/wp\/v2\/tags?post=21489"}],"curies":[{"name":"wp","href":"https:\/\/api.w.org\/{rel}","templated":true}]}}