{"id":21534,"date":"2022-05-30T18:50:01","date_gmt":"2022-05-30T18:50:01","guid":{"rendered":"http:\/\/www.iceagetv.com\/radiosite\/?p=21534"},"modified":"2022-05-30T18:50:01","modified_gmt":"2022-05-30T18:50:01","slug":"la-liberation-de-lancien-maire-de-levallois-perret-patrick-balkany-incarcere-depuis-fevrier-a-la-maison-darret-de-fleury-merogis-suspendue-apres-un-appel-du-parquet","status":"publish","type":"post","link":"https:\/\/www.iceagetv.com\/radiosite\/la-liberation-de-lancien-maire-de-levallois-perret-patrick-balkany-incarcere-depuis-fevrier-a-la-maison-darret-de-fleury-merogis-suspendue-apres-un-appel-du-parquet\/","title":{"rendered":"La lib\u00e9ration de l&rsquo;ancien maire de Levallois-Perret Patrick Balkany, incarc\u00e9r\u00e9 depuis f\u00e9vrier \u00e0 la maison d&rsquo;arr\u00eat de Fleury-Merogis, suspendue apr\u00e8s un appel du parquet"},"content":{"rendered":"\n<p><strong>La lib\u00e9ration de Patrick Balkany suspendue apr\u00e8s un appel du parquet<\/strong><\/p>\n\n\n\n<p>Le parquet d&rsquo;Evry a fait appel de la lib\u00e9ration conditionnelle, sans bracelet \u00e9lectronique, de Patrick Balkany d\u00e9cid\u00e9e par le tribunal d&rsquo;application des peines, ce qui implique le maintien en d\u00e9tention de l&rsquo;ancien maire LR de Levallois-Perret. \u00ab\u00a0L&rsquo;appel du parquet est suspensif jusqu&rsquo;\u00e0 ce que la chambre de l&rsquo;application des peines de la cour d&rsquo;appel de Paris statue, dans le d\u00e9lai maximum de deux mois\u00a0\u00bb, a pr\u00e9cis\u00e9 la procureure d&rsquo;Evry Caroline Nisand dans un communiqu\u00e9. Jusqu&rsquo;\u00e0 cette nouvelle d\u00e9cision, Patrick Balkany reste incarc\u00e9r\u00e9 \u00e0 la prison de Fleury-Merogis (Essonne).<\/p>\n\n\n\n<p><strong>15h42<\/strong>: Patrick Balkany, 73 ans, va b\u00e9n\u00e9ficier d\u2019une lib\u00e9ration conditionnelle et doit quitter la prison de Fleury-M\u00e9rogis (Essonne) mercredi, selon la d\u00e9cision du juge d\u2019application des peines d\u2019Evry consult\u00e9e lundi par l\u2019AFP. L\u2019ancien maire de Levallois-Perret (Hauts-de-Seine) avait \u00e9t\u00e9 plac\u00e9 en d\u00e9tention le 7 f\u00e9vrier. Apr\u00e8s avoir pass\u00e9 cinq mois en d\u00e9tention pour fraude fiscale, puis avoir \u00e9t\u00e9 lib\u00e9r\u00e9 sous bracelet \u00e9lectronique pour raisons de sant\u00e9, il \u00e9tait retourn\u00e9 en prison en raison de nombreux manquements \u00e0 ses obligations, selon la justice.<\/p>\n\n\n\n<p>Le tribunal d\u2019application des peines d\u2019Evry a accord\u00e9 cette lib\u00e9ration conditionnelle, sans bracelet \u00e9lectronique. \u00ab Cette d\u00e9cision est irr\u00e9prochable en droit car rien ne justifie le maintien en d\u00e9tention d\u2019un homme de 73 ans qui a d\u00e9j\u00e0 purg\u00e9 les deux tiers de sa peine \u00bb, ont r\u00e9agi aupr\u00e8s de l\u2019AFP ses avocats, Me Robin Binsard et Romain Dieudonn\u00e9.<\/p>\n\n\n\n<p>La r\u00e9sidence de M. Balkany est fix\u00e9e dans son manoir de Giverny (Eure) et il devra r\u00e9pondre aux convocations du juge d\u2019application des peines d\u2019Evreux, recevoir les visites du service p\u00e9nitentiaire d\u2019insertion et de probation (Spip). \u00ab Il a manifestement pris conscience de ses manquements lors de la pr\u00e9c\u00e9dente mesure d\u2019am\u00e9nagement de peine, manquements sanctionn\u00e9s par une nouvelle incarc\u00e9ration difficilement support\u00e9e \u00bb, selon la d\u00e9cision du tribunal consult\u00e9e par l\u2019AFP.<\/p>\n\n\n\n<p>Par ailleurs, le juge estime que M. Balkany a \u00ab mis en place, conjointement avec son \u00e9pouse, depuis le mois de f\u00e9vrier, des versements mensuels d\u2019un montant total de 1.300 euros aux fins de r\u00e9gler les sommes dues \u00e0 l\u2019administration fiscale au titre des infractions commises \u00bb.<\/p>\n\n\n\n<p>Le parquet d\u2019Evry, qui s\u2019\u00e9tait oppos\u00e9 \u00e0 cette remise en libert\u00e9, peut faire appel, ce qui suspendrait cette d\u00e9cision. Lors de l\u2019audience devant le tribunal d\u2019application des peines, le parquet avait estim\u00e9 que M. Balkany \u00ab manifeste toujours son opposition au principe de sa condamnation, en d\u00e9pit de son caract\u00e8re d\u00e9finitif, ce qui augure mal du respect de la mesure d\u2019am\u00e9nagement de peine sollicit\u00e9e \u00bb. Le placement sous bracelet \u00e9lectronique de son \u00e9pouse Isabelle, toujours hospitalis\u00e9e depuis sa tentative de suicide en f\u00e9vrier, avait \u00e9galement \u00e9t\u00e9 r\u00e9voqu\u00e9 en f\u00e9vrier.<\/p>\n\n\n\n<p>Les \u00e9poux Balkany avaient \u00e9t\u00e9 reconnus coupables de ne pas avoir pay\u00e9 d\u2019imp\u00f4t sur la fortune entre 2010 et 2015 et d\u2019avoir pay\u00e9 un imp\u00f4t sur le revenu amplement sous-\u00e9valu\u00e9 entre 2009 et 2014, pour un total estim\u00e9 de 4 millions d\u2019euros de sommes \u00e9lud\u00e9es.<\/p>\n","protected":false},"excerpt":{"rendered":"<p>La lib\u00e9ration de Patrick Balkany suspendue apr\u00e8s un appel du parquet Le parquet d&rsquo;Evry a fait appel de la lib\u00e9ration conditionnelle, sans bracelet \u00e9lectronique, de Patrick Balkany d\u00e9cid\u00e9e par le tribunal d&rsquo;application des peines, ce qui implique le maintien en d\u00e9tention de l&rsquo;ancien maire LR de Levallois-Perret. \u00ab\u00a0L&rsquo;appel du parquet est suspensif jusqu&rsquo;\u00e0 ce que [&hellip;]<\/p>\n","protected":false},"author":2,"featured_media":21535,"comment_status":"open","ping_status":"open","sticky":false,"template":"","format":"standard","meta":{"_jetpack_memberships_contains_paid_content":false,"footnotes":"","jetpack_publicize_message":"","jetpack_publicize_feature_enabled":true,"jetpack_social_post_already_shared":true,"jetpack_social_options":{"image_generator_settings":{"template":"highway","default_image_id":0,"font":"","enabled":false},"version":2},"_wpas_customize_per_network":false},"categories":[405],"tags":[],"class_list":["post-21534","post","type-post","status-publish","format-standard","has-post-thumbnail","hentry","category-actu-france-monde"],"jetpack_publicize_connections":[],"jetpack_featured_media_url":"https:\/\/i0.wp.com\/www.iceagetv.com\/radiosite\/wp-content\/uploads\/2022\/05\/La-liberation-de-lancien-maire-de-Levallois-Perret-Patrick-Balkany.jpg?fit=679%2C293&ssl=1","jetpack_sharing_enabled":true,"_links":{"self":[{"href":"https:\/\/www.iceagetv.com\/radiosite\/wp-json\/wp\/v2\/posts\/21534","targetHints":{"allow":["GET"]}}],"collection":[{"href":"https:\/\/www.iceagetv.com\/radiosite\/wp-json\/wp\/v2\/posts"}],"about":[{"href":"https:\/\/www.iceagetv.com\/radiosite\/wp-json\/wp\/v2\/types\/post"}],"author":[{"embeddable":true,"href":"https:\/\/www.iceagetv.com\/radiosite\/wp-json\/wp\/v2\/users\/2"}],"replies":[{"embeddable":true,"href":"https:\/\/www.iceagetv.com\/radiosite\/wp-json\/wp\/v2\/comments?post=21534"}],"version-history":[{"count":1,"href":"https:\/\/www.iceagetv.com\/radiosite\/wp-json\/wp\/v2\/posts\/21534\/revisions"}],"predecessor-version":[{"id":21536,"href":"https:\/\/www.iceagetv.com\/radiosite\/wp-json\/wp\/v2\/posts\/21534\/revisions\/21536"}],"wp:featuredmedia":[{"embeddable":true,"href":"https:\/\/www.iceagetv.com\/radiosite\/wp-json\/wp\/v2\/media\/21535"}],"wp:attachment":[{"href":"https:\/\/www.iceagetv.com\/radiosite\/wp-json\/wp\/v2\/media?parent=21534"}],"wp:term":[{"taxonomy":"category","embeddable":true,"href":"https:\/\/www.iceagetv.com\/radiosite\/wp-json\/wp\/v2\/categories?post=21534"},{"taxonomy":"post_tag","embeddable":true,"href":"https:\/\/www.iceagetv.com\/radiosite\/wp-json\/wp\/v2\/tags?post=21534"}],"curies":[{"name":"wp","href":"https:\/\/api.w.org\/{rel}","templated":true}]}}