{"id":21537,"date":"2022-05-30T19:01:02","date_gmt":"2022-05-30T19:01:02","guid":{"rendered":"http:\/\/www.iceagetv.com\/radiosite\/?p=21537"},"modified":"2022-05-30T19:01:02","modified_gmt":"2022-05-30T19:01:02","slug":"guerre-en-ukraine-un-journaliste-francais-travaillant-pour-bfm-tv-a-ete-tue-dans-un-bombardement-annonce-le-president-emmanuel-macron","status":"publish","type":"post","link":"https:\/\/www.iceagetv.com\/radiosite\/guerre-en-ukraine-un-journaliste-francais-travaillant-pour-bfm-tv-a-ete-tue-dans-un-bombardement-annonce-le-president-emmanuel-macron\/","title":{"rendered":"Guerre en Ukraine &#8211; Un journaliste fran\u00e7ais travaillant pour BFM TV a \u00e9t\u00e9 tu\u00e9 dans un bombardement, annonce le pr\u00e9sident Emmanuel Macron"},"content":{"rendered":"\n<p>Voici quelques r\u00e9actions politiques \u00e0 la mort du journaliste fran\u00e7ais Fr\u00e9d\u00e9ric Leclerc-Imhoff, tu\u00e9 alors qu&rsquo;il accompagnait des civils \u00e0 bord d&rsquo;un bus humanitaire (sur Twitter):<\/p>\n\n\n\n<p>&#8211; Gilles Le Gendre, ex-patron des d\u00e9put\u00e9s LREM: \u00ab\u00a0La mort du reporter Fr\u00e9d\u00e9ric Leclerc-Imhoff en Ukraine nous choque et nous \u00e9meut\u00a0\u00bb.<\/p>\n\n\n\n<p>&#8211; Jordan Bardella, pr\u00e9sident par int\u00e9rim du Rassemblement national: \u00ab\u00a0Grande tristesse d&rsquo;apprendre la mort d&rsquo;un journaliste fran\u00e7ais, Fr\u00e9d\u00e9ric Leclerc-Imhoff, dans le bombardement russe d&rsquo;un convoi humanitaire dans le Donbass. Immense respect pour les reporters de guerre, qui d\u00e9fendent la libert\u00e9 d&rsquo;informer au p\u00e9ril de leur vie\u00a0\u00bb.<\/p>\n\n\n\n<p>&#8211; Alexis Corbi\u00e8re, d\u00e9put\u00e9 LFI de Seine-saint-Denis: \u00ab\u00a0La libert\u00e9 de la presse est la marque indispensable de nos libert\u00e9s collectives. Au premier rang de cette grande t\u00e2che, si difficile et si malmen\u00e9e, il y a toujours les courageux reporters de guerre. Hommage \u00e0 Fr\u00e9d\u00e9ric Leclerc-Imhoff et \u00e0 tous ses proches et coll\u00e8gues\u00a0\u00bb.<\/p>\n\n\n\n<p>&#8211; Fabien Roussel, secr\u00e9taire national du PCF: \u00ab\u00a0L&rsquo;horreur de la guerre et la mort de Fr\u00e9d\u00e9ric Leclerc-Imhoff. Il exer\u00e7ait ce m\u00e9tier indispensable qui informe, t\u00e9moigne et d\u00e9crypte\u00a0\u00bb.<\/p>\n\n\n\n<p>&#8211; Yannick Jadot, ex-candidat EELV \u00e0 la pr\u00e9sidentielle: \u00ab\u00a0J&rsquo;adresse toutes mes condol\u00e9ances \u00e0 la famille, aux proches et aux coll\u00e8gues de Fr\u00e9d\u00e9ric Leclerc-Imhoff, journaliste tu\u00e9 en Ukraine pour nous informer du g\u00e9nocide en cours\u00a0\u00bb.<\/p>\n\n\n\n<p>&#8211; Anne Hidalgo, maire socialiste de Paris: \u00ab\u00a0Il \u00e9tait en Ukraine pour exercer sa profession: nous informer. Pens\u00e9es respectueuses et attrist\u00e9es\u00a0\u00bb<\/p>\n\n\n\n<p>&#8211; Carole Delga, pr\u00e9sidente PS de la r\u00e9gion Occitanie: \u00ab\u00a0Face aux exactions commises par l&rsquo;arm\u00e9e russe en Ukraine, le travail des journalistes sur le terrain, men\u00e9 au p\u00e9ril de leur vie, reste indispensable\u00a0\u00bb.<\/p>\n\n\n\n<p>&#8211; \u00c9ric Ciotti, d\u00e9put\u00e9 LR des Alpes-maritimes: \u00ab\u00a0Immense tristesse (&#8230;) Hommage \u00e0 tous ces journalistes qui exercent leur mission d&rsquo;informer au p\u00e9ril de leur vie\u00a0\u00bb.<\/p>\n\n\n\n<p>&#8211; Michel Barnier, ex-candidat \u00e0 la primaire LR: \u00ab\u00a0Nous partageons tous la peine de la famille, des amis et des confr\u00e8res de Fr\u00e9d\u00e9ric Leclerc-Imhoff\u00a0\u00bb.&nbsp;<\/p>\n\n\n\n<p><strong>16h33<\/strong>: Un journaliste fran\u00e7ais qui travaillait pour la cha\u00eene BFMTV et accompagnait des civils \u00e0 bord d&rsquo;un bus humanitaire a \u00e9t\u00e9 tu\u00e9 en Ukraine, a annonc\u00e9 lundi le pr\u00e9sident Emmanuel Macron sur Twitter. \u00ab\u00a0Journaliste, Fr\u00e9d\u00e9ric Leclerc-Imhoff \u00e9tait en Ukraine pour montrer la r\u00e9alit\u00e9 de la guerre. \u00c0 bord d&rsquo;un bus humanitaire, aux c\u00f4t\u00e9s de civils contraints de fuir pour \u00e9chapper aux bombes russes, il a \u00e9t\u00e9 mortellement touch\u00e9\u00a0\u00bb, a \u00e9crit le chef de l&rsquo;Etat.<\/p>\n\n\n\n<p>La chef de la diplomatie fran\u00e7aise Catherine Colonna a \u00ab\u00a0exig\u00e9\u00a0\u00bb lundi une \u00ab\u00a0une enqu\u00eate transparente dans les meilleurs d\u00e9lais pour faire toute la lumi\u00e8re sur les circonstances de ce drame\u00a0\u00bb. \u00ab\u00a0BFMTV a l&rsquo;immense douleur d&rsquo;annoncer la disparition de Fr\u00e9d\u00e9ric Leclerc-Imhoff\u00a0\u00bb, journaliste reporter d&rsquo;images, \u00e2g\u00e9 de 32 ans, a confirm\u00e9 la cha\u00eene sur son antenne. Ce dernier a \u00e9t\u00e9 bless\u00e9 par un \u00ab\u00a0\u00e9clat d&rsquo;obus alors qu&rsquo;il suivait une op\u00e9ration humanitaire\u00a0\u00bb, a-t-elle pr\u00e9cis\u00e9.<\/p>\n\n\n\n<p>Il s&rsquo;agissait de la deuxi\u00e8me mission en Ukraine du vid\u00e9aste qui travaillait depuis 6 ans pour BFMTV. Le journaliste Maxime Brandstaetter, qui accompagnait le JRI sur ce reportage, a \u00e9t\u00e9 \u00ab\u00a0l\u00e9g\u00e8rement bless\u00e9\u00a0\u00bb, a indiqu\u00e9 la cha\u00eene. Depuis le d\u00e9but de l&rsquo;invasion de l&rsquo;Ukraine par la Russie, au moins huit journalistes sont morts sur le terrain dans l&rsquo;exercice de leur profession, selon un d\u00e9compte de RSF.<\/p>\n","protected":false},"excerpt":{"rendered":"<p>Voici quelques r\u00e9actions politiques \u00e0 la mort du journaliste fran\u00e7ais Fr\u00e9d\u00e9ric Leclerc-Imhoff, tu\u00e9 alors qu&rsquo;il accompagnait des civils \u00e0 bord d&rsquo;un bus humanitaire (sur Twitter): &#8211; Gilles Le Gendre, ex-patron des d\u00e9put\u00e9s LREM: \u00ab\u00a0La mort du reporter Fr\u00e9d\u00e9ric Leclerc-Imhoff en Ukraine nous choque et nous \u00e9meut\u00a0\u00bb. &#8211; Jordan Bardella, pr\u00e9sident par int\u00e9rim du Rassemblement national: [&hellip;]<\/p>\n","protected":false},"author":2,"featured_media":21538,"comment_status":"open","ping_status":"open","sticky":false,"template":"","format":"standard","meta":{"_jetpack_memberships_contains_paid_content":false,"footnotes":"","jetpack_publicize_message":"","jetpack_publicize_feature_enabled":true,"jetpack_social_post_already_shared":true,"jetpack_social_options":{"image_generator_settings":{"template":"highway","default_image_id":0,"font":"","enabled":false},"version":2},"_wpas_customize_per_network":false},"categories":[405],"tags":[],"class_list":["post-21537","post","type-post","status-publish","format-standard","has-post-thumbnail","hentry","category-actu-france-monde"],"jetpack_publicize_connections":[],"jetpack_featured_media_url":"https:\/\/i0.wp.com\/www.iceagetv.com\/radiosite\/wp-content\/uploads\/2022\/05\/Un-journaliste-francais-travaillant-pour-BFM-TV.png?fit=618%2C273&ssl=1","jetpack_sharing_enabled":true,"_links":{"self":[{"href":"https:\/\/www.iceagetv.com\/radiosite\/wp-json\/wp\/v2\/posts\/21537","targetHints":{"allow":["GET"]}}],"collection":[{"href":"https:\/\/www.iceagetv.com\/radiosite\/wp-json\/wp\/v2\/posts"}],"about":[{"href":"https:\/\/www.iceagetv.com\/radiosite\/wp-json\/wp\/v2\/types\/post"}],"author":[{"embeddable":true,"href":"https:\/\/www.iceagetv.com\/radiosite\/wp-json\/wp\/v2\/users\/2"}],"replies":[{"embeddable":true,"href":"https:\/\/www.iceagetv.com\/radiosite\/wp-json\/wp\/v2\/comments?post=21537"}],"version-history":[{"count":1,"href":"https:\/\/www.iceagetv.com\/radiosite\/wp-json\/wp\/v2\/posts\/21537\/revisions"}],"predecessor-version":[{"id":21539,"href":"https:\/\/www.iceagetv.com\/radiosite\/wp-json\/wp\/v2\/posts\/21537\/revisions\/21539"}],"wp:featuredmedia":[{"embeddable":true,"href":"https:\/\/www.iceagetv.com\/radiosite\/wp-json\/wp\/v2\/media\/21538"}],"wp:attachment":[{"href":"https:\/\/www.iceagetv.com\/radiosite\/wp-json\/wp\/v2\/media?parent=21537"}],"wp:term":[{"taxonomy":"category","embeddable":true,"href":"https:\/\/www.iceagetv.com\/radiosite\/wp-json\/wp\/v2\/categories?post=21537"},{"taxonomy":"post_tag","embeddable":true,"href":"https:\/\/www.iceagetv.com\/radiosite\/wp-json\/wp\/v2\/tags?post=21537"}],"curies":[{"name":"wp","href":"https:\/\/api.w.org\/{rel}","templated":true}]}}