{"id":21561,"date":"2022-06-03T07:55:55","date_gmt":"2022-06-03T07:55:55","guid":{"rendered":"https:\/\/www.iceagetv.com\/radiosite\/?p=21561"},"modified":"2022-06-03T07:55:55","modified_gmt":"2022-06-03T07:55:55","slug":"usa-le-responsable-des-operations-lors-de-la-tuerie-dans-lecole-primaire-duvalde-na-pas-ete-informe-des-appels-desesperes-passes-par-les-enfants-pieges-a-linterieur","status":"publish","type":"post","link":"https:\/\/www.iceagetv.com\/radiosite\/usa-le-responsable-des-operations-lors-de-la-tuerie-dans-lecole-primaire-duvalde-na-pas-ete-informe-des-appels-desesperes-passes-par-les-enfants-pieges-a-linterieur\/","title":{"rendered":"USA : Le responsable des op\u00e9rations lors de la tuerie dans l&rsquo;\u00e9cole primaire d&rsquo;Uvalde n&rsquo;a pas \u00e9t\u00e9 inform\u00e9 des appels d\u00e9sesp\u00e9r\u00e9s pass\u00e9s par les enfants pi\u00e9g\u00e9s \u00e0 l&rsquo;int\u00e9rieur"},"content":{"rendered":"\n<p>Le chef policier responsable des op\u00e9rations lors de la tuerie dans l&rsquo;\u00e9cole primaire d&rsquo;Uvalde n&rsquo;avait pas \u00e9t\u00e9 inform\u00e9 des appels d\u00e9sesp\u00e9r\u00e9s pass\u00e9s par certains enfants pi\u00e9g\u00e9s \u00e0 l&rsquo;int\u00e9rieur du b\u00e2timent, a d\u00e9clar\u00e9 jeudi 2 juin un s\u00e9nateur du Texas. Les appels, re\u00e7us par la police de la ville d&rsquo;Uvalde, \u00abn&rsquo;ont pas \u00e9t\u00e9 transmis au commandant sur place, l&rsquo;agent (Pete) Arredondo\u00bb, qui est le chef de la police du district scolaire, a pr\u00e9cis\u00e9 le d\u00e9mocrate Roland Gutierrez, qui si\u00e8ge au S\u00e9nat de l&rsquo;\u00c9tat du Texas, lors d&rsquo;une conf\u00e9rence de presse. Il s&rsquo;agit \u00abd&rsquo;une d\u00e9faillance du syst\u00e8me\u00bb, a-t-il d\u00e9nonc\u00e9, expliquant ne pas savoir qui, exactement, avait connaissance de ces communications.<\/p>\n\n\n\n<p>L&rsquo;action de la police est au c\u0153ur des critiques depuis la tuerie, survenue le 24 mai dans l&rsquo;\u00e9cole primaire Robb.<\/p>\n\n\n\n<p>Dix-neuf enfants et deux enseignantes sont tomb\u00e9es sous les balles de Salvador Ramos, 18 ans \u00e0 peine, ce qui en fait l&rsquo;un des pires massacres de ces derni\u00e8res ann\u00e9es aux \u00c9tats-Unis. Les 19 agents qui se trouvaient dans un couloir de l&rsquo;\u00e9cole avaient attendu pendant pr\u00e8s de trois-quarts d&rsquo;heure alors que le tireur s&rsquo;\u00e9tait retranch\u00e9 dans une salle avec des \u00e9l\u00e8ves, avant qu&rsquo;une unit\u00e9 d&rsquo;\u00e9lite n&rsquo;entre finalement et le tue.<\/p>\n\n\n\n<p>Au total, les forces de l&rsquo;ordre ont mis environ une heure \u00e0 intervenir. Et ce alors que plusieurs appels avaient \u00e9t\u00e9 pass\u00e9s par des \u00e9coliers et des professeurs se trouvant dans les salles de classe touch\u00e9es, dont celui d&rsquo;une enfant implorant: \u00abS&rsquo;il vous pla\u00eet, envoyez la police maintenant.\u00bb La semaine derni\u00e8re, le directeur du d\u00e9partement de la s\u00e9curit\u00e9 publique du Texas, Steven McCraw, avait affirm\u00e9 que les agents n&rsquo;\u00e9taient pas intervenus plus t\u00f4t car ils pensaient \u00abqu&rsquo;il n&rsquo;y avait peut-\u00eatre plus de survivant\u00bb &#8211; sans expliquer qui avait connaissance de ces appels au secours venant de l&rsquo;int\u00e9rieur de l&rsquo;\u00e9cole<\/p>\n","protected":false},"excerpt":{"rendered":"<p>Le chef policier responsable des op\u00e9rations lors de la tuerie dans l&rsquo;\u00e9cole primaire d&rsquo;Uvalde n&rsquo;avait pas \u00e9t\u00e9 inform\u00e9 des appels d\u00e9sesp\u00e9r\u00e9s pass\u00e9s par certains enfants pi\u00e9g\u00e9s \u00e0 l&rsquo;int\u00e9rieur du b\u00e2timent, a d\u00e9clar\u00e9 jeudi 2 juin un s\u00e9nateur du Texas. Les appels, re\u00e7us par la police de la ville d&rsquo;Uvalde, \u00abn&rsquo;ont pas \u00e9t\u00e9 transmis au commandant [&hellip;]<\/p>\n","protected":false},"author":2,"featured_media":21562,"comment_status":"open","ping_status":"open","sticky":false,"template":"","format":"standard","meta":{"_jetpack_memberships_contains_paid_content":false,"footnotes":"","jetpack_publicize_message":"","jetpack_publicize_feature_enabled":true,"jetpack_social_post_already_shared":true,"jetpack_social_options":{"image_generator_settings":{"template":"highway","default_image_id":0,"font":"","enabled":false},"version":2},"_wpas_customize_per_network":false},"categories":[405],"tags":[],"class_list":["post-21561","post","type-post","status-publish","format-standard","has-post-thumbnail","hentry","category-actu-france-monde"],"jetpack_publicize_connections":[],"jetpack_featured_media_url":"https:\/\/i0.wp.com\/www.iceagetv.com\/radiosite\/wp-content\/uploads\/2022\/06\/Le-responsable-des-operations-lors-de-la-tuerie-dans-lecole-primaire-dUvalde.jpg?fit=679%2C293&ssl=1","jetpack_sharing_enabled":true,"_links":{"self":[{"href":"https:\/\/www.iceagetv.com\/radiosite\/wp-json\/wp\/v2\/posts\/21561","targetHints":{"allow":["GET"]}}],"collection":[{"href":"https:\/\/www.iceagetv.com\/radiosite\/wp-json\/wp\/v2\/posts"}],"about":[{"href":"https:\/\/www.iceagetv.com\/radiosite\/wp-json\/wp\/v2\/types\/post"}],"author":[{"embeddable":true,"href":"https:\/\/www.iceagetv.com\/radiosite\/wp-json\/wp\/v2\/users\/2"}],"replies":[{"embeddable":true,"href":"https:\/\/www.iceagetv.com\/radiosite\/wp-json\/wp\/v2\/comments?post=21561"}],"version-history":[{"count":1,"href":"https:\/\/www.iceagetv.com\/radiosite\/wp-json\/wp\/v2\/posts\/21561\/revisions"}],"predecessor-version":[{"id":21563,"href":"https:\/\/www.iceagetv.com\/radiosite\/wp-json\/wp\/v2\/posts\/21561\/revisions\/21563"}],"wp:featuredmedia":[{"embeddable":true,"href":"https:\/\/www.iceagetv.com\/radiosite\/wp-json\/wp\/v2\/media\/21562"}],"wp:attachment":[{"href":"https:\/\/www.iceagetv.com\/radiosite\/wp-json\/wp\/v2\/media?parent=21561"}],"wp:term":[{"taxonomy":"category","embeddable":true,"href":"https:\/\/www.iceagetv.com\/radiosite\/wp-json\/wp\/v2\/categories?post=21561"},{"taxonomy":"post_tag","embeddable":true,"href":"https:\/\/www.iceagetv.com\/radiosite\/wp-json\/wp\/v2\/tags?post=21561"}],"curies":[{"name":"wp","href":"https:\/\/api.w.org\/{rel}","templated":true}]}}