{"id":2158,"date":"2015-06-09T16:23:10","date_gmt":"2015-06-09T16:23:10","guid":{"rendered":"http:\/\/www.iceagetv.com\/radiosite\/?p=2158"},"modified":"2015-06-09T16:23:10","modified_gmt":"2015-06-09T16:23:10","slug":"le-journaliste-michel-lis-dit-michel-le-jardinier-est-decede-a-lage-de-78-ans-apres-avoir-marque-la-radio","status":"publish","type":"post","link":"https:\/\/www.iceagetv.com\/radiosite\/le-journaliste-michel-lis-dit-michel-le-jardinier-est-decede-a-lage-de-78-ans-apres-avoir-marque-la-radio\/","title":{"rendered":"Le journaliste Michel Lis, dit \u00ab\u00a0Michel le jardinier\u00a0\u00bb est d\u00e9c\u00e9d\u00e9 \u00e0 l&rsquo;\u00e2ge de 78 ans apr\u00e8s avoir marqu\u00e9 la radio"},"content":{"rendered":"<p>\n\tLe journaliste Michel Lis, dit &quot;Michel le jardinier&quot;, du nom de la chronique qu&#39;il a anim&eacute;e de 1972 &agrave; 2005 sur France Inter, est d&eacute;c&eacute;d&eacute; mardi &agrave; Paris &agrave; l&#39;&acirc;ge de 78 ans, a annonc&eacute; Radio France.\n<\/p>\n<p>\n\t&quot;A partir de 1972 et pendant plus de trente ans, il est (&#8230;) le producteur et l&#39;animateur de La minute du jardinier qui deviendra la c&eacute;l&egrave;bre +Michel le jardinier+&quot;, rappelle France Inter sur son site.\n<\/p>\n<p>\n\t&quot;Eve Ruggieri cherchait une id&eacute;e pour int&eacute;resser les auditeurs de France Inter avant le week-end.\n<\/p>\n<p>\n\tOn a pens&eacute; au jardinage et elle a fini par me le proposer, presque par hasard. C&#39;est aussi elle qui a trouv&eacute; le surnom qui me colle toujours &agrave; la peau : Moustache verte&quot;, expliquait-il en 2003 au Parisien.\n<\/p>\n<p>\n\tMichel Lis a aussi tenu une chronique jardinage entre 1987 et 2005 sur France Info.\n<\/p>\n<p>\n\tAu cours de sa carri&egrave;re, il a &eacute;t&eacute; &eacute;galement directeur de la revue 30 millions d&#39;amis, des programmes de Radio France Bordeaux Gironde et chroniqueur sp&eacute;cialiste du jardinage sur France 2 notamment.\n<\/p>\n<p>\n\tMichel Lis avait termin&eacute; sa carri&egrave;re &agrave; France Bleu La Rochelle en 2012, o&ugrave; il animait une &eacute;mission de jardinage. rba\/na\/ep<\/p>\n","protected":false},"excerpt":{"rendered":"<p>Le journaliste Michel Lis, dit &quot;Michel le jardinier&quot;, du nom de la chronique qu&#39;il a anim&eacute;e de 1972 &agrave; 2005 sur France Inter, est d&eacute;c&eacute;d&eacute; mardi &agrave; Paris &agrave; l&#39;&acirc;ge de 78 ans, a annonc&eacute; Radio France. &quot;A partir de 1972 et pendant plus de trente ans, il est (&#8230;) le producteur et l&#39;animateur de [&hellip;]<\/p>\n","protected":false},"author":2,"featured_media":2159,"comment_status":"open","ping_status":"open","sticky":false,"template":"","format":"standard","meta":{"_jetpack_memberships_contains_paid_content":false,"footnotes":"","jetpack_publicize_message":"","jetpack_publicize_feature_enabled":true,"jetpack_social_post_already_shared":false,"jetpack_social_options":{"image_generator_settings":{"template":"highway","default_image_id":0,"font":"","enabled":false},"version":2},"_wpas_customize_per_network":false},"categories":[68],"tags":[502],"class_list":["post-2158","post","type-post","status-publish","format-standard","has-post-thumbnail","hentry","category-actu-culturelle","tag-michel-lis"],"jetpack_publicize_connections":[],"jetpack_featured_media_url":"https:\/\/i0.wp.com\/www.iceagetv.com\/radiosite\/wp-content\/uploads\/2015\/06\/Michel-Lis.jpg?fit=628%2C288&ssl=1","jetpack_sharing_enabled":true,"_links":{"self":[{"href":"https:\/\/www.iceagetv.com\/radiosite\/wp-json\/wp\/v2\/posts\/2158","targetHints":{"allow":["GET"]}}],"collection":[{"href":"https:\/\/www.iceagetv.com\/radiosite\/wp-json\/wp\/v2\/posts"}],"about":[{"href":"https:\/\/www.iceagetv.com\/radiosite\/wp-json\/wp\/v2\/types\/post"}],"author":[{"embeddable":true,"href":"https:\/\/www.iceagetv.com\/radiosite\/wp-json\/wp\/v2\/users\/2"}],"replies":[{"embeddable":true,"href":"https:\/\/www.iceagetv.com\/radiosite\/wp-json\/wp\/v2\/comments?post=2158"}],"version-history":[{"count":1,"href":"https:\/\/www.iceagetv.com\/radiosite\/wp-json\/wp\/v2\/posts\/2158\/revisions"}],"predecessor-version":[{"id":2160,"href":"https:\/\/www.iceagetv.com\/radiosite\/wp-json\/wp\/v2\/posts\/2158\/revisions\/2160"}],"wp:featuredmedia":[{"embeddable":true,"href":"https:\/\/www.iceagetv.com\/radiosite\/wp-json\/wp\/v2\/media\/2159"}],"wp:attachment":[{"href":"https:\/\/www.iceagetv.com\/radiosite\/wp-json\/wp\/v2\/media?parent=2158"}],"wp:term":[{"taxonomy":"category","embeddable":true,"href":"https:\/\/www.iceagetv.com\/radiosite\/wp-json\/wp\/v2\/categories?post=2158"},{"taxonomy":"post_tag","embeddable":true,"href":"https:\/\/www.iceagetv.com\/radiosite\/wp-json\/wp\/v2\/tags?post=2158"}],"curies":[{"name":"wp","href":"https:\/\/api.w.org\/{rel}","templated":true}]}}