{"id":21593,"date":"2022-06-06T08:14:58","date_gmt":"2022-06-06T08:14:58","guid":{"rendered":"https:\/\/www.iceagetv.com\/radiosite\/?p=21593"},"modified":"2022-06-06T08:14:58","modified_gmt":"2022-06-06T08:14:58","slug":"refus-dobtemperer-a-paris-les-3-policiers-en-garde-a-vue-alors-que-la-passagere-est-morte-cette-nuit-jean-luc-melenchon-sen-prend-aux-forces-de-lordre-la-police-tue","status":"publish","type":"post","link":"https:\/\/www.iceagetv.com\/radiosite\/refus-dobtemperer-a-paris-les-3-policiers-en-garde-a-vue-alors-que-la-passagere-est-morte-cette-nuit-jean-luc-melenchon-sen-prend-aux-forces-de-lordre-la-police-tue\/","title":{"rendered":"Refus d&rsquo;obtemp\u00e9rer \u00e0 Paris : Les 3 policiers en garde \u00e0 vue alors que la passag\u00e8re est morte cette nuit &#8211; Jean-Luc M\u00e9lenchon s&rsquo;en prend aux forces de l&rsquo;ordre : \u00ab\u00a0La police tue"},"content":{"rendered":"\n<p>Les trois policiers qui ont tir\u00e9 samedi sur une voiture \u00e0 Paris, blessant gri\u00e8vement le conducteur et sa passag\u00e8re, ont \u00e9t\u00e9 plac\u00e9s dimanche apr\u00e8s-midi en garde \u00e0 vue \u00e0 l\u2019Inspection g\u00e9n\u00e9rale de la police nationale (IGPN). La passag\u00e8re est finalement d\u00e9c\u00e9d\u00e9e ce dimanche, tandis que l\u2019\u00e9tat de sant\u00e9 de l\u2019homme, bless\u00e9 au thorax, s\u2019est am\u00e9lior\u00e9.<\/p>\n\n\n\n<p>Les trois policiers auditionn\u00e9s sont deux hommes et une femme. Leurs gardes \u00e0 vue peut durer jusqu\u2019\u00e0 quarante-huit heures. Elles se justifient notamment au regard de la gravit\u00e9 des blessures. Deux enqu\u00eates ont \u00e9t\u00e9 ouvertes, l\u2019une confi\u00e9e \u00e0 l\u2019IGPN visant les policiers, l\u2019autre \u00e0 la police judiciaire parisienne visant les occupants de la voiture pour tentative d\u2019homicide sur personnes d\u00e9positaires de l\u2019autorit\u00e9 publique.<\/p>\n\n\n\n<p>Mais c&rsquo;est d\u00e9sormais sur le plan politique que se place le d\u00e9bat apr\u00e8s un tweet de Jean-Luc M\u00e9lenchon qui affirme que la \u00ab\u00a0police tue\u00a0\u00bb et s&rsquo;en prend au syndicat de police \u00ab\u00a0Alliance\u00a0\u00bb le traitant de \u00ab\u00a0groupe factieux\u00a0\u00bb.&nbsp;<\/p>\n\n\n\n<p>Deux enqu\u00eates ont \u00e9t\u00e9 ouvertes, l&rsquo;une confi\u00e9e \u00e0 l&rsquo;IGPN visant les policiers, l&rsquo;autre \u00e0 la police judiciaire parisienne visant les occupants de la voiture pour tentative d&rsquo;homicide sur personnes d\u00e9positaires de l&rsquo;autorit\u00e9 publique.<\/p>\n\n\n\n<p>\u00ab\u00a0Certains des occupants sont connus des services. Ils disent avoir consomm\u00e9 de l&rsquo;alcool et du cannabis\u00a0\u00bb, avait rapport\u00e9 une autre source proche du dossier.<\/p>\n\n\n\n<p>\u00ab\u00a0Encore un abus de pouvoir inacceptable. La peine de mort pour un refus d&rsquo;obtemp\u00e9rer. Le pr\u00e9fet approuve ? Le ministre f\u00e9licite ? La honte c&rsquo;est quand ?\u00a0\u00bb, a tweet\u00e9&nbsp; le chef de file de la France Insoumise Jean-Luc M\u00e9lenchon, \u00e0 une semaine du premier tour des \u00e9lections l\u00e9gislatives.<\/p>\n\n\n\n<p>Le pronostic vital du conducteur, \u00e2g\u00e9 de 38 ans et touch\u00e9 au thorax, n&rsquo;\u00e9tait plus engag\u00e9 dimanche soir.<\/p>\n","protected":false},"excerpt":{"rendered":"<p>Les trois policiers qui ont tir\u00e9 samedi sur une voiture \u00e0 Paris, blessant gri\u00e8vement le conducteur et sa passag\u00e8re, ont \u00e9t\u00e9 plac\u00e9s dimanche apr\u00e8s-midi en garde \u00e0 vue \u00e0 l\u2019Inspection g\u00e9n\u00e9rale de la police nationale (IGPN). La passag\u00e8re est finalement d\u00e9c\u00e9d\u00e9e ce dimanche, tandis que l\u2019\u00e9tat de sant\u00e9 de l\u2019homme, bless\u00e9 au thorax, s\u2019est am\u00e9lior\u00e9. [&hellip;]<\/p>\n","protected":false},"author":2,"featured_media":21594,"comment_status":"open","ping_status":"open","sticky":false,"template":"","format":"standard","meta":{"_jetpack_memberships_contains_paid_content":false,"footnotes":"","jetpack_publicize_message":"","jetpack_publicize_feature_enabled":true,"jetpack_social_post_already_shared":true,"jetpack_social_options":{"image_generator_settings":{"template":"highway","default_image_id":0,"font":"","enabled":false},"version":2},"_wpas_customize_per_network":false},"categories":[405],"tags":[],"class_list":["post-21593","post","type-post","status-publish","format-standard","has-post-thumbnail","hentry","category-actu-france-monde"],"jetpack_publicize_connections":[],"jetpack_featured_media_url":"https:\/\/i0.wp.com\/www.iceagetv.com\/radiosite\/wp-content\/uploads\/2022\/06\/Refus-dobtemperer-a-Paris.png?fit=872%2C377&ssl=1","jetpack_sharing_enabled":true,"_links":{"self":[{"href":"https:\/\/www.iceagetv.com\/radiosite\/wp-json\/wp\/v2\/posts\/21593","targetHints":{"allow":["GET"]}}],"collection":[{"href":"https:\/\/www.iceagetv.com\/radiosite\/wp-json\/wp\/v2\/posts"}],"about":[{"href":"https:\/\/www.iceagetv.com\/radiosite\/wp-json\/wp\/v2\/types\/post"}],"author":[{"embeddable":true,"href":"https:\/\/www.iceagetv.com\/radiosite\/wp-json\/wp\/v2\/users\/2"}],"replies":[{"embeddable":true,"href":"https:\/\/www.iceagetv.com\/radiosite\/wp-json\/wp\/v2\/comments?post=21593"}],"version-history":[{"count":1,"href":"https:\/\/www.iceagetv.com\/radiosite\/wp-json\/wp\/v2\/posts\/21593\/revisions"}],"predecessor-version":[{"id":21595,"href":"https:\/\/www.iceagetv.com\/radiosite\/wp-json\/wp\/v2\/posts\/21593\/revisions\/21595"}],"wp:featuredmedia":[{"embeddable":true,"href":"https:\/\/www.iceagetv.com\/radiosite\/wp-json\/wp\/v2\/media\/21594"}],"wp:attachment":[{"href":"https:\/\/www.iceagetv.com\/radiosite\/wp-json\/wp\/v2\/media?parent=21593"}],"wp:term":[{"taxonomy":"category","embeddable":true,"href":"https:\/\/www.iceagetv.com\/radiosite\/wp-json\/wp\/v2\/categories?post=21593"},{"taxonomy":"post_tag","embeddable":true,"href":"https:\/\/www.iceagetv.com\/radiosite\/wp-json\/wp\/v2\/tags?post=21593"}],"curies":[{"name":"wp","href":"https:\/\/api.w.org\/{rel}","templated":true}]}}