{"id":21600,"date":"2022-06-06T08:23:14","date_gmt":"2022-06-06T08:23:14","guid":{"rendered":"https:\/\/www.iceagetv.com\/radiosite\/?p=21600"},"modified":"2022-06-06T08:23:14","modified_gmt":"2022-06-06T08:23:14","slug":"rafael-nadal-vainqueur-de-roland-garros-ma-priorite-est-de-continuer-le-tennis","status":"publish","type":"post","link":"https:\/\/www.iceagetv.com\/radiosite\/rafael-nadal-vainqueur-de-roland-garros-ma-priorite-est-de-continuer-le-tennis\/","title":{"rendered":"Rafael Nadal, vainqueur de Roland-Garros : \u00abMa priorit\u00e9 est de continuer le tennis\u00bb"},"content":{"rendered":"\n<p><strong>Vainqueur de Roland-Garros pour la 14e fois, Rafael Nadal a fait sensation sur les courts de terre battue Porte d&rsquo;Auteuil. La star espagnole s&rsquo;est confi\u00e9e au micro d&rsquo;Europe 1 sur le tournoi, ses envies et les rumeurs qui entourent sa retraite et assure une fois de plus que non, il n&rsquo;a pas dit son dernier mot.<\/strong><\/p>\n\n\n\n<p>Rafael Nadal n&rsquo;est pas pr\u00eat \u00e0 dire au revoir au&nbsp;tennis. La star espagnole a&nbsp;<a href=\"https:\/\/www.europe1.fr\/sport\/quel-est-ce-syndrome-de-muller-weiss-dont-souffre-rafael-nadal-4115763\" target=\"_blank\" rel=\"noreferrer noopener\">remport\u00e9 ce dimanche son 14e titre \u00e0 Roland-Garros<\/a>. Une prouesse pour le joueur,&nbsp;<a href=\"https:\/\/www.europe1.fr\/sport\/quel-est-ce-syndrome-de-muller-weiss-dont-souffre-rafael-nadal-4115763\" target=\"_blank\" rel=\"noreferrer noopener\">qui souffre du&nbsp;syndrome de M\u00fcller-Weiss<\/a>. Quels sont aujourd&rsquo;hui les plans du sportif, qui a f\u00eat\u00e9 pendant le tournoi ses 36 ans ? Interrog\u00e9 au micro d&rsquo;Europe 1, Rafael Nadal a assur\u00e9 ne pas avoir dit son dernier mot.<\/p>\n\n\n\n<p>\u00ab\u00a0Ma priorit\u00e9, c&rsquo;est de continuer\u00a0\u00bb, a assur\u00e9 Rafael Nadal. \u00ab\u00a0Mais j&rsquo;ai besoin de savoir comment les choses vont \u00e9voluer. J&rsquo;ai toujours ador\u00e9 le fait d&rsquo;\u00eatre un joueur de tennis. J&rsquo;adore mon m\u00e9tier, j&rsquo;adore ce que je fais. Donc ma motivation, c&rsquo;est de continuer si mon pied me le permet.\u00a0\u00bb<\/p>\n\n\n\n<h2 class=\"wp-block-heading\">Roland-Garros est un endroit magique\u00a0\u00bb<\/h2>\n\n\n\n<p>Ce lundi, Rafael Nadal rentre \u00e0 Majorque des \u00e9toiles dans les yeux. Le champion a tenu \u00e0 remercier le public pour son soutien inconditionnel. \u00ab\u00a0Roland-Garros est pour moi l&rsquo;endroit le plus sp\u00e9cial de toute ma carri\u00e8re de joueur de tennis\u00a0\u00bb, a confi\u00e9 l&rsquo;<a href=\"https:\/\/www.europe1.fr\/sport\/roland-garros-les-habitants-de-majorque-attendent-le-retour-du-champion-rafael-nadal-4115788\" target=\"_blank\" rel=\"noreferrer noopener\">Espagnol originaire de Manacor<\/a>. \u00ab\u00a0C&rsquo;est un endroit magique. Tout ce que j&rsquo;ai v\u00e9cu ici est unique. Et cette ann\u00e9e, c&rsquo;est encore plus sp\u00e9cial que d&rsquo;habitude. Ce tournoi avec le troph\u00e9e dans les mains donne du sens \u00e0 tous les efforts que j&rsquo;ai \u00e9t\u00e9 capable de faire.\u00a0\u00bb<\/p>\n","protected":false},"excerpt":{"rendered":"<p>Vainqueur de Roland-Garros pour la 14e fois, Rafael Nadal a fait sensation sur les courts de terre battue Porte d&rsquo;Auteuil. La star espagnole s&rsquo;est confi\u00e9e au micro d&rsquo;Europe 1 sur le tournoi, ses envies et les rumeurs qui entourent sa retraite et assure une fois de plus que non, il n&rsquo;a pas dit son dernier [&hellip;]<\/p>\n","protected":false},"author":2,"featured_media":21601,"comment_status":"open","ping_status":"open","sticky":false,"template":"","format":"standard","meta":{"_jetpack_memberships_contains_paid_content":false,"footnotes":"","jetpack_publicize_message":"","jetpack_publicize_feature_enabled":true,"jetpack_social_post_already_shared":true,"jetpack_social_options":{"image_generator_settings":{"template":"highway","default_image_id":0,"font":"","enabled":false},"version":2},"_wpas_customize_per_network":false},"categories":[405],"tags":[],"class_list":["post-21600","post","type-post","status-publish","format-standard","has-post-thumbnail","hentry","category-actu-france-monde"],"jetpack_publicize_connections":[],"jetpack_featured_media_url":"https:\/\/i0.wp.com\/www.iceagetv.com\/radiosite\/wp-content\/uploads\/2022\/06\/Rafael-Nadal-vainqueur-de-Roland-Garros.jpg?fit=680%2C340&ssl=1","jetpack_sharing_enabled":true,"_links":{"self":[{"href":"https:\/\/www.iceagetv.com\/radiosite\/wp-json\/wp\/v2\/posts\/21600","targetHints":{"allow":["GET"]}}],"collection":[{"href":"https:\/\/www.iceagetv.com\/radiosite\/wp-json\/wp\/v2\/posts"}],"about":[{"href":"https:\/\/www.iceagetv.com\/radiosite\/wp-json\/wp\/v2\/types\/post"}],"author":[{"embeddable":true,"href":"https:\/\/www.iceagetv.com\/radiosite\/wp-json\/wp\/v2\/users\/2"}],"replies":[{"embeddable":true,"href":"https:\/\/www.iceagetv.com\/radiosite\/wp-json\/wp\/v2\/comments?post=21600"}],"version-history":[{"count":1,"href":"https:\/\/www.iceagetv.com\/radiosite\/wp-json\/wp\/v2\/posts\/21600\/revisions"}],"predecessor-version":[{"id":21602,"href":"https:\/\/www.iceagetv.com\/radiosite\/wp-json\/wp\/v2\/posts\/21600\/revisions\/21602"}],"wp:featuredmedia":[{"embeddable":true,"href":"https:\/\/www.iceagetv.com\/radiosite\/wp-json\/wp\/v2\/media\/21601"}],"wp:attachment":[{"href":"https:\/\/www.iceagetv.com\/radiosite\/wp-json\/wp\/v2\/media?parent=21600"}],"wp:term":[{"taxonomy":"category","embeddable":true,"href":"https:\/\/www.iceagetv.com\/radiosite\/wp-json\/wp\/v2\/categories?post=21600"},{"taxonomy":"post_tag","embeddable":true,"href":"https:\/\/www.iceagetv.com\/radiosite\/wp-json\/wp\/v2\/tags?post=21600"}],"curies":[{"name":"wp","href":"https:\/\/api.w.org\/{rel}","templated":true}]}}