{"id":21614,"date":"2022-06-07T18:24:57","date_gmt":"2022-06-07T18:24:57","guid":{"rendered":"http:\/\/www.iceagetv.com\/radiosite\/?p=21614"},"modified":"2022-06-07T18:24:57","modified_gmt":"2022-06-07T18:24:57","slug":"refus-dobtemperer-a-paris-une-information-judiciaire-ouverte-par-le-parquet-de-paris-a-lencontre-des-trois-policiers-le-conducteur-du-vehicule-place-en-garde-a-vue","status":"publish","type":"post","link":"https:\/\/www.iceagetv.com\/radiosite\/refus-dobtemperer-a-paris-une-information-judiciaire-ouverte-par-le-parquet-de-paris-a-lencontre-des-trois-policiers-le-conducteur-du-vehicule-place-en-garde-a-vue\/","title":{"rendered":"Refus d&rsquo;obtemp\u00e9rer \u00e0 Paris: Une information judiciaire ouverte par le parquet de Paris \u00e0 l&rsquo;encontre des trois policiers &#8211; Le conducteur du v\u00e9hicule plac\u00e9 en garde \u00e0 vue"},"content":{"rendered":"\n<p><strong>Le point sur ce que l&rsquo;on sait<\/strong><\/p>\n\n\n\n<p>Le conducteur soup\u00e7onn\u00e9 d\u2019avoir refus\u00e9 un contr\u00f4le de police samedi \u00e0 Paris a \u00e9t\u00e9 plac\u00e9 mardi en garde \u00e0 vue dans l\u2019enqu\u00eate ouverte notamment pour \u00ab tentative d\u2019homicide sur personne d\u00e9positaire de l\u2019autorit\u00e9 publique \u00bb, a annonc\u00e9 la procureure de Paris. L\u2019enqu\u00eate est \u00e9galement ouverte pour \u00ab refus d\u2019obtemp\u00e9rer aggrav\u00e9 par la mise en danger d\u2019autrui, conduite malgr\u00e9 annulation du permis de conduire et conduite sous l\u2019empire d\u2019un \u00e9tat alcoolique et apr\u00e8s avoir fait usage de substances class\u00e9es comme stup\u00e9fiants \u00bb, selon un communiqu\u00e9 de Laure Beccuau. Elle est confi\u00e9e au 2e district de police judiciaire de la direction r\u00e9gionale de la police judiciaire.<\/p>\n\n\n\n<p>Par ailleurs, la garde \u00e0 vue des trois policiers ayant fait usage de leur arme, deux hommes de 23 et 32 ans et une femme de 31 ans, causant la mort d\u2019une passag\u00e8re du v\u00e9hicule et blessant gri\u00e8vement son conducteur, a \u00e9t\u00e9 lev\u00e9e apr\u00e8s quarante-huit heures pour \u00ab poursuite des investigations \u00bb. Celles-ci sont d\u00e9sormais confi\u00e9e \u00e0 un juge d\u2019instruction.<\/p>\n\n\n\n<p>L\u2019information judiciaire a \u00e9t\u00e9 ouverte notamment pour \u00ab violences volontaires ayant entra\u00een\u00e9 la mort sans intention de la donner \u00bb, \u00ab violences volontaires avec usage ou menace d\u2019une arme ayant entra\u00een\u00e9 une incapacit\u00e9 totale de travail de plus de huit jours \u00bb d\u2019une part et \u00ab n\u2019ayant pas entra\u00een\u00e9 d\u2019incapacit\u00e9 totale de travail \u00bb d\u2019autre part, par personne d\u00e9positaire de l\u2019autorit\u00e9 publique. Elle a \u00e9t\u00e9 ouverte \u00e0 l\u2019encontre des trois policiers \u00ab au terme des premi\u00e8res investigations r\u00e9alis\u00e9es par l\u2019IGPN, au vu de la n\u00e9cessit\u00e9 de proc\u00e9der \u00e0 diverses auditions indispensables \u00e0 la manifestation de la v\u00e9rit\u00e9 et dans l\u2019attente des r\u00e9sultats d\u2019examens techniques qui permettront de pr\u00e9ciser l\u2019imputabilit\u00e9 des faits aux personnes impliqu\u00e9es \u00bb.<\/p>\n\n\n\n<p>Selon la procureure, la proc\u00e9dure \u00ab permettra de retracer avec pr\u00e9cision le d\u00e9roulement des faits et de d\u00e9terminer les circonstances exactes d\u2019usage de leur arme par les policiers. \u00bb Un appel \u00e0 t\u00e9moin doit \u00eatre lanc\u00e9 dans la journ\u00e9e par l\u2019IGPN (Inspection g\u00e9n\u00e9rale de la police nationale) \u00e0 la demande du parquet de Paris.<\/p>\n\n\n\n<p><strong>Le conducteur du v\u00e9hicule a \u00e9t\u00e9 plac\u00e9 en garde \u00e0 vue, annonce la procureure de la R\u00e9publique de Paris.&nbsp;<\/strong>Les faits se sont d\u00e9roul\u00e9s dans le XVIIIe arrondissement samedi en fin de matin\u00e9e, lorsque des fonctionnaires \u00e0 VTT ont voulu contr\u00f4ler \u00ab une voiture avec quatre passagers dont l\u2019un ne portait pas sa ceinture de s\u00e9curit\u00e9 \u00bb, a relat\u00e9 une source polici\u00e8re.<\/p>\n\n\n\n<p>Alors qu\u2019ils s\u2019en approchaient, la voiture a pris la fuite. Un peu plus loin, alors que les policiers tentaient \u00e0 nouveau de le contr\u00f4ler, le conducteur aurait d\u00e9marr\u00e9 et \u00ab fonc\u00e9 \u00bb sur les policiers qui, selon la police, ont fait usage de leurs armes et atteint le conducteur et une passag\u00e8re.<\/p>\n\n\n\n<p>Neuf cartouches auraient \u00e9t\u00e9 tir\u00e9es, mais des expertises balistiques compl\u00e9mentaires devraient avoir lieu. Les deux passagers arri\u00e8re n\u2019ont pas \u00e9t\u00e9 atteints. Ils ont depuis \u00e9t\u00e9 entendus par les enqu\u00eateurs. L\u2019un d\u2019entre eux a racont\u00e9 sur RTL que le conducteur, sans permis, avait \u00ab avanc\u00e9 un peu \u00bb et \u00ab ne s\u2019est pas arr\u00eat\u00e9 \u00bb quand un policier le lui a ordonn\u00e9.<\/p>\n\n\n\n<p>Le v\u00e9hicule s\u2019est retrouv\u00e9 dans \u00ab un genre d\u2019embouteillage \u00bb et des coups de feu ont \u00e9t\u00e9 tir\u00e9s. \u00ab Mon ami a remis la premi\u00e8re et a red\u00e9marr\u00e9 apr\u00e8s les coups de feu \u00bb, a assur\u00e9 cet homme. Le conducteur purgeait une peine et b\u00e9n\u00e9ficiait d\u2019un am\u00e9nagement en semi-libert\u00e9, selon une source proche de l\u2019enqu\u00eate.<\/p>\n","protected":false},"excerpt":{"rendered":"<p>Le point sur ce que l&rsquo;on sait Le conducteur soup\u00e7onn\u00e9 d\u2019avoir refus\u00e9 un contr\u00f4le de police samedi \u00e0 Paris a \u00e9t\u00e9 plac\u00e9 mardi en garde \u00e0 vue dans l\u2019enqu\u00eate ouverte notamment pour \u00ab tentative d\u2019homicide sur personne d\u00e9positaire de l\u2019autorit\u00e9 publique \u00bb, a annonc\u00e9 la procureure de Paris. L\u2019enqu\u00eate est \u00e9galement ouverte pour \u00ab refus [&hellip;]<\/p>\n","protected":false},"author":2,"featured_media":21615,"comment_status":"open","ping_status":"open","sticky":false,"template":"","format":"standard","meta":{"_jetpack_memberships_contains_paid_content":false,"footnotes":"","jetpack_publicize_message":"","jetpack_publicize_feature_enabled":true,"jetpack_social_post_already_shared":true,"jetpack_social_options":{"image_generator_settings":{"template":"highway","default_image_id":0,"font":"","enabled":false},"version":2},"_wpas_customize_per_network":false},"categories":[405],"tags":[],"class_list":["post-21614","post","type-post","status-publish","format-standard","has-post-thumbnail","hentry","category-actu-france-monde"],"jetpack_publicize_connections":[],"jetpack_featured_media_url":"https:\/\/i0.wp.com\/www.iceagetv.com\/radiosite\/wp-content\/uploads\/2022\/06\/Refus-dobtemperer-a-Paris.jpg?fit=679%2C293&ssl=1","jetpack_sharing_enabled":true,"_links":{"self":[{"href":"https:\/\/www.iceagetv.com\/radiosite\/wp-json\/wp\/v2\/posts\/21614","targetHints":{"allow":["GET"]}}],"collection":[{"href":"https:\/\/www.iceagetv.com\/radiosite\/wp-json\/wp\/v2\/posts"}],"about":[{"href":"https:\/\/www.iceagetv.com\/radiosite\/wp-json\/wp\/v2\/types\/post"}],"author":[{"embeddable":true,"href":"https:\/\/www.iceagetv.com\/radiosite\/wp-json\/wp\/v2\/users\/2"}],"replies":[{"embeddable":true,"href":"https:\/\/www.iceagetv.com\/radiosite\/wp-json\/wp\/v2\/comments?post=21614"}],"version-history":[{"count":1,"href":"https:\/\/www.iceagetv.com\/radiosite\/wp-json\/wp\/v2\/posts\/21614\/revisions"}],"predecessor-version":[{"id":21616,"href":"https:\/\/www.iceagetv.com\/radiosite\/wp-json\/wp\/v2\/posts\/21614\/revisions\/21616"}],"wp:featuredmedia":[{"embeddable":true,"href":"https:\/\/www.iceagetv.com\/radiosite\/wp-json\/wp\/v2\/media\/21615"}],"wp:attachment":[{"href":"https:\/\/www.iceagetv.com\/radiosite\/wp-json\/wp\/v2\/media?parent=21614"}],"wp:term":[{"taxonomy":"category","embeddable":true,"href":"https:\/\/www.iceagetv.com\/radiosite\/wp-json\/wp\/v2\/categories?post=21614"},{"taxonomy":"post_tag","embeddable":true,"href":"https:\/\/www.iceagetv.com\/radiosite\/wp-json\/wp\/v2\/tags?post=21614"}],"curies":[{"name":"wp","href":"https:\/\/api.w.org\/{rel}","templated":true}]}}